{"id":310153,"date":"2025-12-27T16:23:13","date_gmt":"2025-12-27T16:23:13","guid":{"rendered":"https:\/\/www.europesays.com\/es\/310153\/"},"modified":"2025-12-27T16:23:13","modified_gmt":"2025-12-27T16:23:13","slug":"telecinco-inicia-la-promocion-de-casados-a-primera-vista-y-calienta-el-regreso-de-el-precio-justo-y-alla-tu","status":"publish","type":"post","link":"https:\/\/www.europesays.com\/es\/310153\/","title":{"rendered":"Telecinco inicia la promoci\u00f3n de &#8216;Casados a primera vista&#8217; y calienta el regreso de &#8216;El precio justo&#8217; y &#8216;\u00a1All\u00e1 t\u00fa!&#8217;"},"content":{"rendered":"<p class=\"article-text\">\n        Tras un a\u00f1o <a href=\"https:\/\/www.eldiario.es\/vertele\/audiencias-tv\/noviembre-2025-antena-3-lidera-la-1-bate-records-seguir-acecho-telecinco-continua-capacidad-reaccionar-lasexta-cuatro_1_12801910.html\" target=\"_blank\" data-mrf-recirculation=\"links-noticia\" class=\"link\" rel=\"nofollow noopener\">de capa ca\u00edda<\/a>, <strong>Telecinco <\/strong>pretende atraer al p\u00fablico en 2026 con una bater\u00eda de estrenos que est\u00e1 promocionando durante estos d\u00edas de Navidad.\n    <\/p>\n<p>    <a href=\"https:\/\/www.eldiario.es\/vertele\/series\/actor-enrique-fortun-despide-la-promesa-por-que-se-va-lope-ruiz_1_12872753.html\" data-mrf-recirculation=\"saber-mas\" data-dl-event=\"saber-mas\" rel=\"nofollow noopener\" target=\"_blank\"><\/p>\n<p class=\"know-more__title\">El actor Enrique Fort\u00fan anuncia su salida de &#8216;La Promesa&#8217; tras los conflictos de Lope Ruiz: \u00abEsta etapa se cierra\u00bb<\/p>\n<p>            <img decoding=\"async\" class=\"lazy\" loading=\"lazy\" data-src=\"https:\/\/static.eldiario.es\/clip\/1cf6a185-5d86-4b89-bed9-82639fd3fc9b_16-9-aspect-ratio_default_0.jpg\" src=\"data:image\/svg+xml,%3Csvg xmlns=\" http:=\"\" viewbox=\"0 0 880 495\" alt=\"El actor Enrique Fort\u00fan anuncia su salida de 'La Promesa' tras los conflictos de Lope Ruiz: &quot;Esta etapa se cierra&quot;\"\/><\/p>\n<p>                        <\/a><\/p>\n<p class=\"article-text\">\n        Adem\u00e1s de apostar por <a href=\"https:\/\/www.eldiario.es\/vertele\/noticias\/telecinco-estrena-gran-hermano-duo-gh-concursantes-anita-williams_1_12872612.html\" target=\"_blank\" data-mrf-recirculation=\"links-noticia\" class=\"link\" rel=\"nofollow noopener\"><strong>Gran Hermano D\u00fao<\/strong><\/a>, que sin duda ser\u00e1 una de sus grandes bazas en los pr\u00f3ximos meses, la cadena de Mediaset tiene en la &#8216;nevera&#8217; otros tantos formatos que ver\u00e1n la luz pr\u00f3ximamente.\n    <\/p>\n<blockquote class=\"twitter-tweet\" data-lang=\"es\"><p><a href=\"https:\/\/twitter.com\/X\/status\/2004690462834401576?ref_src=twsrc%5Etfw\" rel=\"nofollow noopener\" target=\"_blank\"><\/p><\/blockquote>\n<p class=\"article-text\">\n        El dating show <strong>Casados a primera vista<\/strong> es uno de ellos. Alentada por los buenos resultados de First Dates, Telecinco ha grabado una nueva temporada de este espacio que <a href=\"https:\/\/www.eldiario.es\/vertele\/noticias\/telecinco-recupera-casados-a-primera-vista-programa-citas-antena-3_1_12599083.html\" target=\"_blank\" data-mrf-recirculation=\"links-noticia\" class=\"link\" rel=\"nofollow noopener\">estuvo en manos de Antena 3<\/a> hasta 2018. Sus participantes ser\u00e1n personas an\u00f3nimas, a juzgar por lo que se ha visto en el primer v\u00eddeo promocional del programa. Se desconoce cu\u00e1l ser\u00e1 la periodicidad de Casados a primera vista, en qu\u00e9 franja se emitir\u00e1 y qui\u00e9n lo presentar\u00e1.\n    <\/p>\n<p class=\"article-text\">\n        Son incluso menos novedosas las otras dos apuestas que Telecinco ha colocado en su horizonte m\u00e1s inmediato.\n    <\/p>\n<blockquote class=\"twitter-tweet\" data-lang=\"es\"><p><a href=\"https:\/\/twitter.com\/X\/status\/2004687065854902468?ref_src=twsrc%5Etfw\" rel=\"nofollow noopener\" target=\"_blank\"><\/p><\/blockquote>\n<p class=\"article-text\">\n        La cadena de Fuencarral est\u00e1 promocionando ya el regreso de<strong> <\/strong><a href=\"https:\/\/www.eldiario.es\/vertele\/noticias\/mediaset-recupera-precio-justo-carlos-sobera-cinco-anos-cancelacion-telecinco_1_12831731.html\" target=\"_blank\" data-mrf-recirculation=\"links-noticia\" class=\"link\" rel=\"nofollow noopener\"><strong>El precio justo<\/strong><\/a> y <a href=\"https:\/\/www.eldiario.es\/vertele\/noticias\/sorpresa-telecinco-ficha-juanra-bonet-alla-tu-jesus-vazquez_1_12822355.html\" target=\"_blank\" data-mrf-recirculation=\"links-noticia\" class=\"link\" rel=\"nofollow noopener\"><strong>\u00a1All\u00e1 t\u00fa!<\/strong><\/a>, concursos que retir\u00f3 de su parrilla por <a href=\"https:\/\/www.eldiario.es\/vertele\/noticias\/planes-telecinco-parrilla-diaria-2026-precio-justo-alla-tu-concursos-miticos_1_12859805.html\" target=\"_blank\" data-mrf-recirculation=\"links-noticia\" class=\"link\" rel=\"nofollow noopener\">falta de audiencia<\/a>. El primero vuelve de la mano de <strong>Carlos Sobera<\/strong> \u2013su presentador habitual\u2013, y el segundo estar\u00e1 pilotado por <strong>Juanra Bonet<\/strong>, que llega a Telecinco procedente de Atresmedia para sustituir a <strong>Jes\u00fas V\u00e1zquez<\/strong> en el m\u00edtico concurso de las cajas.\n    <\/p>\n<p>    <a href=\"https:\/\/www.eldiario.es\/vertele\/noticias\/telecinco-estrena-gran-hermano-duo-gh-concursantes-anita-williams_1_12872612.html\" data-mrf-recirculation=\"saber-mas-abajo\" data-dl-event=\"saber-mas-abajo\" rel=\"nofollow noopener\" target=\"_blank\"><\/p>\n<p class=\"know-more__title\">Telecinco promociona ya &#8216;GH D\u00fao 4&#8217; y anuncia a su primer concursante, una de las estrellas de las &#8216;Tentaciones&#8217;<\/p>\n<p>            <img decoding=\"async\" class=\"lazy\" loading=\"lazy\" data-src=\"https:\/\/static.eldiario.es\/clip\/41efa876-2644-49a4-b2b9-8e43050a1e18_16-9-aspect-ratio_default_0.jpg\" src=\"data:image\/svg+xml,%3Csvg xmlns=\" http:=\"\" viewbox=\"0 0 880 495\" alt=\"Telecinco promociona ya 'GH D\u00fao 4' y anuncia a su primer concursante, una de las estrellas de las 'Tentaciones'\"\/><\/p>\n<p>                        <\/a><\/p>\n<p class=\"article-text\">\n        Se espera que El precio justo encuentre acomodo en la franja matinal, mientras que \u00a1All\u00e1 t\u00fa! probar\u00e1 suerte en las tardes. En cualquier caso, <a href=\"https:\/\/www.eldiario.es\/vertele\/noticias\/planes-telecinco-parrilla-diaria-2026-precio-justo-alla-tu-concursos-miticos_1_12859805.html\" target=\"_blank\" data-mrf-recirculation=\"links-noticia\" class=\"link\" rel=\"nofollow noopener\">estos planes iniciales<\/a> est\u00e1n a\u00fan por confirmar.\n    <\/p>\n<blockquote class=\"twitter-tweet\" data-lang=\"es\"><p><a href=\"https:\/\/twitter.com\/X\/status\/2004684387598926092?ref_src=twsrc%5Etfw\" rel=\"nofollow noopener\" target=\"_blank\"><\/p><\/blockquote>\n<p>                                <script async src=\"https:\/\/platform.twitter.com\/widgets.js\" charset=\"utf-8\"><\/script><\/p>\n","protected":false},"excerpt":{"rendered":"Tras un a\u00f1o de capa ca\u00edda, Telecinco pretende atraer al p\u00fablico en 2026 con una bater\u00eda de estrenos&hellip;\n","protected":false},"author":2,"featured_media":310154,"comment_status":"","ping_status":"","sticky":false,"template":"","format":"standard","meta":{"footnotes":""},"categories":[171],"tags":[15059,38042,73064,146,147,25,24,23,692,214,1018],"class_list":{"0":"post-310153","1":"post","2":"type-post","3":"status-publish","4":"format-standard","5":"has-post-thumbnail","7":"category-tv","8":"tag-alla-tu","9":"tag-casados-a-primera-vista","10":"tag-el-precio-justo","11":"tag-entertainment","12":"tag-entretenimiento","13":"tag-es","14":"tag-espana","15":"tag-spain","16":"tag-telecinco","17":"tag-tv","18":"tag-videos"},"share_on_mastodon":{"url":"","error":""},"_links":{"self":[{"href":"https:\/\/www.europesays.com\/es\/wp-json\/wp\/v2\/posts\/310153","targetHints":{"allow":["GET"]}}],"collection":[{"href":"https:\/\/www.europesays.com\/es\/wp-json\/wp\/v2\/posts"}],"about":[{"href":"https:\/\/www.europesays.com\/es\/wp-json\/wp\/v2\/types\/post"}],"author":[{"embeddable":true,"href":"https:\/\/www.europesays.com\/es\/wp-json\/wp\/v2\/users\/2"}],"replies":[{"embeddable":true,"href":"https:\/\/www.europesays.com\/es\/wp-json\/wp\/v2\/comments?post=310153"}],"version-history":[{"count":0,"href":"https:\/\/www.europesays.com\/es\/wp-json\/wp\/v2\/posts\/310153\/revisions"}],"wp:featuredmedia":[{"embeddable":true,"href":"https:\/\/www.europesays.com\/es\/wp-json\/wp\/v2\/media\/310154"}],"wp:attachment":[{"href":"https:\/\/www.europesays.com\/es\/wp-json\/wp\/v2\/media?parent=310153"}],"wp:term":[{"taxonomy":"category","embeddable":true,"href":"https:\/\/www.europesays.com\/es\/wp-json\/wp\/v2\/categories?post=310153"},{"taxonomy":"post_tag","embeddable":true,"href":"https:\/\/www.europesays.com\/es\/wp-json\/wp\/v2\/tags?post=310153"}],"curies":[{"name":"wp","href":"https:\/\/api.w.org\/{rel}","templated":true}]}}