{"id":310161,"date":"2025-12-27T16:27:12","date_gmt":"2025-12-27T16:27:12","guid":{"rendered":"https:\/\/www.europesays.com\/es\/310161\/"},"modified":"2025-12-27T16:27:12","modified_gmt":"2025-12-27T16:27:12","slug":"dormir-mas-para-vivir-mas-el-descanso-nocturno-se-consolida-como-el-factor-clave-de-la-longevidad","status":"publish","type":"post","link":"https:\/\/www.europesays.com\/es\/310161\/","title":{"rendered":"Dormir m\u00e1s para vivir m\u00e1s: el descanso nocturno se consolida como el factor clave de la longevidad"},"content":{"rendered":"<p><img alt=\"Dormir bien mostr\u00f3 una relaci\u00f3n\" class=\"global-image\" decoding=\"async\" fetchpriority=\"high\" height=\"768\" loading=\"eager\" src=\"https:\/\/www.europesays.com\/es\/wp-content\/uploads\/2025\/12\/HX6KKX625VELVNKGZUNFZXSDIA.png\" width=\"1408\"\/>Dormir bien mostr\u00f3 una relaci\u00f3n m\u00e1s fuerte con la longevidad que la dieta o el ejercicio al comparar h\u00e1bitos de salud en millones de personas  (Imagen Ilustrativa Infobae)<\/p>\n<p class=\"paragraph\"><a href=\"https:\/\/www.infobae.com\/tag\/dormir\/\" target=\"_blank\" rel=\"noreferrer nofollow noopener\" title=\"https:\/\/www.infobae.com\/tag\/dormir\/\"><b>Dormir<\/b><\/a><b> bien nunca fue un objetivo sencillo en la vida moderna,<\/b> pero en los \u00faltimos a\u00f1os se convirti\u00f3 en un desaf\u00edo cotidiano para millones de personas. Jornadas laborales extensas, pantallas encendidas hasta altas horas de la noche, estr\u00e9s constante y h\u00e1bitos desordenados empujaron al sue\u00f1o a un segundo plano.<\/p>\n<p class=\"paragraph\">La ciencia, sin embargo, empieza a ubicarlo en el centro del debate sobre la<b> <\/b><a href=\"https:\/\/www.infobae.com\/tag\/salud\/\" target=\"_blank\" rel=\"noreferrer nofollow noopener\" title=\"https:\/\/www.infobae.com\/tag\/salud\/\"><b>salud <\/b><\/a><b>y la <\/b><a href=\"https:\/\/www.infobae.com\/tag\/longevidad\/\" target=\"_blank\" rel=\"noreferrer nofollow noopener\" title=\"https:\/\/www.infobae.com\/tag\/longevidad\/\"><b>longevidad<\/b><\/a><b>.<\/b><\/p>\n<p><img alt=\"Especialistas recomiendan dormir entre siete\" class=\"global-image\" decoding=\"async\" fetchpriority=\"low\" height=\"4391\" loading=\"lazy\" src=\"https:\/\/www.europesays.com\/es\/wp-content\/uploads\/2025\/12\/CZ7UF3CCTBF3BPDWQA2N6UQQ5Q.jpg\" width=\"6586\"\/>Especialistas recomiendan dormir entre siete y nueve horas por noche como estrategia clave para mejorar la salud general y la expectativa de vida (Freepik)<\/p>\n<p class=\"paragraph\">Un nuevo estudio <a href=\"https:\/\/academic.oup.com\/sleepadvances\/article\/6\/4\/zpaf090\/8373869?login=false\" target=\"_blank\" rel=\"noreferrer nofollow noopener\" title=\"https:\/\/academic.oup.com\/sleepadvances\/article\/6\/4\/zpaf090\/8373869?login=false\">publicado <\/a>por la revista <b>Sleep Advances<\/b> y realizado por investigadores de la <b>Universidad de Salud y Ciencias de Oreg\u00f3n, en Estados Unidos<\/b>, aport\u00f3 evidencia s\u00f3lida en esa direcci\u00f3n. El trabajo analiz\u00f3 datos de <b>encuestas de salud recolectados entre 2019 y 2025 en todo el pa\u00eds y evalu\u00f3 la relaci\u00f3n entre la duraci\u00f3n del sue\u00f1o y la esperanza de vida. <\/b><\/p>\n<p class=\"paragraph\">La conclusi\u00f3n fue clara:<b> dormir poco se asocia con una vida m\u00e1s corta<\/b>, incluso m\u00e1s que otros factores ampliamente reconocidos como determinantes de la mortalidad.<\/p>\n<p class=\"paragraph\">El an\u00e1lisis tom\u00f3 como referencia un umbral preciso. <b>Dormir menos de siete horas por noche se consider\u00f3 sue\u00f1o insuficiente.<\/b> A partir de ese criterio, los investigadores compararon la duraci\u00f3n del descanso nocturno autoinformado con estimaciones de esperanza de vida a nivel de condado. El resultado mostr\u00f3 una <b>correlaci\u00f3n negativa consistente en la mayor\u00eda de los estados: a menor cantidad de sue\u00f1o, menor expectativa de vida.<\/b><\/p>\n<p><img alt=\"La falta de sue\u00f1o mantuvo\" class=\"global-image\" decoding=\"async\" fetchpriority=\"low\" height=\"768\" loading=\"lazy\" src=\"https:\/\/www.europesays.com\/es\/wp-content\/uploads\/2025\/12\/BIX7CSUQUNGJBMWD7TSDRIFO54.png\" width=\"1408\"\/>La falta de sue\u00f1o mantuvo una asociaci\u00f3n negativa con la esperanza de vida incluso al controlar educaci\u00f3n actividad f\u00edsica y situaci\u00f3n laboral  (Imagen Ilustrativa Infobae)<\/p>\n<p class=\"paragraph\">Lo novedoso del hallazgo no radica solo en confirmar que dormir mal resulta perjudicial, algo que ya figuraba en la literatura cient\u00edfica, sino en la magnitud de esa asociaci\u00f3n.<b> Incluso al controlar variables como la inactividad f\u00edsica, la situaci\u00f3n laboral, el nivel educativo y la dieta<\/b>, la falta de sue\u00f1o mantuvo una relaci\u00f3n m\u00e1s fuerte con la esperanza de vida que casi todos esos factores. Solo el tabaquismo mostr\u00f3 un impacto superior.<\/p>\n<p class=\"paragraph\">La sorpresa tambi\u00e9n alcanz\u00f3 a los propios investigadores. \u201c<b>No esperaba que la falta de sue\u00f1o estuviera tan fuertemente correlacionada con la esperanza de vida<\/b>\u201d, expres\u00f3 <b>Andrew McHill<\/b>, fisi\u00f3logo del sue\u00f1o de la Universidad de Oreg\u00f3n y uno de los autores del estudio. <\/p>\n<p class=\"paragraph\">La frase sintetiza un cambio de paradigma que gana terreno: el descanso nocturno no solo mejora c\u00f3mo se vive, tambi\u00e9n influye de manera directa en cu\u00e1nto se vive.<\/p>\n<p><img alt=\"El estudio defini\u00f3 sue\u00f1o insuficiente\" class=\"global-image\" decoding=\"async\" fetchpriority=\"low\" height=\"4024\" loading=\"lazy\" src=\"https:\/\/www.europesays.com\/es\/wp-content\/uploads\/2025\/12\/OXNQSICRSZGCRBFZQ5Y67TJNQY.jpg\" width=\"6048\"\/>El estudio defini\u00f3 sue\u00f1o insuficiente como dormir menos de siete horas por noche y detect\u00f3 efectos consistentes en la mayor\u00eda de los estados (Freepik)<\/p>\n<p class=\"paragraph\">El estudio se inscribe en un contexto global marcado por el aumento de los trastornos del sue\u00f1o. El insomnio y las dificultades para alcanzar un descanso profundo afectan a personas de todas las edades y regiones, con consecuencias que van mucho m\u00e1s all\u00e1 del cansancio diurno. <\/p>\n<p class=\"paragraph\">La <b>Facultad de Medicina de Harvard<\/b>, a trav\u00e9s de un informe especial de <b>Harvard Health<\/b>, subray\u00f3 que dormir mal de forma cr\u00f3nica impacta de manera profunda en la salud f\u00edsica, mental y emocional.<\/p>\n<p class=\"paragraph\">La falta de sue\u00f1o no se limita a generar fatiga o irritabilidad. <b>El deterioro del descanso nocturno se asocia con un mayor riesgo de accidentes, problemas de concentraci\u00f3n, fallas de memoria y un descenso general del rendimiento diario.<\/b> A largo plazo, los especialistas advierten que el d\u00e9ficit de sue\u00f1o contribuye al desarrollo de obesidad, diabetes, enfermedades cardiovasculares y trastornos del estado de \u00e1nimo.<\/p>\n<p><img alt=\"Dormir mal de forma cr\u00f3nica\" class=\"global-image\" decoding=\"async\" fetchpriority=\"low\" height=\"1024\" loading=\"lazy\" src=\"https:\/\/www.europesays.com\/es\/wp-content\/uploads\/2025\/12\/T3NSZBIAQND6VPVUAAKMCLM2RI.png\" width=\"1536\"\/>Dormir mal de forma cr\u00f3nica se vincula con obesidad diabetes enfermedades cardiovasculares y trastornos del estado de \u00e1nimo seg\u00fan expertos en sue\u00f1o<br \/>\n (Imagen Ilustrativa Infobae)<\/p>\n<p class=\"paragraph\">Estos efectos ayudan a explicar por qu\u00e9 el estudio de Oreg\u00f3n encontr\u00f3 una relaci\u00f3n tan fuerte entre el sue\u00f1o y la esperanza de vida. <b>Dormir poco altera los circuitos cerebrales, debilita el sistema inmunol\u00f3gico y desregula procesos metab\u00f3licos esenciales.<\/b> Aunque la investigaci\u00f3n fue observacional y no permite afirmar que la falta de sue\u00f1o reste a\u00f1os de vida de manera directa, los datos sugieren que funciona como un indicador robusto de la salud general a largo plazo.<\/p>\n<p class=\"paragraph\"><b>\u201cEs intuitivo y tiene mucho sentido, pero aun as\u00ed fue sorprendente verlo materializarse con tanta fuerza en todos estos modelos.<\/b> Dormir bien por la noche mejorar\u00e1 c\u00f3mo te sientes, pero tambi\u00e9n cu\u00e1nto tiempo vivir\u00e1s\u201d, afirm\u00f3 McHill. <b>La frase refuerza la idea de que el sue\u00f1o ocupa un lugar equivalente, o incluso superior, al de otros h\u00e1bitos saludables tradicionalmente promovidos.<\/b><\/p>\n<p class=\"paragraph\">Frente a este escenario, Harvard Health difundi\u00f3 una serie de recomendaciones pr\u00e1cticas basadas en evidencia cient\u00edfica para mejorar la calidad del descanso. Una de las sugerencias centrales apunta a una estrategia que puede resultar contraintuitiva: <b>reducir el tiempo en la cama en personas con insomnio. <\/b>Seg\u00fan los especialistas, \u201cPasar menos tiempo en la cama ayuda a las personas con insomnio a tener un sue\u00f1o m\u00e1s reparador\u201d.<\/p>\n<p><img alt=\"El informe de Harvard Health\" class=\"global-image\" decoding=\"async\" fetchpriority=\"low\" height=\"691\" loading=\"lazy\" src=\"https:\/\/www.europesays.com\/es\/wp-content\/uploads\/2025\/12\/JDBNFGDOLFBHFOROCIJP4WUJLU.png\" width=\"1229\"\/>El informe de Harvard Health advierte que el alcohol y la cafe\u00edna pueden deteriorar el descanso nocturno pese a creencias populares extendidas<br \/>\n (Imagen Ilustrativa Infobae)<\/p>\n<p class=\"paragraph\">El informe tambi\u00e9n destaca la influencia del entorno y de los h\u00e1bitos cotidianos. <b>Mantener una temperatura adecuada en el dormitorio, cuidar la postura al dormir y prestar atenci\u00f3n a factores f\u00edsicos como el dolor lumbar forman parte de un enfoque integral del descanso<\/b>. <\/p>\n<p class=\"paragraph\">Incluso h\u00e1bitos aparentemente inofensivos, como consumir una taza de caf\u00e9 por la ma\u00f1ana, pueden interferir con el sue\u00f1o nocturno. El alcohol, lejos de favorecer el descanso, se relaciona con el insomnio cr\u00f3nico, pese a la creencia popular, destacan profesionales de <b>Mayo Clinic<\/b>.<\/p>\n<p class=\"paragraph\">La dimensi\u00f3n emocional tampoco queda al margen. Ansiedad y depresi\u00f3n figuran entre los factores que deterioran la calidad del sue\u00f1o y, al mismo tiempo, pueden agravarse por la falta de descanso. Por ese motivo, la gu\u00eda de Harvard incluye cuestionarios orientados a detectar estos componentes y promover un abordaje adecuado.<\/p>\n<p><img alt=\"Perder una noche de sue\u00f1o\" class=\"global-image\" decoding=\"async\" fetchpriority=\"low\" height=\"4480\" loading=\"lazy\" src=\"https:\/\/www.europesays.com\/es\/wp-content\/uploads\/2025\/12\/F72EOTPKOZHPPCR624XZDFJ3WI.jpg\" width=\"6720\"\/>Perder una noche de sue\u00f1o afecta circuitos cerebrales y el sistema inmunol\u00f3gico y estos efectos acumulados influyen en la mortalidad a largo plazo &#8211; cr\u00e9dito Freepik<\/p>\n<p class=\"paragraph\">En cuanto a los tratamientos disponibles, los especialistas presentan un abanico de opciones que va desde programas en l\u00ednea para tratar el insomnio hasta medicamentos espec\u00edficos. <\/p>\n<p class=\"paragraph\">Sin embargo,<b> el informe pone un \u00e9nfasis particular en las terapias no farmacol\u00f3gicas<\/b>. La terapia cognitivo-conductual, la higiene del sue\u00f1o y las t\u00e9cnicas de relajaci\u00f3n profunda aparecen como alternativas eficaces y seguras, capaces de adaptarse a las caracter\u00edsticas individuales de cada persona.<\/p>\n<p class=\"paragraph\">El estudio de Oreg\u00f3n aporta un argumento adicional a este enfoque preventivo. Si dormir entre siete y nueve horas por noche se asocia con una mayor esperanza de vida, priorizar el descanso deja de ser una cuesti\u00f3n de bienestar inmediato y se transforma en una estrategia de salud p\u00fablica. <\/p>\n<p><img alt=\"Priorizar el sue\u00f1o emerge como\" class=\"global-image\" decoding=\"async\" fetchpriority=\"low\" height=\"3326\" loading=\"lazy\" src=\"https:\/\/www.europesays.com\/es\/wp-content\/uploads\/2025\/12\/NSX6HOXQG5BFLBYJ2P2LRCIEHA.jpg\" width=\"4983\"\/>Priorizar el sue\u00f1o emerge como un h\u00e1bito modificable que impacta en la calidad de vida diaria y tambi\u00e9n en la cantidad de a\u00f1os vividos<br \/>\n(Freepik)<\/p>\n<p class=\"paragraph\">Tanto la <b>Academia Estadounidense de Medicina del Sue\u00f1o como la Sociedad de Investigaci\u00f3n del Sue\u00f1o<\/b> coinciden en esa recomendaci\u00f3n m\u00ednima, con la salvedad de que<b> parte del sue\u00f1o perdido puede recuperarse durante los fines de semana<\/b>.<\/p>\n<p class=\"paragraph\">Millones de personas no alcanzan ese umbral de descanso de manera regular. El nuevo an\u00e1lisis demuestra que esta privaci\u00f3n cotidiana no solo afecta el presente, tambi\u00e9n condiciona el futuro. Dormir bien emerge as\u00ed como un h\u00e1bito modificable, al menos en parte, dentro de los l\u00edmites de las obligaciones laborales y personales.<\/p>\n<p class=\"paragraph\">La convergencia entre los datos epidemiol\u00f3gicos y las recomendaciones cl\u00ednicas refuerza un mensaje claro. <b>Priorizar el sue\u00f1o resulta tan importante como cuidar la alimentaci\u00f3n o mantenerse activo.<\/b> El descanso nocturno ya no aparece como un lujo ni como tiempo perdido, sino como una inversi\u00f3n directa en a\u00f1os de vida y en calidad de vida.<\/p>\n","protected":false},"excerpt":{"rendered":"Dormir bien mostr\u00f3 una relaci\u00f3n m\u00e1s fuerte con la longevidad que la dieta o el ejercicio al comparar&hellip;\n","protected":false},"author":2,"featured_media":310162,"comment_status":"","ping_status":"","sticky":false,"template":"","format":"standard","meta":{"footnotes":""},"categories":[92],"tags":[72003,4251,8437,3484,3937,25,24,7711,165,366,166,23,3466],"class_list":{"0":"post-310161","1":"post","2":"type-post","3":"status-publish","4":"format-standard","5":"has-post-thumbnail","7":"category-salud","8":"tag-almohada","9":"tag-bienestar","10":"tag-calidad-de-vida","11":"tag-descanso","12":"tag-dormir","13":"tag-es","14":"tag-espana","15":"tag-habitos-saludables","16":"tag-health","17":"tag-hombre","18":"tag-salud","19":"tag-spain","20":"tag-sueno"},"share_on_mastodon":{"url":"https:\/\/pubeurope.com\/@es\/115792475710989316","error":""},"_links":{"self":[{"href":"https:\/\/www.europesays.com\/es\/wp-json\/wp\/v2\/posts\/310161","targetHints":{"allow":["GET"]}}],"collection":[{"href":"https:\/\/www.europesays.com\/es\/wp-json\/wp\/v2\/posts"}],"about":[{"href":"https:\/\/www.europesays.com\/es\/wp-json\/wp\/v2\/types\/post"}],"author":[{"embeddable":true,"href":"https:\/\/www.europesays.com\/es\/wp-json\/wp\/v2\/users\/2"}],"replies":[{"embeddable":true,"href":"https:\/\/www.europesays.com\/es\/wp-json\/wp\/v2\/comments?post=310161"}],"version-history":[{"count":0,"href":"https:\/\/www.europesays.com\/es\/wp-json\/wp\/v2\/posts\/310161\/revisions"}],"wp:featuredmedia":[{"embeddable":true,"href":"https:\/\/www.europesays.com\/es\/wp-json\/wp\/v2\/media\/310162"}],"wp:attachment":[{"href":"https:\/\/www.europesays.com\/es\/wp-json\/wp\/v2\/media?parent=310161"}],"wp:term":[{"taxonomy":"category","embeddable":true,"href":"https:\/\/www.europesays.com\/es\/wp-json\/wp\/v2\/categories?post=310161"},{"taxonomy":"post_tag","embeddable":true,"href":"https:\/\/www.europesays.com\/es\/wp-json\/wp\/v2\/tags?post=310161"}],"curies":[{"name":"wp","href":"https:\/\/api.w.org\/{rel}","templated":true}]}}