{"id":310173,"date":"2025-12-27T16:35:14","date_gmt":"2025-12-27T16:35:14","guid":{"rendered":"https:\/\/www.europesays.com\/es\/310173\/"},"modified":"2025-12-27T16:35:14","modified_gmt":"2025-12-27T16:35:14","slug":"la-comunidad-de-madrid-instala-nuevas-marquesinas-de-autobus-con-calefaccion-en-tres-pueblos-de-la-sierra-norte-para-8-000-habitantes","status":"publish","type":"post","link":"https:\/\/www.europesays.com\/es\/310173\/","title":{"rendered":"La Comunidad de Madrid instala nuevas marquesinas de autob\u00fas con calefacci\u00f3n en tres pueblos de la Sierra Norte para 8.000 habitantes"},"content":{"rendered":"<p>El consejero de Presidencia, Justicia y Administraci\u00f3n Local, Miguel \u00c1ngel Garc\u00eda Mart\u00edn, ha visitado hoy la localidad braoje\u00f1a para conocer esta soluci\u00f3n innovadora en el transporte p\u00fablico madrile\u00f1o, que se suma a la experiencia piloto que del a\u00f1o pasado cuando se instal\u00f3 la primera marquesina calefactable en Pedrezuela. El sistema consiste en la colocaci\u00f3n de bancos met\u00e1licos calefactados con termostato y temporizador, que regulan la temperatura y adaptan su funcionamiento al horario de servicio de las l\u00edneas de autob\u00fas.<\/p>\n<p>Las nuevas marquesinas, ubicadas en municipios de la sierra madrile\u00f1a, cuentan con conexi\u00f3n el\u00e9ctrica permanente y todas las protecciones necesarias para garantizar la seguridad de los pasajeros. Adem\u00e1s, est\u00e1n fabricadas con materiales 100% reciclables e incorporan soluciones energ\u00e9ticas respetuosas con el medio ambiente.<\/p>\n<p>El Ejecutivo auton\u00f3mico, a trav\u00e9s del Consorcio Regional de Transportes (CRTM), contin\u00faa evaluando el rendimiento de estos dispositivos innovadores, accesibles y de alta eficiencia, con el objetivo de extender su uso a m\u00e1s localidades de la regi\u00f3n.<\/p>\n<p>Con esta iniciativa, la Comunidad de Madrid reafirma su apuesta por la mejora del transporte p\u00fablico y la calidad de vida de los ciudadanos, sobre todo en las zonas rurales y de monta\u00f1a, donde las condiciones clim\u00e1ticas hacen especialmente valiosa esta alternativa.<\/p>\n","protected":false},"excerpt":{"rendered":"El consejero de Presidencia, Justicia y Administraci\u00f3n Local, Miguel \u00c1ngel Garc\u00eda Mart\u00edn, ha visitado hoy la localidad braoje\u00f1a&hellip;\n","protected":false},"author":2,"featured_media":310174,"comment_status":"","ping_status":"","sticky":false,"template":"","format":"standard","meta":{"footnotes":""},"categories":[5],"tags":[17,18,25,24,13,14,11,19,20,9,10,15,16,23,12,21,22],"class_list":{"0":"post-310173","1":"post","2":"type-post","3":"status-publish","4":"format-standard","5":"has-post-thumbnail","7":"category-titulares","8":"tag-breaking-news","9":"tag-breakingnews","10":"tag-es","11":"tag-espana","12":"tag-featured-news","13":"tag-featurednews","14":"tag-headlines","15":"tag-latest-news","16":"tag-latestnews","17":"tag-news","18":"tag-noticias","19":"tag-noticias-destacadas","20":"tag-noticiasdestacadas","21":"tag-spain","22":"tag-titulares","23":"tag-ultimas-noticias","24":"tag-ultimasnoticias"},"share_on_mastodon":{"url":"https:\/\/pubeurope.com\/@es\/115792505955145345","error":""},"_links":{"self":[{"href":"https:\/\/www.europesays.com\/es\/wp-json\/wp\/v2\/posts\/310173","targetHints":{"allow":["GET"]}}],"collection":[{"href":"https:\/\/www.europesays.com\/es\/wp-json\/wp\/v2\/posts"}],"about":[{"href":"https:\/\/www.europesays.com\/es\/wp-json\/wp\/v2\/types\/post"}],"author":[{"embeddable":true,"href":"https:\/\/www.europesays.com\/es\/wp-json\/wp\/v2\/users\/2"}],"replies":[{"embeddable":true,"href":"https:\/\/www.europesays.com\/es\/wp-json\/wp\/v2\/comments?post=310173"}],"version-history":[{"count":0,"href":"https:\/\/www.europesays.com\/es\/wp-json\/wp\/v2\/posts\/310173\/revisions"}],"wp:featuredmedia":[{"embeddable":true,"href":"https:\/\/www.europesays.com\/es\/wp-json\/wp\/v2\/media\/310174"}],"wp:attachment":[{"href":"https:\/\/www.europesays.com\/es\/wp-json\/wp\/v2\/media?parent=310173"}],"wp:term":[{"taxonomy":"category","embeddable":true,"href":"https:\/\/www.europesays.com\/es\/wp-json\/wp\/v2\/categories?post=310173"},{"taxonomy":"post_tag","embeddable":true,"href":"https:\/\/www.europesays.com\/es\/wp-json\/wp\/v2\/tags?post=310173"}],"curies":[{"name":"wp","href":"https:\/\/api.w.org\/{rel}","templated":true}]}}