{"id":310245,"date":"2025-12-27T17:42:11","date_gmt":"2025-12-27T17:42:11","guid":{"rendered":"https:\/\/www.europesays.com\/es\/310245\/"},"modified":"2025-12-27T17:42:11","modified_gmt":"2025-12-27T17:42:11","slug":"darth-maul-sobrevivio-al-ser-cortado-por-la-mitad-por-obi-wan-kenobi-pero-como-este-corto-lo-explica","status":"publish","type":"post","link":"https:\/\/www.europesays.com\/es\/310245\/","title":{"rendered":"Darth Maul sobrevivi\u00f3 al ser cortado por la mitad por Obi-Wan Kenobi, pero, \u00bfc\u00f3mo? Este corto lo explica"},"content":{"rendered":"<p>Vimos algo muy parecido en &#8216;Las Guerras Clon&#8217;<\/p>\n<p><img decoding=\"async\" fetchpriority=\"high\" width=\"768\" height=\"432\" alt=\"Darth Maul sobrevivi\u00f3 al ser cortado por la mitad por Obi-Wan Kenobi, pero, \u00bfc\u00f3mo? Este corto lo explica\" src=\"https:\/\/www.europesays.com\/es\/wp-content\/uploads\/2025\/12\/darth-maul.1766445480.5749.jpg\"\/> Abrazando la locura<\/p>\n<p>\u00danete a la conversaci\u00f3n<\/p>\n<p>\u00bfPuede un <strong>villano mudo<\/strong> y que no aparece m\u00e1s que unos pocos minutos en pantalla en una \u00fanica pel\u00edcula, en la que adem\u00e1s muere, ser <strong>el favorito<\/strong> de los fans? <a href=\"https:\/\/andro4all.com\/series\/darth-maul-tiene-un-cortometraje-hecho-por-fans-que-parece-una-superproduccion-y-sirve-de-precuela-del-episodio-i\" rel=\"nofollow noopener\" target=\"_blank\">Si es Darth Maul, s\u00ed<\/a>, claro que siempre con la venia de Darth Vader, y es que ambos Se\u00f1ores Oscuros son capaces de llenar completamente la pantalla con <strong>su mera presencia<\/strong>.<\/p>\n<p>La pena es que <strong>Maul se nos fue demasiado pronto<\/strong>, aunque su muerte, precedida de una de las <strong>mejores peleas a sable l\u00e1ser<\/strong> de la saga, gracias muy en parte al magn\u00edfico tema firmado por John Williams Duel of the Fates, siempre ser\u00e1 recordada.<\/p>\n<p>Tanto es as\u00ed que, cuando George Lucas decidi\u00f3 <strong>expandir el universo<\/strong> de Star Wars con series animadas, no dud\u00f3 en <strong>resucitar al zabrak<\/strong> de piel rojinegra.<\/p>\n<p>Es canon<\/p>\n<p>En el <strong>canon actual<\/strong>, Darth Maul <strong>no muri\u00f3 en Naboo<\/strong>: sobrevivi\u00f3 a ser cortado por la mitad <a href=\"https:\/\/andro4all.com\/series\/la-pelea-entre-darth-vader-y-obi-wan-que-no-vimos-pero-nos-merecimos-en-el-episodio-iv-de-star-wars\" rel=\"nofollow noopener\" target=\"_blank\">por Obi-Wan Kenobi<\/a> gracias al <strong>odio visceral<\/strong> que alimentaba su conexi\u00f3n con el lado oscuro de la Fuerza.<\/p>\n<p>Su cuerpo mutilado cay\u00f3 por el inmenso pozo del reactor, aterriz\u00f3 en un <strong>contenedor de basura<\/strong> y fue transportado hasta el planeta vertedero Lotho Minor, donde vivi\u00f3 a\u00f1os en un <strong>estado de locura absoluta<\/strong>, aliment\u00e1ndose de alima\u00f1as y movi\u00e9ndose con unas <strong>piernas improvisadas de chatarra<\/strong> que le daban un aspecto ara\u00f1a-monstruoso.<\/p>\n<p>Esta historia, que muchos fans <strong>conocieron por primera vez<\/strong> en la temporada 4 de Star Wars: Las Guerras Clon, ha sido ahora recreada de forma impactante en un nuevo <strong>corto fan-made<\/strong> generado con inteligencia artificial.<\/p>\n<p>Sobreviviendo gracias al odio<\/p>\n<p>Titulado Star Wars: How Darth Maul Survived Being Cut in Half y publicado en el <a href=\"https:\/\/www.youtube.com\/@Tales-Of-Star-Wars\" rel=\"noopener nofollow\" target=\"_blank\">canal Star Wars: Tales Untold<\/a>, el corto sigue fielmente el canon establecido: muestra la ca\u00edda, el <strong>tormento psicol\u00f3gico<\/strong> de Maul (con alucinaciones y di\u00e1logos fragmentados que recuerdan al Gollum de El Se\u00f1or de los Anillos), su degradaci\u00f3n f\u00edsica y mental en Lotho Minor, y el momento clave en que <strong>su hermano Savage Opress<\/strong> lo localiza gracias a la <strong>magia de Mother Talzin<\/strong>.<\/p>\n<p>Savage lo rescata, lo lleva <strong>de vuelta a Dathomir<\/strong> y, con la intervenci\u00f3n de las Hermanas de la Noche, Talzin <strong>restaura su cordura<\/strong> y le otorga unas nuevas piernas cibern\u00e9ticas m\u00e1s funcionales. El v\u00eddeo culmina con el <strong>renacimiento de Maul<\/strong> como un villano a\u00fan m\u00e1s peligroso, listo para su venganza durante las Guerras Clon.<\/p>\n<p>\u00danete a la conversaci\u00f3n<\/p>\n","protected":false},"excerpt":{"rendered":"Vimos algo muy parecido en &#8216;Las Guerras Clon&#8217; Abrazando la locura \u00danete a la conversaci\u00f3n \u00bfPuede un villano&hellip;\n","protected":false},"author":2,"featured_media":310246,"comment_status":"","ping_status":"","sticky":false,"template":"","format":"standard","meta":{"footnotes":""},"categories":[169],"tags":[177,146,147,25,24,176,175,23],"class_list":{"0":"post-310245","1":"post","2":"type-post","3":"status-publish","4":"format-standard","5":"has-post-thumbnail","7":"category-cine","8":"tag-cine","9":"tag-entertainment","10":"tag-entretenimiento","11":"tag-es","12":"tag-espana","13":"tag-film","14":"tag-movies","15":"tag-spain"},"share_on_mastodon":{"url":"https:\/\/pubeurope.com\/@es\/115792769929686264","error":""},"_links":{"self":[{"href":"https:\/\/www.europesays.com\/es\/wp-json\/wp\/v2\/posts\/310245","targetHints":{"allow":["GET"]}}],"collection":[{"href":"https:\/\/www.europesays.com\/es\/wp-json\/wp\/v2\/posts"}],"about":[{"href":"https:\/\/www.europesays.com\/es\/wp-json\/wp\/v2\/types\/post"}],"author":[{"embeddable":true,"href":"https:\/\/www.europesays.com\/es\/wp-json\/wp\/v2\/users\/2"}],"replies":[{"embeddable":true,"href":"https:\/\/www.europesays.com\/es\/wp-json\/wp\/v2\/comments?post=310245"}],"version-history":[{"count":0,"href":"https:\/\/www.europesays.com\/es\/wp-json\/wp\/v2\/posts\/310245\/revisions"}],"wp:featuredmedia":[{"embeddable":true,"href":"https:\/\/www.europesays.com\/es\/wp-json\/wp\/v2\/media\/310246"}],"wp:attachment":[{"href":"https:\/\/www.europesays.com\/es\/wp-json\/wp\/v2\/media?parent=310245"}],"wp:term":[{"taxonomy":"category","embeddable":true,"href":"https:\/\/www.europesays.com\/es\/wp-json\/wp\/v2\/categories?post=310245"},{"taxonomy":"post_tag","embeddable":true,"href":"https:\/\/www.europesays.com\/es\/wp-json\/wp\/v2\/tags?post=310245"}],"curies":[{"name":"wp","href":"https:\/\/api.w.org\/{rel}","templated":true}]}}