{"id":310257,"date":"2025-12-27T17:49:27","date_gmt":"2025-12-27T17:49:27","guid":{"rendered":"https:\/\/www.europesays.com\/es\/310257\/"},"modified":"2025-12-27T17:49:27","modified_gmt":"2025-12-27T17:49:27","slug":"la-izquierda-lastra-sus-opciones-en-aragon-por-su-incapacidad-para-forjar-una-candidatura-unica","status":"publish","type":"post","link":"https:\/\/www.europesays.com\/es\/310257\/","title":{"rendered":"La izquierda lastra sus opciones en Arag\u00f3n por su incapacidad para forjar una candidatura \u00fanica"},"content":{"rendered":"<p>O vamos juntos o nos van a arrasar\u00bb. Este vaticinio lanzado el pasado lunes por el portavoz de <a href=\"https:\/\/www.diariosur.es\/elecciones\/extremadura\/podemos-responsabiliza-coalicion-unafabrica-ultarderechistas-20251222125328-ntrc.html\" data-voc-vtm-id=\"in-text-traffic\" title=\"Podemos\" rel=\"nofollow noopener\" target=\"_blank\">Podemos<\/a>, Pablo Fern\u00e1ndez, va camino de  &#8230; hacerse realidad en Arag\u00f3n. Las fuerzas a la izquierda del PSOE han sido incapaces de ponerse de acuerdo y se presentar\u00e1n a las auton\u00f3micas del pr\u00f3ximo 8 de febrero en tres listas diferentes. <\/p>\n<p class=\"v-p\">Por un lado concurrir\u00e1n a los comicios IU y Sumar, que s\u00ed lograron llegar a un pacto en las negociaciones; por otro, ir\u00e1 Podemos; y diferenciados de todos ellos, la Chunta Aragonesista que tendr\u00e1 como n\u00famero uno al diputado de Sumar Jorge Pueyo. Esta diversificaci\u00f3n lleva aparejada una inevitable dispersi\u00f3n del electorado progresista por el que competir\u00e1n cada una de las distintas opciones.<\/p>\n<p>\nPodemos reniega de los pactos con Sumar y con Yolanda D\u00edaz, a la que acusan de traidora\n<\/p>\n<p class=\"v-p\">Las negociaciones para formar un frente amplio que incluyese a Podemos, Izquierda Unida, Sumar y la Chunta se prolongaron casi hasta la medianoche del viernes, hora tope para registrar coaliciones. Finalmente, la incapacidad para aunar los intereses de cada fuerza pol\u00edtica dio al traste con el prop\u00f3sito de reeditar un acuerdo como el de Extremadura, que llev\u00f3 a la marca participada por Podemos e IU al mejor resultado de la izquierda en este antiguo feudo socialista. <\/p>\n<p>Rencores personales<\/p>\n<p class=\"v-p\">Tanto la formaci\u00f3n morada como Sumar coinciden en la necesidad de crear un espacio pol\u00edtico plural y compartido de car\u00e1cter municipal, auton\u00f3mico y nacional. Esta es la misma f\u00f3rmula que en el pasado les permiti\u00f3 el acceso al Consejo de Ministros. Sobre el papel la soluci\u00f3n a la divisi\u00f3n de la izquierda parece sencilla, pero en la pr\u00e1ctica la tarea se presenta como todo un desaf\u00edo. El principal escollo est\u00e1 en que las heridas de la ruptura en 2023 entre ambas formaciones permanecen abiertas. Muy especialmente los rencores personales entre sus principales dirigentes. <\/p>\n<p class=\"v-p\">Podemos no perdona que Yolanda D\u00edaz, a la que Pablo Iglesias ungi\u00f3 como sucesora cuando se retir\u00f3 de la pol\u00edtica, vetase en las listas de las pasadas generales a Irene Montero y relegase a un puesto humillante a Ione Belarra. Fue una traici\u00f3n, consideran. Y ahora, envalentonados tras los buenos resultados de su marca en Extremadura, los morados claman venganza. Acusan a la vicepresidenta segunda y sus fieles de seguidismo del PSOE y de renunciar a los valores de la izquierda que s\u00ed encarnan Montero o Belarra. Por eso, consideran, Sumar no tiene cabida en la reedici\u00f3n de una alianza a semejanza del &#8216;Pacto de los botellines&#8217; que en 2016 firmaron Pablo Iglesias y Alberto Garz\u00f3n, y que entreg\u00f3 al l\u00edder de Podemos en bandeja de plata el poder absoluto sobre las fuerzas de la izquierda.<\/p>\n","protected":false},"excerpt":{"rendered":"O vamos juntos o nos van a arrasar\u00bb. Este vaticinio lanzado el pasado lunes por el portavoz de&hellip;\n","protected":false},"author":2,"featured_media":310258,"comment_status":"","ping_status":"","sticky":false,"template":"","format":"standard","meta":{"footnotes":""},"categories":[8],"tags":[945,14388,4499,17,18,73080,25,24,13,14,11,6326,19,20,30679,5012,9,10,15,16,23,12,603,21,22],"class_list":{"0":"post-310257","1":"post","2":"type-post","3":"status-publish","4":"format-standard","5":"has-post-thumbnail","7":"category-espana","8":"tag-acuerdo","9":"tag-alternativa","10":"tag-aragon","11":"tag-breaking-news","12":"tag-breakingnews","13":"tag-concurrira","14":"tag-es","15":"tag-espana","16":"tag-featured-news","17":"tag-featurednews","18":"tag-headlines","19":"tag-izquierda","20":"tag-latest-news","21":"tag-latestnews","22":"tag-listas","23":"tag-llega","24":"tag-news","25":"tag-noticias","26":"tag-noticias-destacadas","27":"tag-noticiasdestacadas","28":"tag-spain","29":"tag-titulares","30":"tag-tres","31":"tag-ultimas-noticias","32":"tag-ultimasnoticias"},"share_on_mastodon":{"url":"https:\/\/pubeurope.com\/@es\/115792796914142715","error":""},"_links":{"self":[{"href":"https:\/\/www.europesays.com\/es\/wp-json\/wp\/v2\/posts\/310257","targetHints":{"allow":["GET"]}}],"collection":[{"href":"https:\/\/www.europesays.com\/es\/wp-json\/wp\/v2\/posts"}],"about":[{"href":"https:\/\/www.europesays.com\/es\/wp-json\/wp\/v2\/types\/post"}],"author":[{"embeddable":true,"href":"https:\/\/www.europesays.com\/es\/wp-json\/wp\/v2\/users\/2"}],"replies":[{"embeddable":true,"href":"https:\/\/www.europesays.com\/es\/wp-json\/wp\/v2\/comments?post=310257"}],"version-history":[{"count":0,"href":"https:\/\/www.europesays.com\/es\/wp-json\/wp\/v2\/posts\/310257\/revisions"}],"wp:featuredmedia":[{"embeddable":true,"href":"https:\/\/www.europesays.com\/es\/wp-json\/wp\/v2\/media\/310258"}],"wp:attachment":[{"href":"https:\/\/www.europesays.com\/es\/wp-json\/wp\/v2\/media?parent=310257"}],"wp:term":[{"taxonomy":"category","embeddable":true,"href":"https:\/\/www.europesays.com\/es\/wp-json\/wp\/v2\/categories?post=310257"},{"taxonomy":"post_tag","embeddable":true,"href":"https:\/\/www.europesays.com\/es\/wp-json\/wp\/v2\/tags?post=310257"}],"curies":[{"name":"wp","href":"https:\/\/api.w.org\/{rel}","templated":true}]}}