{"id":310267,"date":"2025-12-27T18:01:20","date_gmt":"2025-12-27T18:01:20","guid":{"rendered":"https:\/\/www.europesays.com\/es\/310267\/"},"modified":"2025-12-27T18:01:20","modified_gmt":"2025-12-27T18:01:20","slug":"asi-se-escribio-la-historia-de-amor-de-estela-grande-con-el-futbolista-juan-iglesias-el-padre-de-los-bebes-que-espera","status":"publish","type":"post","link":"https:\/\/www.europesays.com\/es\/310267\/","title":{"rendered":"as\u00ed se escribi\u00f3 la historia de amor de Estela Grande con el futbolista Juan Iglesias, el padre de los beb\u00e9s que espera"},"content":{"rendered":"<p class=\"paragraph\">Est\u00e1n siendo d\u00edas duros para Estela Grande. La modelo e influencer, conocida tambi\u00e9n por su participaci\u00f3n en programas como Gran Hermano VIP, permanece ingresada en el hospital desde el pasado 24 de diciembre, cuando superaba ya las 32 semanas de gestaci\u00f3n de un embarazo gemelar. Una circunstancia que ha alterado por completo sus planes navide\u00f1os y que la ha llevado a pasar la Nochebuena y los d\u00edas posteriores bajo observaci\u00f3n m\u00e9dica, en una etapa especialmente delicada por tratarse de mellizos.<\/p>\n<p class=\"paragraph\">Desde la habitaci\u00f3n del hospital, la creadora de contenido ha ido informando de su evoluci\u00f3n a trav\u00e9s de sus redes sociales, donde ha compartido mensajes directos y sin dramatismos. \u201cNo van a ser las Navidades que hab\u00edamos planeado, pero s\u00ed las m\u00e1s importantes de nuestra vida\u201d, escrib\u00eda, antes de a\u00f1adir una frase que resume el momento que atraviesa: \u201cCada d\u00eda que pase y sigan dentro de m\u00ed es una victoria\u201d. A su lado, acompa\u00f1\u00e1ndola de forma constante, se encuentra el futbolista Juan Iglesias, su pareja desde hace casi cinco a\u00f1os y el principal apoyo en este ingreso inesperado.<\/p>\n<p><img decoding=\"async\" class=\"w-full\"   alt=\"\u201cEstaba en riesgo de parto prematuro\u201d, ha revelado Estela tras su ingreso en el hospital.\" data-full-src=\"https:\/\/www.lavanguardia.com\/uploads\/2025\/12\/27\/694fcb90a7f15.jpeg\" src=\"https:\/\/www.europesays.com\/es\/wp-content\/uploads\/2025\/12\/694fcb90a7f15.jpeg\" width=\"449\" height=\"599\" loading=\"lazy\"\/>\u201cEstaba en riesgo de parto prematuro\u201d, ha revelado Estela tras su ingreso en el hospital.Instagram<\/p>\n<p>\u201cFue mi mejor amigo\u201dUna relaci\u00f3n que empez\u00f3 como amistad cuando ambos atravesaban un momento personal complejo<\/p>\n<p class=\"paragraph\">La historia entre ambos no comenz\u00f3 como un flechazo inmediato ni como una relaci\u00f3n p\u00fablica. Tal y como ha contado la propia Estela, se conocieron en un periodo complicado para los dos, cuando cada uno manten\u00eda todav\u00eda su respectiva relaci\u00f3n sentimental. \u201cLos dos ten\u00edamos pareja\u201d, ha llegado a reconocer ella al recordar aquellos primeros contactos, que se produjeron de forma inesperada y a distancia, incluso a trav\u00e9s de una videollamada.<\/p>\n<p class=\"paragraph\">Durante meses, el v\u00ednculo se construy\u00f3 desde la cercan\u00eda y la confianza, sin etiquetas. \u201cFue mi mejor amigo durante un a\u00f1o\u201d, explicaba la modelo tiempo atr\u00e1s v\u00eda Instagram, subrayando que ese tiempo estuvo marcado por el apoyo mutuo. \u201cNos apoyamos y nos quisimos mucho en un a\u00f1o complicado, nos lo pas\u00e1bamos genial\u201d, relataba, dejando claro que no hubo decisiones precipitadas ni rupturas inmediatas por medio.<\/p>\n<p><img decoding=\"async\" class=\"w-full\"   alt=\"Estela y Juan comenzaron a ser amigos cuando ambos ten\u00edan pareja.\" data-full-src=\"https:\/\/www.lavanguardia.com\/uploads\/2025\/12\/27\/694fcbb2d1465.jpeg\" src=\"https:\/\/www.europesays.com\/es\/wp-content\/uploads\/2025\/12\/694fcbb2d1465.jpeg\" width=\"449\" height=\"599\" loading=\"lazy\"\/>Estela y Juan comenzaron a ser amigos cuando ambos ten\u00edan pareja.Instagram<\/p>\n<p class=\"paragraph\">El punto de inflexi\u00f3n lleg\u00f3 m\u00e1s tarde, cuando ambos tomaron conciencia de lo que estaba ocurriendo entre ellos. \u201cCada uno ten\u00eda sus relaciones sentimentales, hasta que un d\u00eda nos dimos cuenta de que \u00e9ramos nosotros\u201d, confesaba Estela, ya con la perspectiva del tiempo. A partir de ah\u00ed, la relaci\u00f3n se consolid\u00f3 lejos del foco medi\u00e1tico, en contraste con la etapa anterior de la influencer, mucho m\u00e1s expuesta.<\/p>\n<p class=\"paragraph\">Con el paso de los a\u00f1os, la pareja ha optado por una vida discreta, centrada en su d\u00eda a d\u00eda y en proyectos compartidos. El anuncio del embarazo, el pasado mes de julio, marc\u00f3 un nuevo cap\u00edtulo, al que ahora se suma este ingreso hospitalario que ambos afrontan juntos, sin ocultar la realidad de un embarazo m\u00faltiple en la recta final.<\/p>\n<p>Padre por partida dobleTrayectoria deportiva, perfil reservado y el salto personal m\u00e1s importante<\/p>\n<p class=\"paragraph\">Juan Iglesias, nacido en Valladolid en 1998, desarrolla su carrera como lateral derecho en el Getafe C. F., equipo con el que debut\u00f3 en Primera Divisi\u00f3n a finales de 2020. Formado en la cantera del Real Valladolid, pas\u00f3 por la U.D. Logro\u00f1\u00e9s antes de asentarse en el club madrile\u00f1o, donde ha ido ganando protagonismo temporada tras temporada.<\/p>\n<p><img decoding=\"async\" class=\"w-full\"   alt=\"Juan debut\u00f3 en Primera Divisi\u00f3n con el Getafe C. F. en 2020.\" data-full-src=\"https:\/\/www.lavanguardia.com\/uploads\/2025\/12\/27\/694fcbfdcd557.jpeg\" src=\"https:\/\/www.europesays.com\/es\/wp-content\/uploads\/2025\/12\/694fcbfdcd557.jpeg\" width=\"449\" height=\"479\" loading=\"lazy\"\/>Juan debut\u00f3 en Primera Divisi\u00f3n con el Getafe C. F. en 2020.Instagram<\/p>\n<p class=\"paragraph\">De perfil bajo y alejado del ruido medi\u00e1tico, su nombre empez\u00f3 a sonar con m\u00e1s fuerza en la cr\u00f3nica social al confirmarse su relaci\u00f3n con Estela y, m\u00e1s recientemente, con el anuncio de que ser\u00e1n padres de dos beb\u00e9s, un ni\u00f1o y una ni\u00f1a. Fue la propia modelo quien lo comunic\u00f3 con un mensaje en el que hablaba de \u201cla historia m\u00e1s bonita de todas\u201d y de una paternidad que llega \u201cpor partida doble\u201d.<\/p>\n<p class=\"paragraph\">Ahora, mientras el embarazo entra en una fase decisiva y los m\u00e9dicos buscan alargarlo lo m\u00e1ximo posible, el futbolista permanece a su lado en el hospital, convertido en apoyo constante y en protagonista silencioso de un momento que marcar\u00e1 un antes y un despu\u00e9s en la vida de ambos. Una historia que empez\u00f3 desde la amistad y que hoy se prepara para crecer como familia.<\/p>\n","protected":false},"excerpt":{"rendered":"Est\u00e1n siendo d\u00edas duros para Estela Grande. La modelo e influencer, conocida tambi\u00e9n por su participaci\u00f3n en programas&hellip;\n","protected":false},"author":2,"featured_media":310268,"comment_status":"","ping_status":"","sticky":false,"template":"","format":"standard","meta":{"footnotes":""},"categories":[174],"tags":[255,146,147,25,24,256,23],"class_list":{"0":"post-310267","1":"post","2":"type-post","3":"status-publish","4":"format-standard","5":"has-post-thumbnail","7":"category-famosos","8":"tag-celebrities","9":"tag-entertainment","10":"tag-entretenimiento","11":"tag-es","12":"tag-espana","13":"tag-famosos","14":"tag-spain"},"share_on_mastodon":{"url":"https:\/\/pubeurope.com\/@es\/115792844559151667","error":""},"_links":{"self":[{"href":"https:\/\/www.europesays.com\/es\/wp-json\/wp\/v2\/posts\/310267","targetHints":{"allow":["GET"]}}],"collection":[{"href":"https:\/\/www.europesays.com\/es\/wp-json\/wp\/v2\/posts"}],"about":[{"href":"https:\/\/www.europesays.com\/es\/wp-json\/wp\/v2\/types\/post"}],"author":[{"embeddable":true,"href":"https:\/\/www.europesays.com\/es\/wp-json\/wp\/v2\/users\/2"}],"replies":[{"embeddable":true,"href":"https:\/\/www.europesays.com\/es\/wp-json\/wp\/v2\/comments?post=310267"}],"version-history":[{"count":0,"href":"https:\/\/www.europesays.com\/es\/wp-json\/wp\/v2\/posts\/310267\/revisions"}],"wp:featuredmedia":[{"embeddable":true,"href":"https:\/\/www.europesays.com\/es\/wp-json\/wp\/v2\/media\/310268"}],"wp:attachment":[{"href":"https:\/\/www.europesays.com\/es\/wp-json\/wp\/v2\/media?parent=310267"}],"wp:term":[{"taxonomy":"category","embeddable":true,"href":"https:\/\/www.europesays.com\/es\/wp-json\/wp\/v2\/categories?post=310267"},{"taxonomy":"post_tag","embeddable":true,"href":"https:\/\/www.europesays.com\/es\/wp-json\/wp\/v2\/tags?post=310267"}],"curies":[{"name":"wp","href":"https:\/\/api.w.org\/{rel}","templated":true}]}}