{"id":310309,"date":"2025-12-27T18:43:52","date_gmt":"2025-12-27T18:43:52","guid":{"rendered":"https:\/\/www.europesays.com\/es\/310309\/"},"modified":"2025-12-27T18:43:52","modified_gmt":"2025-12-27T18:43:52","slug":"feijoo-debe-dimitir-por-mentir-en-una-tragedia-tan-grave","status":"publish","type":"post","link":"https:\/\/www.europesays.com\/es\/310309\/","title":{"rendered":"Feij\u00f3o debe dimitir por mentir en una tragedia tan grave"},"content":{"rendered":"<p>Hablamos con Diana Morant, secretaria general del PSPV-PSOE y Ministra de Ciencia, Innovaci\u00f3n y Universidades<\/p>\n<p>24 horas de RNE ha hablado esta tarde con Diana Morant, secretaria general del PSPV-PSOE y Ministra de Ciencia, Innovaci\u00f3n y Universidades, sobre los mensajes que Alberto N\u00fa\u00f1ez Feij\u00f3o ha hecho llegar a la jueza de Catarroja que instruye el caso de la DANA.<strong> \u00abSe pueden sustraer muchas cosas, el tono con el que se habla&#8230; Expresiones muy poco adecuadas al que se tiene que hacer responsable de un drama de estas caracter\u00edsticas\u00bb.<\/strong><\/p>\n<p>Morant y el PSOE pide la dimisi\u00f3n del l\u00edder de los populares. <strong>\u00abCuando Feijoo pis\u00f3 Valencia el d\u00eda 31 lo primero que dijo fue que hab\u00eda estado informado puntualmente por Maz\u00f3n. Eso es mentira. El PP ha ido con la mentira por delante y se ha dedicado a atacar y culpar a otros [&#8230;] El PSOE le pide la dimisi\u00f3n a Feij\u00f3o por mentir en una tragedia tan grave.\u00bb<\/strong><\/p>\n<p>Sobre la selecci\u00f3n de los mensajes que Feij\u00f3o ha hecho, ha se\u00f1alado lo siguiente: <strong>\u00abEl se\u00f1or Feij\u00f3o nos secuestra la realidad. Esto lo pide la jueza, no es una cosa que salga de \u00e9l. Si s\u00f3lo traslada los mensajes de Maz\u00f3n es porque b\u00e1sicamente la conversaci\u00f3n en su totalidad es peor de lo que hemos escuchado\u00bb.<\/strong><\/p>\n<p>Adem\u00e1s, durante la entrevista ha remarcado que <strong>\u00abel pueblo valenciano necesita ya la verdad.\u00bb<\/strong> Una verdad a la que seg\u00fan ella <strong>\u00abno han sido capaces de descubrir con los instrumentos pol\u00edticos\u00bb.<\/strong><\/p>\n","protected":false},"excerpt":{"rendered":"Hablamos con Diana Morant, secretaria general del PSPV-PSOE y Ministra de Ciencia, Innovaci\u00f3n y Universidades 24 horas de&hellip;\n","protected":false},"author":2,"featured_media":310310,"comment_status":"","ping_status":"","sticky":false,"template":"","format":"standard","meta":{"footnotes":""},"categories":[8],"tags":[11980,17,18,25,24,13,14,11,19,20,73097,9,10,15,16,133,1448,1986,1987,23,12,21,22],"class_list":{"0":"post-310309","1":"post","2":"type-post","3":"status-publish","4":"format-standard","5":"has-post-thumbnail","7":"category-espana","8":"tag-24-horas","9":"tag-breaking-news","10":"tag-breakingnews","11":"tag-es","12":"tag-espana","13":"tag-featured-news","14":"tag-featurednews","15":"tag-headlines","16":"tag-latest-news","17":"tag-latestnews","18":"tag-morant-el-psoe-le-pide-la-dimision-a-feijoo-por-mentir-en-una-tragedia-tan-grave","19":"tag-news","20":"tag-noticias","21":"tag-noticias-destacadas","22":"tag-noticiasdestacadas","23":"tag-online","24":"tag-radio","25":"tag-rne","26":"tag-rtve-play","27":"tag-spain","28":"tag-titulares","29":"tag-ultimas-noticias","30":"tag-ultimasnoticias"},"share_on_mastodon":{"url":"https:\/\/pubeurope.com\/@es\/115793013222679260","error":""},"_links":{"self":[{"href":"https:\/\/www.europesays.com\/es\/wp-json\/wp\/v2\/posts\/310309","targetHints":{"allow":["GET"]}}],"collection":[{"href":"https:\/\/www.europesays.com\/es\/wp-json\/wp\/v2\/posts"}],"about":[{"href":"https:\/\/www.europesays.com\/es\/wp-json\/wp\/v2\/types\/post"}],"author":[{"embeddable":true,"href":"https:\/\/www.europesays.com\/es\/wp-json\/wp\/v2\/users\/2"}],"replies":[{"embeddable":true,"href":"https:\/\/www.europesays.com\/es\/wp-json\/wp\/v2\/comments?post=310309"}],"version-history":[{"count":0,"href":"https:\/\/www.europesays.com\/es\/wp-json\/wp\/v2\/posts\/310309\/revisions"}],"wp:featuredmedia":[{"embeddable":true,"href":"https:\/\/www.europesays.com\/es\/wp-json\/wp\/v2\/media\/310310"}],"wp:attachment":[{"href":"https:\/\/www.europesays.com\/es\/wp-json\/wp\/v2\/media?parent=310309"}],"wp:term":[{"taxonomy":"category","embeddable":true,"href":"https:\/\/www.europesays.com\/es\/wp-json\/wp\/v2\/categories?post=310309"},{"taxonomy":"post_tag","embeddable":true,"href":"https:\/\/www.europesays.com\/es\/wp-json\/wp\/v2\/tags?post=310309"}],"curies":[{"name":"wp","href":"https:\/\/api.w.org\/{rel}","templated":true}]}}