{"id":310326,"date":"2025-12-27T19:02:10","date_gmt":"2025-12-27T19:02:10","guid":{"rendered":"https:\/\/www.europesays.com\/es\/310326\/"},"modified":"2025-12-27T19:02:10","modified_gmt":"2025-12-27T19:02:10","slug":"dos-estudios-confirman-la-efectividad-de-la-vacuna-del-papiloma-humano","status":"publish","type":"post","link":"https:\/\/www.europesays.com\/es\/310326\/","title":{"rendered":"Dos estudios confirman la efectividad de la vacuna del papiloma humano"},"content":{"rendered":"<p>Fue en 1983 cuando el m\u00e9dico alem\u00e1n Harald Zur Hausen demostr\u00f3 que el c\u00e1ncer de cuello uterino \u2013o de c\u00e9rvix\u2013 estaba causado por ciertos tipos  &#8230; del virus del papiloma humano (VPH). Su descubrimiento, que le llevar\u00eda a ganar el Premio Nobel de Medicina en 2008, fue capital porque hasta entonces no se cre\u00eda que un virus pudiera provocar c\u00e1ncer y, m\u00e1s todav\u00eda, porque abri\u00f3 la puerta al desarrollo de vacunas para un tumor que hasta entonces hab\u00eda sido el segundo m\u00e1s frecuente entre las mujeres. En la actualidad es el cuarto \u2013solo por detr\u00e1s del de mama, el colorrectal y el de pulm\u00f3n\u2013 y causa m\u00e1s de 300.000 muertes al a\u00f1o en todo el mundo.<\/p>\n<p class=\"v-p\">Dos nuevos estudios que incluyen a 132 millones de personas han ratificado la seguridad de estas vacunas y, de paso, han confirmado la efectividad de inocular el remedio a ni\u00f1os y ni\u00f1as antes de los 16 a\u00f1os. En concreto, en el caso de estas \u00faltimas, se ha demostrado que ten\u00edan un 80% menos de probabilidades de desarrollar este tipo de tumor. Los trabajos han certificado tambi\u00e9n que sus posibles efectos secundarios son leves y no van m\u00e1s all\u00e1 de dolor o inflamaci\u00f3n en la zona de la inyecci\u00f3n. \u00abEs una vacuna recomendada al cien por cien, incluso en mujeres infectadas porque protege contra otras cepas del virus y contra posibles reinfecciones\u00bb, explica Teresa D\u00edez, ginec\u00f3loga del hospital de Basurto. \u00abEn Euskadi se administra a todos las ni\u00f1as y ni\u00f1os a los 12 a\u00f1os, a estos \u00faltimos desde el curso 2023-24. Lo ideal es hacerlo antes de que comiencen a tener relaciones sexuales. Y si no se les ha administrado por circunstancias como haber nacido en el extranjero, se financia su inoculaci\u00f3n a mujeres nacidas a partir de 1995 y a los varones desde 2007\u00bb, a\u00f1ade la especialista.<\/p>\n<p>Nueve cepas oncog\u00e9nicas<\/p>\n<p class=\"v-p\">La primera de estas investigaciones \u2013en ambos casos se trata de revisiones de estudios anteriores\u2013 resume 60 ensayos que contaron con m\u00e1s de 150.000 participantes. Su conclusi\u00f3n es que todas las vacunas analizadas mostraron su efectividad para prevenir infecciones que pudieran terminar en c\u00e1ncer de \u00fatero adem\u00e1s de otras enfermedades que puede causar el VHP como el c\u00e1ncer de ano, vagina, pene y de garganta. Aunque no se hizo un seguimiento a largo plazo \u2013estos tumores pueden tardar a\u00f1os en aparecer\u2013, s\u00ed que demostraron una reducci\u00f3n de las alteraciones precancerosas en el cuello uterino en mujeres de entre 15 y 25 a\u00f1os.<\/p>\n<p class=\"v-p\">La segunda revisi\u00f3n es mucho m\u00e1s amplia e incluye 225 estudios con m\u00e1s de 132 millones de personas en varios pa\u00edses. Adem\u00e1s del mencionado 80% de reducci\u00f3n del riesgo en el c\u00e1ncer de c\u00e9rvix, apunta tambi\u00e9n una bajada en las verrugas anogenitales, tambi\u00e9n causadas por el virus del papiloma.<\/p>\n<p class=\"v-p\">El cuello uterino es la parte final del \u00fatero y lo conecta con la vagina. Consta de dos partes, la inferior, llamada ectoc\u00e9rvix ( o exoc\u00e9rvix), y el endoc\u00e9rvix, m\u00e1s interior. \u00abEl virus, que infecta de forma asintom\u00e1tica a entre el 70 y el 90% de la poblaci\u00f3n sexualmente activa y normalmente se resuelve en dos a\u00f1os, suele asentarse en la uni\u00f3n escamocolumnar, que es el punto donde se unen ambas. Existen unos 150 tipos, de los que la vacuna que se administra en Euskadi protege frente a nueve. Las m\u00e1s oncog\u00e9nicas son la 16 y la 18. Las siete restantes no son tan agresivas pero tambi\u00e9n pueden provocar c\u00e1ncer\u00bb, detalla la especialista vasca.<\/p>\n<p>Desmienten los bulos sobre la infertilidad y la esclerosis m\u00faltiple<\/p>\n<p class=\"v-p \">\nLo que tambi\u00e9n descartan estas dos revisiones son los bulos alimentados en las redes sociales sobre las presuntas consecuencias de esta vacuna. Entre esas afirmaciones falsas se encuentran que aumenta la incidencia de enfermedades autoinmunes como el s\u00edndrome de Guillain-Barr\u00e9 \u2013un ataque de las defensas del organismo a los nervios perif\u00e9ricos\u2013 o la esclerosis m\u00faltiple \u2013el sistema inmune destruye la mielina, la sustancia que recubre el cableado del cerebro\u2013. Tambi\u00e9n se ha asegurado que causa infertilidad. \u00abEn todos los casos se ha visto que era mentira, todos esos bulos han quedado desestimados. Los \u00fanicos efectos secundarios son los habituales de cualquier vacuna en forma de dolor o hinchaz\u00f3n en la zona de la inyecci\u00f3n\u00bb, explica la ginec\u00f3loga Teresa D\u00edez.<\/p>\n","protected":false},"excerpt":{"rendered":"Fue en 1983 cuando el m\u00e9dico alem\u00e1n Harald Zur Hausen demostr\u00f3 que el c\u00e1ncer de cuello uterino \u2013o&hellip;\n","protected":false},"author":2,"featured_media":310327,"comment_status":"","ping_status":"","sticky":false,"template":"","format":"standard","meta":{"footnotes":""},"categories":[92],"tags":[8824,1563,32829,25,24,1084,165,4296,4295,166,23,8177],"class_list":{"0":"post-310326","1":"post","2":"type-post","3":"status-publish","4":"format-standard","5":"has-post-thumbnail","7":"category-salud","8":"tag-confirman","9":"tag-dos","10":"tag-efectividad","11":"tag-es","12":"tag-espana","13":"tag-estudios","14":"tag-health","15":"tag-humano","16":"tag-papiloma","17":"tag-salud","18":"tag-spain","19":"tag-vacuna"},"share_on_mastodon":{"url":"https:\/\/pubeurope.com\/@es\/115793084165941087","error":""},"_links":{"self":[{"href":"https:\/\/www.europesays.com\/es\/wp-json\/wp\/v2\/posts\/310326","targetHints":{"allow":["GET"]}}],"collection":[{"href":"https:\/\/www.europesays.com\/es\/wp-json\/wp\/v2\/posts"}],"about":[{"href":"https:\/\/www.europesays.com\/es\/wp-json\/wp\/v2\/types\/post"}],"author":[{"embeddable":true,"href":"https:\/\/www.europesays.com\/es\/wp-json\/wp\/v2\/users\/2"}],"replies":[{"embeddable":true,"href":"https:\/\/www.europesays.com\/es\/wp-json\/wp\/v2\/comments?post=310326"}],"version-history":[{"count":0,"href":"https:\/\/www.europesays.com\/es\/wp-json\/wp\/v2\/posts\/310326\/revisions"}],"wp:featuredmedia":[{"embeddable":true,"href":"https:\/\/www.europesays.com\/es\/wp-json\/wp\/v2\/media\/310327"}],"wp:attachment":[{"href":"https:\/\/www.europesays.com\/es\/wp-json\/wp\/v2\/media?parent=310326"}],"wp:term":[{"taxonomy":"category","embeddable":true,"href":"https:\/\/www.europesays.com\/es\/wp-json\/wp\/v2\/categories?post=310326"},{"taxonomy":"post_tag","embeddable":true,"href":"https:\/\/www.europesays.com\/es\/wp-json\/wp\/v2\/tags?post=310326"}],"curies":[{"name":"wp","href":"https:\/\/api.w.org\/{rel}","templated":true}]}}