{"id":310363,"date":"2025-12-27T19:32:34","date_gmt":"2025-12-27T19:32:34","guid":{"rendered":"https:\/\/www.europesays.com\/es\/310363\/"},"modified":"2025-12-27T19:32:34","modified_gmt":"2025-12-27T19:32:34","slug":"actualidad-buscador-ayto-pinto-es-13","status":"publish","type":"post","link":"https:\/\/www.europesays.com\/es\/310363\/","title":{"rendered":"Actualidad buscador &#8211; ayto-pinto.es"},"content":{"rendered":"<p><strong>\u2022 Un a\u00f1o m\u00e1s, en el Recinto Ferial, este 27 de diciembre tienes una cita en Pinto para adelantarte al a\u00f1o nuevo con las espectaculares Preuvas<\/strong><\/p>\n<p><strong>\u2022 Adem\u00e1s el domingo 28, la Villa de la Navidad recibe a la popular cantante de OT1, Ver\u00f3nica Romero, en un concierto gratuito desde las 12:30<\/strong><\/p>\n<p><strong>\u2022 Un domingo donde viviremos tambi\u00e9n la cl\u00e1sica San Pinte\u00f1a, con todos los dorsales agotados<\/strong><\/p>\n<p>Pinto se prepara para despedir el a\u00f1o 2025. Las Preuvas, el concierto de Ver\u00f3nica Romero y la San Pinte\u00f1a protagonizan un espectacular fin de semana, el \u00faltimo del a\u00f1o, con la mira puesta en un esperanzador 2026.\u00a0<\/p>\n<p>Ya desde este <strong>viernes 26\u00a0<\/strong>podremos disfrutar desde las 12:30 horas en la Villa de la Navidad, del espect\u00e1culo infantil &#8216;Las hadas de la Navidad&#8217;. Y a las 18:00 horas, el ciclo de m\u00fasica en la calle en el Parque del Egido. La m\u00fasica continuar\u00e1 durante la noche, en el Espacio Joven del Recinto Ferial, y los DJs Luke Garc\u00eda y Sandro Bianchi, desde las 20:30 horas<\/p>\n<p>La gran fiesta llegar\u00e1 el<strong> s\u00e1bado 27<\/strong>. Primero con el espect\u00e1culo Big Naughty Stars con el core\u00f3grafo local, Domi Cort\u00e9s, de la Escuela de Danza Montse S\u00e1nchez. A las 13:30 horas, en la Villa de la Navidad.\u00a0<\/p>\n<p>A las 17:00 horas del s\u00e1bado, los amantes del gospel tienen una cita en la Escuela Municipal de M\u00fasica, con el espect\u00e1culo Enclave Gospel, dentro del ciclo navide\u00f1o &#8216;Voces del Cielo&#8217;.\u00a0<\/p>\n<p>Y por fin, desde las 19:00 horas, arrancar\u00e1n unas Preuvas muy especiales, con la Orquesta Liverpool, Bacarr\u00e1 On Tour, la simb\u00f3lica cuenta atr\u00e1s de las campanadas, fuegos artificiales y m\u00e1s m\u00fasica. A las 18:30 horas est\u00e1 previsto el reparto de miles de bolsas de cotill\u00f3n, para engalanarse y adelantarse al fin de a\u00f1o. No olvides traer tus uvas, gominolas o lo que desees, para dar la bienvenida al 2026.\u00a0<\/p>\n<p><img decoding=\"async\" data-fileentryid=\"1993281\" src=\"https:\/\/www.europesays.com\/es\/wp-content\/uploads\/2025\/12\/c8b3b60c-9018-2c8b-ea8c-2f314073c1b8\"\/><\/p>\n<p>\u00a0<\/p>\n<p> <strong>VER\u00d3NICA EN CONCIERTO<\/strong> <\/p>\n<p>Ya el <strong>domingo 28<\/strong>, viviremos la cl\u00e1sica San Pinte\u00f1a por las calles de la ciudad, en una nueva edici\u00f3n donde se han agotado los dorsales. Desde las 10:00 horas, con salida y llegada en el Recinto Ferial.\u00a0<\/p>\n<p>Y a las 12:30 horas, la popular cantante Ver\u00f3nica Romero nos traer\u00e1 su espect\u00e1culo &#8216;Contigo es Navidad&#8217;, en la Villa de la Navidad. Una actuaci\u00f3n gratuita, para toda la familia.\u00a0<\/p>\n<p>Tambi\u00e9n el 28 de diciembre, en la Villa de la Navidad, disfrutaremos del Mercado Infantil, que cumple su segunda edici\u00f3n, con fines solidarios.\u00a0<\/p>\n<p><img decoding=\"async\" data-fileentryid=\"1993265\" src=\"https:\/\/www.europesays.com\/es\/wp-content\/uploads\/2025\/12\/0a357cae-e50a-85cc-5a3e-0d9b8354aa21\"\/><\/p>\n<p>\u00a0<\/p>\n<p> <strong>DONACI\u00d3N DE SANGRE SOLIDARIA<\/strong> <\/p>\n<p>Adem\u00e1s este s\u00e1bado 27, habr\u00e1 una campa\u00f1a especial de donaci\u00f3n de sangre en la Avda. Antonio L\u00f3pez, frente a la Villa de la Navidad. El objetivo es llegar a las 50 donaciones y por cada donaci\u00f3n, podr\u00e1s recibir una pulsera de la Villa de la Navidad, para disfrutar gratis de todas las atracciones.\u00a0<\/p>\n<p><img decoding=\"async\" data-fileentryid=\"1993249\" src=\"https:\/\/www.europesays.com\/es\/wp-content\/uploads\/2025\/12\/8bdc11e9-0942-4217-08d2-6e3b3e0ad970\"\/><\/p>\n<p>\u00a0<\/p>\n","protected":false},"excerpt":{"rendered":"\u2022 Un a\u00f1o m\u00e1s, en el Recinto Ferial, este 27 de diciembre tienes una cita en Pinto para&hellip;\n","protected":false},"author":2,"featured_media":310364,"comment_status":"","ping_status":"","sticky":false,"template":"","format":"standard","meta":{"footnotes":""},"categories":[5],"tags":[66392,17,18,25,24,24132,13,14,3869,11,22723,19,20,9,7207,10,15,16,20961,73101,23,12,21,22],"class_list":{"0":"post-310363","1":"post","2":"type-post","3":"status-publish","4":"format-standard","5":"has-post-thumbnail","7":"category-titulares","8":"tag-12-diciembre","9":"tag-breaking-news","10":"tag-breakingnews","11":"tag-es","12":"tag-espana","13":"tag-etiquetas-hemeroteca-2025","14":"tag-featured-news","15":"tag-featurednews","16":"tag-festejos","17":"tag-headlines","18":"tag-hemeroteca-2025","19":"tag-latest-news","20":"tag-latestnews","21":"tag-news","22":"tag-notas-de-prensa","23":"tag-noticias","24":"tag-noticias-destacadas","25":"tag-noticiasdestacadas","26":"tag-pinto","27":"tag-preuvas","28":"tag-spain","29":"tag-titulares","30":"tag-ultimas-noticias","31":"tag-ultimasnoticias"},"share_on_mastodon":{"url":"https:\/\/pubeurope.com\/@es\/115793202521507684","error":""},"_links":{"self":[{"href":"https:\/\/www.europesays.com\/es\/wp-json\/wp\/v2\/posts\/310363","targetHints":{"allow":["GET"]}}],"collection":[{"href":"https:\/\/www.europesays.com\/es\/wp-json\/wp\/v2\/posts"}],"about":[{"href":"https:\/\/www.europesays.com\/es\/wp-json\/wp\/v2\/types\/post"}],"author":[{"embeddable":true,"href":"https:\/\/www.europesays.com\/es\/wp-json\/wp\/v2\/users\/2"}],"replies":[{"embeddable":true,"href":"https:\/\/www.europesays.com\/es\/wp-json\/wp\/v2\/comments?post=310363"}],"version-history":[{"count":0,"href":"https:\/\/www.europesays.com\/es\/wp-json\/wp\/v2\/posts\/310363\/revisions"}],"wp:featuredmedia":[{"embeddable":true,"href":"https:\/\/www.europesays.com\/es\/wp-json\/wp\/v2\/media\/310364"}],"wp:attachment":[{"href":"https:\/\/www.europesays.com\/es\/wp-json\/wp\/v2\/media?parent=310363"}],"wp:term":[{"taxonomy":"category","embeddable":true,"href":"https:\/\/www.europesays.com\/es\/wp-json\/wp\/v2\/categories?post=310363"},{"taxonomy":"post_tag","embeddable":true,"href":"https:\/\/www.europesays.com\/es\/wp-json\/wp\/v2\/tags?post=310363"}],"curies":[{"name":"wp","href":"https:\/\/api.w.org\/{rel}","templated":true}]}}