{"id":310388,"date":"2025-12-27T19:54:11","date_gmt":"2025-12-27T19:54:11","guid":{"rendered":"https:\/\/www.europesays.com\/es\/310388\/"},"modified":"2025-12-27T19:54:11","modified_gmt":"2025-12-27T19:54:11","slug":"las-elecciones-de-aragon-evidencian-la-ruptura-a-la-izquierda-del-psoe","status":"publish","type":"post","link":"https:\/\/www.europesays.com\/es\/310388\/","title":{"rendered":"Las elecciones de Arag\u00f3n evidencian la ruptura a la izquierda del PSOE"},"content":{"rendered":"<p>La presentaci\u00f3n de coaliciones para las elecciones auton\u00f3micas de <a href=\"https:\/\/theobjective.com\/etiqueta\/aragon\/\" rel=\"nofollow noopener\" target=\"_blank\">Arag\u00f3n<\/a> del pr\u00f3ximo 8 de febrero ha evidenciado la ruptura a la izquierda del <a href=\"https:\/\/theobjective.com\/etiqueta\/psoe\/\" rel=\"nofollow noopener\" target=\"_blank\">PSOE<\/a>, al haber finalmente tres candidaturas distintas debido a las diferencias entre <strong>Podemos<\/strong> y <strong>Sumar<\/strong>, lo que convierte la ansiada y pregonada unidad en una quimera. El plazo para registrar coaliciones finaliz\u00f3 anoche sin un acuerdo global, y finalmente habr\u00e1 tres candidaturas a la izquierda del PSOE en Arag\u00f3n: IU y Sumar por un lado, Podemos y Alianza Verde por otro, y la Chunta Aragonesista en solitario. Todas estas opciones fragmentar\u00e1n m\u00e1s el voto del electorado, lo que puede complicar la obtenci\u00f3n de esca\u00f1os a la izquierda en Arag\u00f3n, teniendo en cuenta c\u00f3mo funciona la ley electoral en Espa\u00f1a.<\/p>\n<p>Seg\u00fan informa la agencia EFE, la candidata del PSOE y exministra <strong>Pilar Alegr\u00eda<\/strong> ha lamentado este s\u00e1bado en un acto en Sabi\u00f1\u00e1nigo (Huesca) esta divisi\u00f3n, porque, seg\u00fan ha dicho, \u201cel adversario para la izquierda y para los progresistas en esta comunidad est\u00e1 en el Partido Popular y en Vox\u201d. \u201cY por eso me parec\u00eda importante que el resto de la izquierda hubiera podido llegar a esa candidatura \u00fanica, pero, evidentemente, los por qu\u00e9s de unos y otros no han hecho posible ese acuerdo\u201d, ha declarado. Tambi\u00e9n ha lamentado este escenario la coordinadora general e IU Arag\u00f3n y cabeza de lista de la candidatura con Sumar, Marta Abengochea, que en una rueda de prensa celebrada este s\u00e1bado en Zaragoza ha asegurado que su partido ha trabajado \u201cintensamente\u201d en las \u00faltimas semanas para lograr \u201clos m\u00e1ximos acuerdos posibles\u201d.<\/p>\n<p>En las recientes elecciones auton\u00f3micas de Extremadura s\u00ed hubo una candidatura unitaria bajo el nombre de Unidas por Extremadura, encabezada por<strong> Irene de Miguel<\/strong> y que logr\u00f3 mejorar sus resultados frente a los anteriores comicios, al pasar de 4 a 7 esca\u00f1os. Pero este caso fue muy particular y va camino de ser excepcional, al tratarse de una candidatura integrada por Podemos e IU y de la que no form\u00f3 parte Sumar, que no tiene implantaci\u00f3n territorial en Extremadura y decidi\u00f3 limitarse a apoyar una marca ya consolidada. En el caso de Arag\u00f3n no ha habido una negociaci\u00f3n multilateral entre IU, Sumar, Podemos y la Chunta, aunque s\u00ed ha habido conversaciones bilaterales entre la mayor\u00eda de estas formaciones, salvo entre Sumar y Podemos.<\/p>\n<p>Y esta ausencia de negociaciones y conversaciones globales ha sido lo que llev\u00f3 a la Chunta a desmarcarse con una coalici\u00f3n en solitario, a pesar de que la formaci\u00f3n comparte grupo parlamentario en el Congreso con Sumar e IU. Por su parte, Podemos quer\u00eda replicar una coalici\u00f3n con IU y sin Sumar, al igual que en Extremadura, y fuentes de los morados reprochan a IU que haya priorizado seguir de la mano de la formaci\u00f3n de<strong> Yolanda D\u00edaz<\/strong>. A la espera de saber qu\u00e9 ocurrir\u00e1 en las urnas, por ahora lo \u00fanico claro es que el registro de coaliciones electorales en Arag\u00f3n ha evidenciado la ruptura existente a la izquierda del PSOE, debido a las diferencias irreconciliables de Podemos con Sumar en el tablero nacional.<\/p>\n<p>Unas diferencias que acabaron en ruptura tras las elecciones generales de 2023, cuando los diputados de Podemos decidieron abandonar la coalici\u00f3n parlamentaria liderada por la vicepresidenta segunda del Gobierno, Yolanda D\u00edaz. Desde entonces, Podemos ha abogado por construir coaliciones electorales lo m\u00e1s amplias posibles con los partidos de la \u201cizquierda transformadora\u201d, excluyendo de esta ecuaci\u00f3n a Sumar, formaci\u00f3n a la que ve muy pr\u00f3xima a los socialistas, con quienes gobierna en coalici\u00f3n. Tras las elecciones de Arag\u00f3n, este a\u00f1o hay previstas auton\u00f3micas en Castilla y Le\u00f3n y en Andaluc\u00eda, y en 2027 como tarde llegar\u00e1n las generales, todo ello dentro de un nuevo ciclo electoral en el que previsiblemente la ruptura entre Podemos y Sumar impedir\u00e1 repetir coaliciones de unidad a la izquierda del PSOE.<\/p>\n","protected":false},"excerpt":{"rendered":"La presentaci\u00f3n de coaliciones para las elecciones auton\u00f3micas de Arag\u00f3n del pr\u00f3ximo 8 de febrero ha evidenciado la&hellip;\n","protected":false},"author":2,"featured_media":310389,"comment_status":"","ping_status":"","sticky":false,"template":"","format":"standard","meta":{"footnotes":""},"categories":[8],"tags":[72164,17,18,4374,25,24,13,14,11,19,20,9,10,15,16,6067,23,4453,12,21,22],"class_list":{"0":"post-310388","1":"post","2":"type-post","3":"status-publish","4":"format-standard","5":"has-post-thumbnail","7":"category-espana","8":"tag-aragu00f3n","9":"tag-breaking-news","10":"tag-breakingnews","11":"tag-elecciones","12":"tag-es","13":"tag-espana","14":"tag-featured-news","15":"tag-featurednews","16":"tag-headlines","17":"tag-latest-news","18":"tag-latestnews","19":"tag-news","20":"tag-noticias","21":"tag-noticias-destacadas","22":"tag-noticiasdestacadas","23":"tag-podemos","24":"tag-spain","25":"tag-sumar","26":"tag-titulares","27":"tag-ultimas-noticias","28":"tag-ultimasnoticias"},"share_on_mastodon":{"url":"https:\/\/pubeurope.com\/@es\/115793288616643203","error":""},"_links":{"self":[{"href":"https:\/\/www.europesays.com\/es\/wp-json\/wp\/v2\/posts\/310388","targetHints":{"allow":["GET"]}}],"collection":[{"href":"https:\/\/www.europesays.com\/es\/wp-json\/wp\/v2\/posts"}],"about":[{"href":"https:\/\/www.europesays.com\/es\/wp-json\/wp\/v2\/types\/post"}],"author":[{"embeddable":true,"href":"https:\/\/www.europesays.com\/es\/wp-json\/wp\/v2\/users\/2"}],"replies":[{"embeddable":true,"href":"https:\/\/www.europesays.com\/es\/wp-json\/wp\/v2\/comments?post=310388"}],"version-history":[{"count":0,"href":"https:\/\/www.europesays.com\/es\/wp-json\/wp\/v2\/posts\/310388\/revisions"}],"wp:featuredmedia":[{"embeddable":true,"href":"https:\/\/www.europesays.com\/es\/wp-json\/wp\/v2\/media\/310389"}],"wp:attachment":[{"href":"https:\/\/www.europesays.com\/es\/wp-json\/wp\/v2\/media?parent=310388"}],"wp:term":[{"taxonomy":"category","embeddable":true,"href":"https:\/\/www.europesays.com\/es\/wp-json\/wp\/v2\/categories?post=310388"},{"taxonomy":"post_tag","embeddable":true,"href":"https:\/\/www.europesays.com\/es\/wp-json\/wp\/v2\/tags?post=310388"}],"curies":[{"name":"wp","href":"https:\/\/api.w.org\/{rel}","templated":true}]}}