{"id":310390,"date":"2025-12-27T19:55:10","date_gmt":"2025-12-27T19:55:10","guid":{"rendered":"https:\/\/www.europesays.com\/es\/310390\/"},"modified":"2025-12-27T19:55:10","modified_gmt":"2025-12-27T19:55:10","slug":"el-entrenador-del-valencia-femenino-b-uno-de-los-desaparecidos-en-el-naufragio-de-indonesia-futbol","status":"publish","type":"post","link":"https:\/\/www.europesays.com\/es\/310390\/","title":{"rendered":"El entrenador del Valencia Femenino B, uno de los desaparecidos en el naufragio de Indonesia | F\u00fatbol"},"content":{"rendered":"<p>El Valencia se ha mostrado \u00abconsternado\u00bb por el supuesto fallecimiento de Fernando Mart\u00edn, entrenador del Valencia CF Femenino B, en el naufragio de una embarcaci\u00f3n en Indonesia en la que viajaba junto al resto de su familia, un accidente en el que tambi\u00e9n han muerto tres de sus hijos, todos menores de edad.<\/p>\n<p>\u00abEl Valencia CF est\u00e1 profundamente consternado tras el fallecimiento de Fernando Mart\u00edn, entrenador del Valencia CF Femenino B, y tres de sus hijos en un tr\u00e1gico accidente de barco sufrido en Indonesia, tal y como han confirmado las autoridades locales. Desde el club queremos enviar, en un momento tan dif\u00edcil para todos, nuestro apoyo y condolencias a familiares, amigos y compa\u00f1eros del Valencia CF, Valencia CF Femenino y Academia VCF\u00bb, se\u00f1al\u00f3 en un comunicado.<\/p>\n<p>Cuatro miembros de la familia, Mart\u00edn y tres hijos menores de entre 9 y 12 a\u00f1os, se encuentran todav\u00eda desaparecidos en Indonesia tras el naufragio de un barco tur\u00edstico. Otras dos espa\u00f1olas, la mujer del hombre desaparecido y una de las hijas de la pareja, pudieron ser rescatadas de la embarcaci\u00f3n y se encuentran bien.<\/p>\n<p>El barco transportaba a once personas cuando se hundi\u00f3 esta pasada noche cerca de la isla de Padar, en las proximidades del destino tur\u00edstico de Labuan Bajo y al este de Bali. El equipo de b\u00fasqueda y rescate de Labuan Bajo ha podido salvar a siete personas, entre ellas las dos espa\u00f1olas, cuatro tripulantes y un gu\u00eda tur\u00edstico, mientras que el dispositivo mantiene su actividad en b\u00fasqueda de los cuatro desaparecidos.<\/p>\n<p>Fernando Mart\u00edn Carreras, que como jugador hizo carrera en diversos clubes de la Comunidad Valenciana, la Cultural Leonesa y el Cartagena, asumi\u00f3 esta temporada el puesto de entrenador del Valencia Femenino B, de Tercera RFEF<\/p>\n","protected":false},"excerpt":{"rendered":"El Valencia se ha mostrado \u00abconsternado\u00bb por el supuesto fallecimiento de Fernando Mart\u00edn, entrenador del Valencia CF Femenino&hellip;\n","protected":false},"author":2,"featured_media":310391,"comment_status":"","ping_status":"","sticky":false,"template":"","format":"standard","meta":{"footnotes":""},"categories":[5],"tags":[17,18,25,24,13,14,11,19,20,9,10,15,16,23,12,21,22],"class_list":{"0":"post-310390","1":"post","2":"type-post","3":"status-publish","4":"format-standard","5":"has-post-thumbnail","7":"category-titulares","8":"tag-breaking-news","9":"tag-breakingnews","10":"tag-es","11":"tag-espana","12":"tag-featured-news","13":"tag-featurednews","14":"tag-headlines","15":"tag-latest-news","16":"tag-latestnews","17":"tag-news","18":"tag-noticias","19":"tag-noticias-destacadas","20":"tag-noticiasdestacadas","21":"tag-spain","22":"tag-titulares","23":"tag-ultimas-noticias","24":"tag-ultimasnoticias"},"share_on_mastodon":{"url":"https:\/\/pubeurope.com\/@es\/115793292334361873","error":""},"_links":{"self":[{"href":"https:\/\/www.europesays.com\/es\/wp-json\/wp\/v2\/posts\/310390","targetHints":{"allow":["GET"]}}],"collection":[{"href":"https:\/\/www.europesays.com\/es\/wp-json\/wp\/v2\/posts"}],"about":[{"href":"https:\/\/www.europesays.com\/es\/wp-json\/wp\/v2\/types\/post"}],"author":[{"embeddable":true,"href":"https:\/\/www.europesays.com\/es\/wp-json\/wp\/v2\/users\/2"}],"replies":[{"embeddable":true,"href":"https:\/\/www.europesays.com\/es\/wp-json\/wp\/v2\/comments?post=310390"}],"version-history":[{"count":0,"href":"https:\/\/www.europesays.com\/es\/wp-json\/wp\/v2\/posts\/310390\/revisions"}],"wp:featuredmedia":[{"embeddable":true,"href":"https:\/\/www.europesays.com\/es\/wp-json\/wp\/v2\/media\/310391"}],"wp:attachment":[{"href":"https:\/\/www.europesays.com\/es\/wp-json\/wp\/v2\/media?parent=310390"}],"wp:term":[{"taxonomy":"category","embeddable":true,"href":"https:\/\/www.europesays.com\/es\/wp-json\/wp\/v2\/categories?post=310390"},{"taxonomy":"post_tag","embeddable":true,"href":"https:\/\/www.europesays.com\/es\/wp-json\/wp\/v2\/tags?post=310390"}],"curies":[{"name":"wp","href":"https:\/\/api.w.org\/{rel}","templated":true}]}}