{"id":310398,"date":"2025-12-27T20:06:13","date_gmt":"2025-12-27T20:06:13","guid":{"rendered":"https:\/\/www.europesays.com\/es\/310398\/"},"modified":"2025-12-27T20:06:13","modified_gmt":"2025-12-27T20:06:13","slug":"vivir-en-un-piso-pequeno-no-significa-renunciar-al-confort-ni-al-diseno","status":"publish","type":"post","link":"https:\/\/www.europesays.com\/es\/310398\/","title":{"rendered":"Vivir en un piso peque\u00f1o no significa renunciar al confort ni al dise\u00f1o"},"content":{"rendered":"<p>Vivir en un <a href=\"https:\/\/www.elmueble.com\/casas\/pequenas\/diez-pisos-pequenos-con-las-mejores-ideas-para-aprovechar-espacio_40495\" rel=\"nofollow noopener\" target=\"_blank\">piso peque\u00f1o<\/a> es, para muchos, un desaf\u00edo constante: d\u00f3nde almacenar, c\u00f3mo organizar, qu\u00e9 muebles elegir o c\u00f3mo evitar que la casa se vea saturada. Sin embargo, para la <strong>interiorista Laura Mart\u00ednez<\/strong>, con su propio estudio hom\u00f3nimo y con m\u00e1s de quince a\u00f1os de experiencia, <strong>los metros cuadrados no determinan la calidad de vida<\/strong>: lo hace el dise\u00f1o. Su enfoque, profundamente humano, parte de entender c\u00f3mo vive cada persona y c\u00f3mo debe responder el espacio a esas necesidades. Y desde ah\u00ed, dar forma a hogares funcionales, acogedores y llenos de alma.<\/p>\n<p>\u00abVivir en un espacio peque\u00f1o <strong>no significa renunciar al confort ni al dise\u00f1o<\/strong>\u00ab, explica. \u00abTrabajamos para que cada metro cuadrado se convierta en <strong>una oportunidad para expresar estilo, funcionalidad y personalidad<\/strong>\u00ab. Bajo esta premisa, la interiorista desgrana las claves que mejor funcionan para <a href=\"https:\/\/www.elmueble.com\/decoracion\/trucos-muy-faciles-para-transformar-piso-pequeno-2025-sin-obras-ni-reformas_59100\" rel=\"nofollow noopener\" target=\"_blank\">transformar una casa peque\u00f1a<\/a> en un lugar amplio en sensaciones.<\/p>\n<p>&#13;<img decoding=\"async\" src=\"https:\/\/www.europesays.com\/es\/wp-content\/uploads\/2025\/09\/salon-con-chimenea-y-estantes-00538420_e246611b_250829125723_600x600.webp.webp\" alt=\"salon con chimenea y estantes 00538420\" class=\"image lazyload\"\/><\/p>\n<p class=\"epigraph\">\u00bfLo sab\u00edas?<\/p>\n<p><a href=\"https:\/\/www.elmueble.com\/decoracion\/jordan-samson-interiorista-colocar-todos-tus-muebles-pegados-pared-puede-parecer-que-hace-tu-salon-mas-grande-dificulta-conversacion-flujo-espacio_61516\" rel=\"nofollow noopener\" target=\"_blank\">Estos son los errores decorativos que podr\u00edan arruinar tu sal\u00f3n (seg\u00fan un interiorista)<\/a><br \/>\n&#13;<\/p>\n<p>My Player placeholder<\/p>\n<p>\u00a1Haz clic en el v\u00eddeo y descubre las mejores ideas para aprovechar el espacio en pisos peque\u00f1os!<\/p>\n<p class=\"by\">RBA<\/p>\n<p>Ideas para pisos pequen\u0303os<\/p>\n<p>Muebles a medida<\/p>\n<p>Si hay un recurso que Laura Mart\u00ednez defiende sin dudar es el mobiliario hecho a medida. \u00abLos muebles a medida son <strong>grandes aliados cuando se trata de optimizar metros<\/strong>\u00ab, afirma. Y no es casual: permiten ajustarse exactamente a las proporciones de cada estancia, aprovechar rincones complicados y generar almacenaje inteligente sin sobrecargar la vista.<\/p>\n<p>Desde bancos con hueco inferior, cabeceros con repisa integrada, hasta estanter\u00edas empotradas que desaparecen en la arquitectura, la personalizaci\u00f3n permite <strong>mantener un orden visual impecable y despejar la circulaci\u00f3n<\/strong>. Para la interiorista, son soluciones que aportan calma y evitan la sensaci\u00f3n de caos tan frecuente en viviendas peque\u00f1as.<\/p>\n<p><img loading=\"lazy\" decoding=\"async\" src=\"https:\/\/www.europesays.com\/es\/wp-content\/uploads\/2025\/12\/las-cortinas-blancas-siempre-que_44e16b65_251215200416_1000x1333.webp.webp\" alt=\"las cortinas blancas siempre que\" class=\"lazyload\" width=\"1000\" height=\"1333\" data-aspectratio=\"1000\/1333\"\/>&#13;El Mueble<br \/>\nLa luz, el recurso que ampl\u00eda\u00a0<\/p>\n<p>La luz, tanto natural como artificial, es otra de las herramientas fundamentales. Mart\u00ednez lo resume de forma clara: \u00abLa luz juega un papel fundamental. Potenciar la iluminaci\u00f3n natural mediante <strong>cortinas ligeras, tejidos transl\u00facidos y paletas crom\u00e1ticas suaves<\/strong> ayuda a que el ambiente se perciba m\u00e1s amplio y fresco\u00bb.<\/p>\n<p>En sus proyectos es habitual encontrar estores que<strong> filtran la luz, tejidos vaporosos y una gama de colores neutros <\/strong>que reflejan claridad sin perder calidez. La luz artificial, por su parte, se construye en capas: \u00abLas tiras LED ocultas, los apliques murales o las l\u00e1mparas suspendidas crean <strong>profundidad y atm\u00f3sfera sin restar superficie \u00fatil<\/strong>\u00ab. De esta manera, se evita llenar el espacio de l\u00e1mparas voluminosas y se consigue una iluminaci\u00f3n envolvente.<\/p>\n<p><img loading=\"lazy\" decoding=\"async\" src=\"https:\/\/www.europesays.com\/es\/wp-content\/uploads\/2025\/12\/recibidor-piso-pequeno_3b9c39d1_251208214625_1000x954.webp.webp\" alt=\"Recibidor piso peque\u00f1o\" class=\"lazyload\" width=\"1000\" height=\"954\" data-aspectratio=\"1000\/954\"\/>&#13;Estudio de Interiorismo Laura Mart\u00ednez<br \/>\nTexturas naturales\u00a0<\/p>\n<p>Aunque el blanco, los beiges o los tonos piedra ayudan a agrandar visualmente los espacios, Laura Mart\u00ednez insiste en que un interior<strong> no debe caer en la monoton\u00eda<\/strong>. \u00abLos colores claros ampl\u00edan visualmente los espacios, pero para evitar la monoton\u00eda es esencial incorporar distintas texturas\u00bb, explica.<\/p>\n<p>En su estudio suelen trabajar con<strong> maderas naturales, linos, cer\u00e1micas artesanales o piedras suaves<\/strong> que a\u00f1aden riqueza sensorial sin saturar. Para la interiorista, un espacio peque\u00f1o puede ser <strong>grande en sensaciones si se combina un equilibrio crom\u00e1tico<\/strong> bien estudiado con materiales que aporten calidez y verdad.<\/p>\n<p><img loading=\"lazy\" decoding=\"async\" src=\"https:\/\/www.europesays.com\/es\/wp-content\/uploads\/2025\/12\/dormitorio-piso-pequeno_43cbf916_251208214656_1000x667.webp.webp\" alt=\"Dormitorio piso peque\u00f1o\" class=\"lazyload\" width=\"1000\" height=\"667\" data-aspectratio=\"1000\/667\"\/>&#13;Estudio de Interiorismo Laura Mart\u00ednez<br \/>\nOrden, coherencia y prop\u00f3sito<\/p>\n<p>Si los metros escasean, el orden se convierte en una <strong>obligaci\u00f3n est\u00e9tica y funcional<\/strong>. Mart\u00ednez lo expresa as\u00ed: \u00abEl orden y la coherencia visual son imprescindibles. Cada objeto debe tener un prop\u00f3sito y una raz\u00f3n para estar all\u00ed; de esta manera, el ambiente se percibe armonioso y funcional\u00bb.<\/p>\n<p>Su recomendaci\u00f3n pasa siempre por <strong>usar almacenaje oculto, piezas vers\u00e1tiles y evitar acumular objetos sin sentido<\/strong>. El objetivo es que el espacio respire, que la vista fluya de un punto a otro sin interrupciones.<\/p>\n<p>&#13;<img decoding=\"async\" src=\"https:\/\/www.europesays.com\/es\/wp-content\/uploads\/2025\/12\/cocina-abierta_15729a26_251127165105_600x600.webp.webp\" alt=\"Cocina abierta\" class=\"image lazyload\"\/><\/p>\n<p class=\"epigraph\">Opini\u00f3n de experta<\/p>\n<p><a href=\"https:\/\/www.elmueble.com\/estancias\/laura-martinez-interiorista-cocinas-que-mas-me-enamoran-son-semiabiertas-son-solucion-mas-equilibrada-realista_62841\" rel=\"nofollow noopener\" target=\"_blank\">Cocinas semiabiertas, las favoritas de las interioristas<\/a><br \/>\n<img loading=\"lazy\" decoding=\"async\" src=\"https:\/\/www.europesays.com\/es\/wp-content\/uploads\/2025\/12\/un-espejo-de-madera_f61ec4bc_251215200528_1000x1500.webp.webp\" alt=\"Un espejo de madera\" class=\"lazyload\" width=\"1000\" height=\"1500\" data-aspectratio=\"1000\/1500\"\/>&#13;El Mueble<br \/>\nDise\u00f1o consciente: la gran conclusi\u00f3n<\/p>\n<p>En palabras de Mart\u00ednez, \u00abaprovechar los espacios peque\u00f1os sin perder el estilo es una cuesti\u00f3n de dise\u00f1o consciente, equilibrio y autenticidad\u00bb. Su estudio apuesta por <strong>transformar cada cent\u00edmetro en una oportunidad<\/strong> para inspirar bienestar, belleza y armon\u00eda.<\/p>\n<p>Una filosof\u00eda que, lejos de quedarse en lo conceptual, aplica en cada proyecto: desde pisos diminutos hasta <strong>locales comerciales que requieren soluciones ingeniosas<\/strong>. Porque, al final, los metros son solo n\u00fameros. Lo que realmente transforma un espacio es la intenci\u00f3n con la que se dise\u00f1a y la vida que se quiere vivir dentro de \u00e9l.<\/p>\n","protected":false},"excerpt":{"rendered":"Vivir en un piso peque\u00f1o es, para muchos, un desaf\u00edo constante: d\u00f3nde almacenar, c\u00f3mo organizar, qu\u00e9 muebles elegir&hellip;\n","protected":false},"author":2,"featured_media":310399,"comment_status":"","ping_status":"","sticky":false,"template":"","format":"standard","meta":{"footnotes":""},"categories":[173],"tags":[229,233,231,230,232,234,146,147,25,24,23],"class_list":{"0":"post-310398","1":"post","2":"type-post","3":"status-publish","4":"format-standard","5":"has-post-thumbnail","7":"category-arte-y-diseno","8":"tag-arte","9":"tag-arte-y-diseno","10":"tag-arts","11":"tag-arts-and-design","12":"tag-design","13":"tag-diseno","14":"tag-entertainment","15":"tag-entretenimiento","16":"tag-es","17":"tag-espana","18":"tag-spain"},"share_on_mastodon":{"url":"https:\/\/pubeurope.com\/@es\/115793335877276158","error":""},"_links":{"self":[{"href":"https:\/\/www.europesays.com\/es\/wp-json\/wp\/v2\/posts\/310398","targetHints":{"allow":["GET"]}}],"collection":[{"href":"https:\/\/www.europesays.com\/es\/wp-json\/wp\/v2\/posts"}],"about":[{"href":"https:\/\/www.europesays.com\/es\/wp-json\/wp\/v2\/types\/post"}],"author":[{"embeddable":true,"href":"https:\/\/www.europesays.com\/es\/wp-json\/wp\/v2\/users\/2"}],"replies":[{"embeddable":true,"href":"https:\/\/www.europesays.com\/es\/wp-json\/wp\/v2\/comments?post=310398"}],"version-history":[{"count":0,"href":"https:\/\/www.europesays.com\/es\/wp-json\/wp\/v2\/posts\/310398\/revisions"}],"wp:featuredmedia":[{"embeddable":true,"href":"https:\/\/www.europesays.com\/es\/wp-json\/wp\/v2\/media\/310399"}],"wp:attachment":[{"href":"https:\/\/www.europesays.com\/es\/wp-json\/wp\/v2\/media?parent=310398"}],"wp:term":[{"taxonomy":"category","embeddable":true,"href":"https:\/\/www.europesays.com\/es\/wp-json\/wp\/v2\/categories?post=310398"},{"taxonomy":"post_tag","embeddable":true,"href":"https:\/\/www.europesays.com\/es\/wp-json\/wp\/v2\/tags?post=310398"}],"curies":[{"name":"wp","href":"https:\/\/api.w.org\/{rel}","templated":true}]}}