{"id":310414,"date":"2025-12-27T20:15:12","date_gmt":"2025-12-27T20:15:12","guid":{"rendered":"https:\/\/www.europesays.com\/es\/310414\/"},"modified":"2025-12-27T20:15:12","modified_gmt":"2025-12-27T20:15:12","slug":"un-alto-cargo-de-ford-confirma-mas-modelos-en-camino","status":"publish","type":"post","link":"https:\/\/www.europesays.com\/es\/310414\/","title":{"rendered":"Un alto cargo de Ford confirma m\u00e1s modelos en camino"},"content":{"rendered":"<p data-journey-content=\"true\" data-node-id=\"3\" class=\"css-6wxqfj emevuu60\">El mundo de los todoterreno ha sido tradicionalmente m\u00e1s eficaz que divertido. Un mundo que se mide en reductoras, diferenciales, suspensiones o ruedas todoterreno. Sin embargo <strong data-node-id=\"3.1\">Ford le puso un toque de picante al mundo off-road con la llegada en 2010 del Ford F-150 Raptor<\/strong>. Un pick-up que apostaba en mayor medida por la diversi\u00f3n, acompa\u00f1ando todo ese entramado todoterreno con la excitante mec\u00e1nica de un Muscle Car y un enfoque m\u00e1s propio de un coche de Baja.<\/p>\n<p data-journey-content=\"true\" data-node-id=\"6\" class=\"css-6wxqfj emevuu60\">Una d\u00e9cada y media despu\u00e9s el sello Raptor est\u00e1 presente no solo en el <a href=\"https:\/\/www.caranddriver.com\/es\/coches\/novedades\/a36052426\/ford-f-150-raptor-r\/\" target=\"_blank\" data-vars-ga-outbound-link=\"https:\/\/www.caranddriver.com\/es\/coches\/novedades\/a36052426\/ford-f-150-raptor-r\/\" data-vars-ga-ux-element=\"Hyperlink\" data-vars-ga-call-to-action=\"F-150 con dos versiones\" data-node-id=\"6.1\" class=\"body-link css-168zq96 emevuu60\" rel=\"nofollow noopener\">F-150 con dos versiones<\/a>, si no tambi\u00e9n en el <a href=\"https:\/\/www.caranddriver.com\/es\/coches\/novedades\/a33346503\/ford-bronco-raptor\/\" target=\"_blank\" data-vars-ga-outbound-link=\"https:\/\/www.caranddriver.com\/es\/coches\/novedades\/a33346503\/ford-bronco-raptor\/\" data-vars-ga-ux-element=\"Hyperlink\" data-vars-ga-call-to-action=\"Bronco\" data-node-id=\"6.3\" class=\"body-link css-168zq96 emevuu60\" rel=\"nofollow noopener\">Bronco<\/a>, en el <a href=\"https:\/\/www.caranddriver.com\/es\/pruebas-coches\/a42566610\/ford-ranger-raptor-2023-test-conduccion\/\" target=\"_blank\" data-vars-ga-outbound-link=\"https:\/\/www.caranddriver.com\/es\/pruebas-coches\/a42566610\/ford-ranger-raptor-2023-test-conduccion\/\" data-vars-ga-ux-element=\"Hyperlink\" data-vars-ga-call-to-action=\"Ranger\" data-node-id=\"6.5\" class=\"body-link css-168zq96 emevuu60\" rel=\"nofollow noopener\">Ranger<\/a> presente incluso en Europa y hasta en el rally m\u00e1s duro del mundo con el equipo <a href=\"https:\/\/www.caranddriver.com\/es\/motorsport\/a69810351\/carlos-sainz-ford-previa-dakar-2026\/\" target=\"_blank\" data-vars-ga-outbound-link=\"https:\/\/www.caranddriver.com\/es\/motorsport\/a69810351\/carlos-sainz-ford-previa-dakar-2026\/\" data-vars-ga-ux-element=\"Hyperlink\" data-vars-ga-call-to-action=\"Ford Racing liderado por Carlos Sainz\" data-node-id=\"6.7\" class=\"body-link css-168zq96 emevuu60\" rel=\"nofollow noopener\">Ford Racing liderado por Carlos Sainz<\/a> y Nani Roma y el espectacular <a href=\"https:\/\/www.caranddriver.com\/es\/motorsport\/a46435099\/ford-raptor-dakar-2025\/\" target=\"_blank\" data-vars-ga-outbound-link=\"https:\/\/www.caranddriver.com\/es\/motorsport\/a46435099\/ford-raptor-dakar-2025\/\" data-vars-ga-ux-element=\"Hyperlink\" data-vars-ga-call-to-action=\"Ford Raptor T1+\" data-node-id=\"6.9\" class=\"body-link css-168zq96 emevuu60\" rel=\"nofollow noopener\">Ford Raptor T1+<\/a>.<\/p>\n<p data-journey-content=\"true\" data-node-id=\"8\" class=\"css-6wxqfj emevuu60\">Con este crecimiento de la familia cabe preguntarse \u00bfQu\u00e9 viene ahora? Pues <strong data-node-id=\"8.1\">seg\u00fan un alto cargo de Ford hay nuevos modelos Raptor en camino<\/strong>. <\/p>\n<p data-journey-content=\"true\" data-node-id=\"12\" class=\"css-6wxqfj emevuu60\">As\u00ed lo ha confirmado <strong data-node-id=\"12.1\">Sherry House, directora financiera de Ford<\/strong>, durante la Conferencia Global de Tecnolog\u00eda Automotriz y de Movilidad de Barclays de 2025. Consciente de la creciente base de seguidores de la marca Raptor, la ejecutiva ha adelantado que la marca del \u00f3valo prepara m\u00e1s para el futuro.<\/p>\n<p>\u00abUna marca que la gente adora\u00bb<\/p>\n<p data-journey-content=\"true\" data-node-id=\"15\" class=\"css-6wxqfj emevuu60\">\u00abS\u00e9 que algunos de los presentes disfrutaron de un viaje maravilloso en algunos de nuestros Raptor, y creo que ese es <strong data-node-id=\"15.1\">un producto que tambi\u00e9n vamos a desarrollar con m\u00e1s frecuencia<\/strong>\u00ab, contaba House. \u00ab<strong data-node-id=\"15.3\">Nos vamos a centrar en estos productos que son simplemente productos apasionantes<\/strong>. Es decir, son veh\u00edculos que la gente adora\u00bb.<\/p>\n<p><img draggable=\"true\" alt=\"ford f150 raptor r truck navigating a desert landscape\" title=\"Ford F150 raptor r truck navigating a desert landscape\" loading=\"lazy\" width=\"5000\" height=\"3333\" decoding=\"async\" data-nimg=\"1\" style=\"color:transparent;width:100%;height:auto;\"   src=\"https:\/\/www.europesays.com\/es\/wp-content\/uploads\/2025\/12\/2025-ford-f-150-raptor-r-3-694ad808c72b5.jpg\" class=\"css-0 e1g79fud0\"\/><a target=\"_blank\" rel=\"noopener nofollow\" data-theme-key=\"base-link\" href=\"https:\/\/pinterest.com\/pin\/create\/button\/?url=https:\/\/www.caranddriver.com\/es\/coches\/planeta-motor\/a69856911\/ford-mas-modelos-raptor\/&amp;description=&amp;media=https:\/\/hips.hearstapps.com\/hmg-prod\/images\/2025-ford-f-150-raptor-r-3-694ad808c72b5.jpg?resize=1600:*\" class=\"pinterest css-on9hn5 e1c1bym14\"><img decoding=\"async\" data-dynamic-svg=\"true\" src=\"https:\/\/www.caranddriver.com\/_assets\/design-tokens\/fre\/static\/icons\/social\/pinterest.e8cf655.svg?primary=%2523ffffff\" loading=\"lazy\" data-testid=\"dynamic-svg-base\" height=\"auto\" width=\"auto\" alt=\"pinterest\" class=\"css-4lml0h e1mlxuuw1\"\/><\/a><\/p>\n<p>Ford<\/p>\n<p data-journey-content=\"true\" data-node-id=\"18\" class=\"css-6wxqfj emevuu60\">Lo cierto es que no es la primera vez que o\u00edmos hablar de una ampliaci\u00f3n de la familia Raptor, pero nunca con esta concreci\u00f3n de la mano de un alto cargo de la marca americana. La cuesti\u00f3n ahora es, <strong data-node-id=\"18.1\">qu\u00e9 modelos podr\u00edan recibir una versi\u00f3n Raptor<\/strong>. Con el Bronco ya con su propia variante, no quedan muchos m\u00e1s todoterrenos puros. <\/p>\n<blockquote data-theme-key=\"pullquote\" class=\"css-1eiql25 e1pe3zr91\">\n<blockquote class=\"css-fetnbk e1pe3zr90\"><p>La opci\u00f3n m\u00e1s loca (y plausible) es un Ford Mustang Raptor como rival de los Sterrato y 911 Dakar<\/p><\/blockquote>\n<\/blockquote>\n<p data-journey-content=\"true\" data-node-id=\"21\" class=\"css-6wxqfj emevuu60\">Quiz\u00e1s Ford se aventure a transformar en bestias todoterreno coches m\u00e1s \u00abterrenales\u00bb como el Ford Expedition, el Maverick o incluso el Bronco Sport, estos dos \u00faltimos con la plataforma C2, m\u00e1s pensada para coches \u00abSUV\u00bb que como todoterrenos de pura cepa.<\/p>\n<p>Un Sterrato para el Mustang<\/p>\n<p data-journey-content=\"true\" data-node-id=\"24\" class=\"css-6wxqfj emevuu60\">Pero hay otra posibilidad a\u00fan m\u00e1s loca que ya <strong data-node-id=\"24.1\"><a href=\"https:\/\/www.caranddriver.com\/es\/coches\/planeta-motor\/a63652828\/ford-raptor-supercar-off-road\/\" target=\"_blank\" data-vars-ga-outbound-link=\"https:\/\/www.caranddriver.com\/es\/coches\/planeta-motor\/a63652828\/ford-raptor-supercar-off-road\/\" data-vars-ga-ux-element=\"Hyperlink\" data-vars-ga-call-to-action=\"el CEO de Ford dej\u00f3 caer en su momento como forma de medirse a propuestas como el Lamborghini Hurac\u00e1n Sterrato y Porsche 911 Dakar\" data-node-id=\"24.1.0\" class=\"body-link css-168zq96 emevuu60\" rel=\"nofollow noopener\">el CEO de Ford dej\u00f3 caer en su momento como forma de medirse a propuestas como el Lamborghini Hurac\u00e1n Sterrato y Porsche 911 Dakar<\/a>: un Ford Mustang Raptor<\/strong>. Y puede que sea la que m\u00e1s posibilidades tiene de hacerse realidad. Un Mustang elevado de estilo todoterreno, que no un SUV, ser\u00eda la propuesta perfecta para seguir fascinando a los seguidores de la marca, e incluso a nosotros, y unir\u00eda las dos submarcas m\u00e1s apasionantes de Ford en un mismo coche.<\/p>\n<p data-journey-content=\"true\" data-node-id=\"26\" class=\"css-6wxqfj emevuu60\">El propio Jim Farley ya habl\u00f3 en su momento de un proyecto de superdeportivo todoterreno, y el Mustang parece ser la base perfecta. \u00bfCu\u00e1ndo llegar\u00e1? Esa es la gran pregunta que queda por responder, pero parece que los Raptor seguir\u00e1n de caza por dunas y desiertos durante mucho tiempo.<\/p>\n<p><img src=\"https:\/\/www.europesays.com\/es\/wp-content\/uploads\/2025\/12\/1766866512_455_9c0669bc-c282-4add-8b76-fade7a264928_1656062983.file\" alt=\"Headshot of Antonio Ramos Ochoa\" title=\"Headshot of Antonio Ramos Ochoa\" width=\"100%\" height=\"100%\" decoding=\"async\" loading=\"lazy\" class=\"css-o0wq4v ev8dhu53\"\/><\/p>\n<p>Especializado en el mundo del motor, la competici\u00f3n y la tecnolog\u00eda, Antonio Ramos Ochoa es redactor de Car and Driver. Se comenta que antes de bajarse del carro ya iba diciendo el nombre de los coches que iba viendo por la calle. Unos cuantos a\u00f1os despu\u00e9s sigue hablando de una de sus pasiones aqu\u00ed. Aficionado al Motorsport, el cine, videojuegos y la historia, incluso se desfoga de vez en cuando al volante de un kart o un simulador. \u00a0<\/p>\n","protected":false},"excerpt":{"rendered":"El mundo de los todoterreno ha sido tradicionalmente m\u00e1s eficaz que divertido. Un mundo que se mide en&hellip;\n","protected":false},"author":2,"featured_media":310415,"comment_status":"","ping_status":"","sticky":false,"template":"","format":"standard","meta":{"footnotes":""},"categories":[80],"tags":[82,253,95,94,25,24,23],"class_list":{"0":"post-310414","1":"post","2":"type-post","3":"status-publish","4":"format-standard","5":"has-post-thumbnail","7":"category-economia","8":"tag-business","9":"tag-discover","10":"tag-economia","11":"tag-economy","12":"tag-es","13":"tag-espana","14":"tag-spain"},"share_on_mastodon":{"url":"https:\/\/pubeurope.com\/@es\/115793371192667459","error":""},"_links":{"self":[{"href":"https:\/\/www.europesays.com\/es\/wp-json\/wp\/v2\/posts\/310414","targetHints":{"allow":["GET"]}}],"collection":[{"href":"https:\/\/www.europesays.com\/es\/wp-json\/wp\/v2\/posts"}],"about":[{"href":"https:\/\/www.europesays.com\/es\/wp-json\/wp\/v2\/types\/post"}],"author":[{"embeddable":true,"href":"https:\/\/www.europesays.com\/es\/wp-json\/wp\/v2\/users\/2"}],"replies":[{"embeddable":true,"href":"https:\/\/www.europesays.com\/es\/wp-json\/wp\/v2\/comments?post=310414"}],"version-history":[{"count":0,"href":"https:\/\/www.europesays.com\/es\/wp-json\/wp\/v2\/posts\/310414\/revisions"}],"wp:featuredmedia":[{"embeddable":true,"href":"https:\/\/www.europesays.com\/es\/wp-json\/wp\/v2\/media\/310415"}],"wp:attachment":[{"href":"https:\/\/www.europesays.com\/es\/wp-json\/wp\/v2\/media?parent=310414"}],"wp:term":[{"taxonomy":"category","embeddable":true,"href":"https:\/\/www.europesays.com\/es\/wp-json\/wp\/v2\/categories?post=310414"},{"taxonomy":"post_tag","embeddable":true,"href":"https:\/\/www.europesays.com\/es\/wp-json\/wp\/v2\/tags?post=310414"}],"curies":[{"name":"wp","href":"https:\/\/api.w.org\/{rel}","templated":true}]}}