{"id":310435,"date":"2025-12-27T20:34:14","date_gmt":"2025-12-27T20:34:14","guid":{"rendered":"https:\/\/www.europesays.com\/es\/310435\/"},"modified":"2025-12-27T20:34:14","modified_gmt":"2025-12-27T20:34:14","slug":"isco-se-operara-el-lunes-en-madrid-y-estara-como-minimo-un-mes-mas-de-baja","status":"publish","type":"post","link":"https:\/\/www.europesays.com\/es\/310435\/","title":{"rendered":"Isco se operar\u00e1 el lunes en Madrid y estar\u00e1, como m\u00ednimo, un mes m\u00e1s de baja"},"content":{"rendered":"<p style=\"\">Malas noticias para el<strong> Real Betis<\/strong>. <strong>Isco Alarc\u00f3n<\/strong> tendr\u00e1 que volver a pasar por quir\u00f3fano y su baja se extender\u00e1 un poco m\u00e1s en el tiempo. El malague\u00f1o tiene un edema en el tobillo, fruto del golpe que recibi\u00f3 de su compa\u00f1ero  &#8230; <strong>Sofyan Amrabat<\/strong> el pasado 27 de noviembre. <\/p>\n<p class=\"voc-p\" style=\"\">De esta forma, seg\u00fan ha adelantado Mundo Betis, <strong>Isco tendr\u00e1 que someterse a una artroscopia<\/strong> para corregir la lesi\u00f3n intraarticular en la zona del cart\u00edlago de su tobillo. La operaci\u00f3n se llevar\u00e1 a cabo <strong>pasado ma\u00f1ana lunes, 29 de diciembre, en Madrid<\/strong>. Esto quiere decir que el jugador estar\u00e1 otro mes de baja como m\u00ednimo.<\/p>\n<p class=\"voc-p\" style=\"\">El jugador primero estuvo cur\u00e1ndose la herida que le produjo el choque con su compa\u00f1ero durante el partido de la <strong>Europa League frente al Utrecht<\/strong>, pero una vez curada, los servicios m\u00e9dicos detectaron esta lesi\u00f3n que lo llevar\u00e1 a entrar de nuevo en quir\u00f3fano. <\/p>\n<p class=\"voc-p\" style=\"\">Hace unos d\u00edas, el jefe de los servicios m\u00e9dicos del Real Betis, <strong>Jos\u00e9 Manuel \u00c1lvarez<\/strong>, emiti\u00f3 un <a href=\"https:\/\/www.abc.es\/deportes\/alfinaldelapalmera\/noticias-betis\/isco-20251219112314-nts.html\" target=\"_self\" data-voc-vtm-id=\"in-text-traffic\" title=\"mensaje a los medios de comunicaci\u00f3n para explicar en qu\u00e9 consist\u00eda la lesi\u00f3n del malague\u00f1o\" data-mrf-link=\"www.abc.es\" rel=\"nofollow noopener\">mensaje a los medios de comunicaci\u00f3n para explicar en qu\u00e9 consist\u00eda la lesi\u00f3n del malague\u00f1o<\/a>: \u00abNo s\u00f3lo se queda en una simple herida. La desafortunada jugada con Amrabat genera una alta intensidad en el impacto hasta el punto que le rompe la piel. Hay una herida, pero la herida es por un traumatismo, por una contusi\u00f3n de alta intensidad. En el caso de Amrabat, solo provoc\u00f3 un hematoma; en el caso de Isco se abri\u00f3 la piel. Pero no solo se genera esa herida en ese impacto, despu\u00e9s del impacto se genera un edema importante en toda la pierna que desciende hasta el tobillo y genera una peque\u00f1a<strong> lesi\u00f3n intraarticular en la zona del cart\u00edlago<\/strong>. Eso es lo que ocurri\u00f3 en el caso de Isco\u00bb.<\/p>\n<p class=\"voc-p\" style=\"\">Viendo que la evoluci\u00f3n del jugador no estaba siendo la deseada con el tratamiento elegido, los m\u00e9dicos ha reevaluado y se ha decidido entrar en quir\u00f3fano. <\/p>\n<p>\nPrimera vuelta perdida\n<\/p>\n<p class=\"voc-p\" style=\"\">Cabe recordar que el jugador del Betis tuvo que <a href=\"https:\/\/www.abc.es\/deportes\/alfinaldelapalmera\/noticias-betis\/pruebas-medicas-isco-apuntan-tres-meses-baja-20250810121308-nts.html\" target=\"_self\" data-voc-vtm-id=\"in-text-traffic\" title=\"ser sometido a una cirug\u00eda en agosto\" data-mrf-link=\"www.abc.es\" rel=\"nofollow noopener\">ser sometido a una cirug\u00eda en agosto<\/a>, tras recibir un golpe en el tobillo durante un M\u00e1laga &#8211; Betis amistoso de pretemporada. Se fractur\u00f3 el peron\u00e9 y ha estado apartado de los terrenos de juego durante <strong>tres meses<\/strong>.<\/p>\n<p class=\"voc-p\" style=\"\">Isco regres\u00f3 por todo lo alto en el Betis &#8211; Girona del pasado 23 de noviembre, partido en el que se anunci\u00f3 su renovaci\u00f3n por el conjunto verdiblanco y en el que disput\u00f3 media hora de juego. <strong>Pellegrini tambi\u00e9n quiso sacarlo de inicio en el duelo europeo ante el Utrecht<\/strong>, en el que s\u00f3lo pudo jugar 9 minutos, puesto que se produjo el incidente con Amrabat y ambos jugadores terminaron lesionados. <\/p>\n<p class=\"voc-p\" style=\"\">Ahora, tras este paso atr\u00e1s en su recuperaci\u00f3n, Isco vuelve a tener que posponer su regreso, al menos, hasta febrero. De esta forma, el malague\u00f1o se ha perdido la primera vuelta de esta campa\u00f1a 2025-26.<\/p>\n","protected":false},"excerpt":{"rendered":"Malas noticias para el Real Betis. Isco Alarc\u00f3n tendr\u00e1 que volver a pasar por quir\u00f3fano y su baja&hellip;\n","protected":false},"author":2,"featured_media":310436,"comment_status":"","ping_status":"","sticky":false,"template":"","format":"standard","meta":{"footnotes":""},"categories":[93],"tags":[6814,168,25,24,18527,1970,4797,27280,23,167,7705],"class_list":{"0":"post-310435","1":"post","2":"type-post","3":"status-publish","4":"format-standard","5":"has-post-thumbnail","7":"category-deportes","8":"tag-baja","9":"tag-deportes","10":"tag-es","11":"tag-espana","12":"tag-isco","13":"tag-mes","14":"tag-pasar","15":"tag-quirofano","16":"tag-spain","17":"tag-sports","18":"tag-volvera"},"share_on_mastodon":{"url":"https:\/\/pubeurope.com\/@es\/115793446028468356","error":""},"_links":{"self":[{"href":"https:\/\/www.europesays.com\/es\/wp-json\/wp\/v2\/posts\/310435","targetHints":{"allow":["GET"]}}],"collection":[{"href":"https:\/\/www.europesays.com\/es\/wp-json\/wp\/v2\/posts"}],"about":[{"href":"https:\/\/www.europesays.com\/es\/wp-json\/wp\/v2\/types\/post"}],"author":[{"embeddable":true,"href":"https:\/\/www.europesays.com\/es\/wp-json\/wp\/v2\/users\/2"}],"replies":[{"embeddable":true,"href":"https:\/\/www.europesays.com\/es\/wp-json\/wp\/v2\/comments?post=310435"}],"version-history":[{"count":0,"href":"https:\/\/www.europesays.com\/es\/wp-json\/wp\/v2\/posts\/310435\/revisions"}],"wp:featuredmedia":[{"embeddable":true,"href":"https:\/\/www.europesays.com\/es\/wp-json\/wp\/v2\/media\/310436"}],"wp:attachment":[{"href":"https:\/\/www.europesays.com\/es\/wp-json\/wp\/v2\/media?parent=310435"}],"wp:term":[{"taxonomy":"category","embeddable":true,"href":"https:\/\/www.europesays.com\/es\/wp-json\/wp\/v2\/categories?post=310435"},{"taxonomy":"post_tag","embeddable":true,"href":"https:\/\/www.europesays.com\/es\/wp-json\/wp\/v2\/tags?post=310435"}],"curies":[{"name":"wp","href":"https:\/\/api.w.org\/{rel}","templated":true}]}}