{"id":310473,"date":"2025-12-27T21:16:22","date_gmt":"2025-12-27T21:16:22","guid":{"rendered":"https:\/\/www.europesays.com\/es\/310473\/"},"modified":"2025-12-27T21:16:22","modified_gmt":"2025-12-27T21:16:22","slug":"presidente-de-la-federacion-de-golf-a-mito-pereira-le-quedaban-15-anos-de-carrera","status":"publish","type":"post","link":"https:\/\/www.europesays.com\/es\/310473\/","title":{"rendered":"Presidente de la Federaci\u00f3n de Golf: \u201cA Mito Pereira le quedaban 15 a\u00f1os de carrera\u201d"},"content":{"rendered":"<p class=\"article-body__paragraph\"><b>Mito Pereira <\/b>sacudi\u00f3 al golf chileno. <a href=\"https:\/\/www.latercera.com\/el-deportivo\/noticia\/golpe-al-golf-chileno-mito-pereira-anuncia-su-retiro\/\" target=\"_self\" rel=\"nofollow noopener\" title=\"https:\/\/www.latercera.com\/el-deportivo\/noticia\/golpe-al-golf-chileno-mito-pereira-anuncia-su-retiro\/\">Este lunes, el deportista anunci\u00f3 su retiro de la actividad.<\/a> Lo hace con solo 30 a\u00f1os, luego de dos temporadas para el olvido en el LIV. \u201cEscribo estas l\u00edneas para contarles que despu\u00e9s de un tiempo de reflexi\u00f3n he decidido poner t\u00e9rmino a mis carrera como golfista profesional. No es una determinaci\u00f3n que tome de la noche a la ma\u00f1ana. La ven\u00eda meditando y esperando el momento adecuado para comunicarla\u201d, expuso en sus redes sociales.<\/p>\n<p class=\"article-body__paragraph\"><a href=\"https:\/\/www.latercera.com\/el-deportivo\/noticia\/la-sinceridad-de-mito-pereira-si-no-hubiese-existido-el-liv-golf-no-me-hubiera-retirado-a-esta-edad\/\" target=\"_self\" rel=\"nofollow noopener\" title=\"https:\/\/www.latercera.com\/el-deportivo\/noticia\/la-sinceridad-de-mito-pereira-si-no-hubiese-existido-el-liv-golf-no-me-hubiera-retirado-a-esta-edad\/\">\u201cSi no hubiese existido el LIV Golf, no me hubiera retirado a esta edad.<\/a> <b>Hubiera tratado de llegar hasta ver cuando sintiera que lo lograra en t\u00e9rminos econ\u00f3micos.<\/b> Ahora, uno no puede estar viendo la cuenta corriente cuando eres deportista, cuando al principio tienes que pagar mucho\u201d, reconoci\u00f3 horas m\u00e1s tarde.<\/p>\n<p class=\"article-body__paragraph\">Desde la Federaci\u00f3n de Golf de Chile lamentan la decisi\u00f3n de Pereira. En entrevista con <b>El Deportivo<\/b>, el presidente del organismo, <b>Felipe Bertin<\/b>, reflexiona en torno a la noticia. \u201cLamentamos que haya terminado su carrera tan prematuramente, porque creemos que Mito pod\u00eda llegar a mucho m\u00e1s. Tiene solo 30 a\u00f1os. El pick de un golfista son los 35. Le quedaban 15 a\u00f1os de carrera, f\u00e1cil. Hab\u00eda dado mucho por el golf chileno, me acuerdo de lo que pas\u00f3 en los Juegos Ol\u00edmpicos, en el PGA Championship, y toda su carrera, que fue s\u00faper mete\u00f3rica y productiva\u201d, se\u00f1ala de entrada.<\/p>\n<p class=\"article-body__paragraph\"><b>\u00bfEstaban al tanto del retiro de Mito Pereira o los tom\u00f3 por sorpresa?<\/b><\/p>\n<p class=\"article-body__paragraph\">Hab\u00eda rumores&#8230; Yo no ten\u00eda directamente a alguien que me lo hubiera contado, pero hab\u00eda perdido la tarjeta del LIV, estaba lesionado, se hab\u00eda ca\u00eddo en bicicleta, se hab\u00eda quebrado la clav\u00edcula y estaba en recuperaci\u00f3n. <a href=\"https:\/\/www.instagram.com\/mito_pereira\/\" target=\"_self\" rel=\"nofollow noopener\" title=\"https:\/\/www.instagram.com\/mito_pereira\/\">Uno no lo cre\u00eda hasta que mand\u00f3 el comunicado, as\u00ed que lo lamentamos.<\/a><\/p>\n<p class=\"article-body__paragraph\"><b>\u00bfLos golpea que uno de sus exponentes se retire tan joven?, \u00bfafecta a las nuevas generaciones?<\/b><\/p>\n<p class=\"article-body__paragraph\">Sin duda nos afecta. Mito y Joaqu\u00edn Niemann son los exponentes m\u00e1ximos del golf chileno. Fue la \u00e9poca dorada, con los dos muy arriba. Que de los dos m\u00e1s importantes se baje uno, claramente afecta. Sin embargo, como federaci\u00f3n trabajamos mucho en el golf amateur y juvenil. Tenemos muchos potenciales nuevos jugadores, pero esto afecta a los j\u00f3venes en t\u00e9rminos de inspiraci\u00f3n, sin duda.<\/p>\n<p><img alt=\"\" class=\"global-image\" decoding=\"async\"  src=\"https:\/\/www.europesays.com\/es\/wp-content\/uploads\/2025\/12\/DEAHXC4COFFG5COX3IABONRISI.jpg\"  fetchpriority=\"low\" loading=\"lazy\"\/>Felipe Bertin, presidente de la Federaci\u00f3n de Golf. Miguel Gonz\ufffdlez <\/p>\n<p class=\"article-body__paragraph\"><b>\u00bfQu\u00e9 trabajo realizan para que aparezcan nuevos Pereira o nuevos Niemann?<\/b><\/p>\n<p class=\"article-body__paragraph\">En Chile hay campeonatos juveniles pr\u00e1cticamente todos los fines de semana, incluso se superponen. Tenemos academias de golf ultra competitivas, programas de golf juvenil, femenino y masculino, y cursos permanentes de reglas. Como federaci\u00f3n, en los \u00faltimos a\u00f1os hemos triplicado nuestro presupuesto y quintuplicado la salida al exterior. Acabamos de aprobar salir a\u00fan m\u00e1s y competir en campeonatos m\u00e1s exigentes, como en Estados Unidos y Europa. Gracias a ese trabajo, en el \u00faltimo tiempo hemos estado siempre en el top tres sudamericano y ganando campeonatos juveniles y prejuveniles. <\/p>\n<p class=\"article-body__paragraph\"><b>\u00bfCree que esto es un golpe al LIV, considerando que intenta competir con el PGA Tour?<\/b><\/p>\n<p class=\"article-body__paragraph\">El LIV no es igual al PGA Tour. El PGA es, sin duda, el tour m\u00e1s importante del mundo, con mucha historia, y es una carrera muy dif\u00edcil. Para poder jugar en el PGA Tour hay que partir por una qualy, o entrar al PGA Tour Am\u00e9rica, subir al Korn Ferry y despu\u00e9s al PGA Tour, lo cual es muy complejo. Se habla de unos 20 mil profesionales que quieren entrar a distintos tours, y al PGA solo llegan entre 175 y 225 jugadores. Es un n\u00famero muy reducido. El LIV es otra cosa, es mucho m\u00e1s comercial. Va a buscar a los mejores jugadores y, si aceptan, aceptan. Desde que llev\u00f3 a Jon Rahm no ha habido grandes contrataciones.<\/p>\n<p class=\"article-body__paragraph\"><b>\u00bfNo es competitivo?<\/b><\/p>\n<p class=\"article-body__paragraph\"><a href=\"https:\/\/www.latercera.com\/el-deportivo\/noticia\/los-cambios-del-liv-golf-para-2026-72-hoyos-niemann-como-bandera-y-mito-pereira-en-suspenso\/\" target=\"_self\" rel=\"nofollow noopener\" title=\"https:\/\/www.latercera.com\/el-deportivo\/noticia\/los-cambios-del-liv-golf-para-2026-72-hoyos-niemann-como-bandera-y-mito-pereira-en-suspenso\/\">El LIV ha ido haciendo ajustes. Puso el cuarto d\u00eda, busca tener jugadores con ranking y est\u00e1 trabajando con el tour asi\u00e1tico como v\u00eda de ingreso.<\/a> Pero si no obtiene un sistema de clasificaci\u00f3n m\u00e1s competitivo, esta racha no le va a durar mucho, lamentablemente para nosotros, porque ah\u00ed est\u00e1 Joaqu\u00edn Niemann.<\/p>\n<p class=\"article-body__paragraph\"><b>\u00bfSe debe apuntar a m\u00e1s competencia en vez de solo ofrecer cifras altas de dinero?<\/b><\/p>\n<p class=\"article-body__paragraph\">Exactamente. Claramente el LIV debe optar por una opci\u00f3n m\u00e1s competitiva.<\/p>\n<p class=\"article-body__paragraph\"><b>\u00bfExiste temor de que Niemann tambi\u00e9n termine su carrera joven?<\/b><\/p>\n<p class=\"article-body__paragraph\">No, porque est\u00e1 bien f\u00edsicamente. Lidera un equipo como capit\u00e1n, recordemos que el a\u00f1o pasado fue el que m\u00e1s campeonatos gan\u00f3. <a href=\"https:\/\/www.latercera.com\/el-deportivo\/noticia\/la-reaccion-de-joaquin-niemann-al-retiro-de-mito-pereira\/\" target=\"_self\" rel=\"nofollow noopener\" title=\"https:\/\/www.latercera.com\/el-deportivo\/noticia\/la-reaccion-de-joaquin-niemann-al-retiro-de-mito-pereira\/\">Perdi\u00f3 el torneo anual por un tema de formato, pero est\u00e1 en un momento totalmente distinto al de Mito.<\/a><\/p>\n<p class=\"article-body__paragraph\"><b>Mito tuvo un muy buen primer a\u00f1o en el LIV y luego baj\u00f3 su rendimiento. \u00bfA qu\u00e9 cree que se debi\u00f3?<\/b><\/p>\n<p class=\"article-body__paragraph\">No lo s\u00e9 con certeza. Puede ser por temas familiares o personales. El golf es un deporte muy mental y, si uno no est\u00e1 bien de cabeza, es dif\u00edcil hacer un buen score, porque el swing lo tiene. El a\u00f1o pasado vivi\u00f3 en Chile e iba y volv\u00eda a jugar campeonatos, y creo que eso tambi\u00e9n afecta. Estar en Estados Unidos, viviendo all\u00e1 y compitiendo semana a semana, influye mucho. Quiz\u00e1s no estaba tan motivado, y eso se refleja en su retiro prematuro.<\/p>\n<p class=\"article-body__paragraph\"><b>\u00bfLo ve participando en actividades del golf chileno o en alg\u00fan cargo federativo?<\/b><\/p>\n<p class=\"article-body__paragraph\">Sin duda. Mito no se va a quedar con los brazos cruzados. Algo va a hacer y seguramente ligado al golf. Esperamos que defina pronto su futuro y, si podemos contar con \u00e9l, va a ser muy importante.<\/p>\n<p><script async src=\"\/\/www.instagram.com\/embed.js\"><\/script><\/p>\n","protected":false},"excerpt":{"rendered":"Mito Pereira sacudi\u00f3 al golf chileno. Este lunes, el deportista anunci\u00f3 su retiro de la actividad. Lo hace&hellip;\n","protected":false},"author":2,"featured_media":310474,"comment_status":"","ping_status":"","sticky":false,"template":"","format":"standard","meta":{"footnotes":""},"categories":[275],"tags":[28552,168,25,24,73114,329,4544,334,968,4155,4545,7273,1960,744,23,167],"class_list":{"0":"post-310473","1":"post","2":"type-post","3":"status-publish","4":"format-standard","5":"has-post-thumbnail","7":"category-golf","8":"tag-chile-golf","9":"tag-deportes","10":"tag-es","11":"tag-espana","12":"tag-felipe-bertin","13":"tag-golf","14":"tag-joaquin-niemann","15":"tag-liv","16":"tag-liv-golf","17":"tag-lt-sabado","18":"tag-mito-pereira","19":"tag-pga","20":"tag-pga-tour","21":"tag-polideportivo","22":"tag-spain","23":"tag-sports"},"share_on_mastodon":{"url":"https:\/\/pubeurope.com\/@es\/115793612703534579","error":""},"_links":{"self":[{"href":"https:\/\/www.europesays.com\/es\/wp-json\/wp\/v2\/posts\/310473","targetHints":{"allow":["GET"]}}],"collection":[{"href":"https:\/\/www.europesays.com\/es\/wp-json\/wp\/v2\/posts"}],"about":[{"href":"https:\/\/www.europesays.com\/es\/wp-json\/wp\/v2\/types\/post"}],"author":[{"embeddable":true,"href":"https:\/\/www.europesays.com\/es\/wp-json\/wp\/v2\/users\/2"}],"replies":[{"embeddable":true,"href":"https:\/\/www.europesays.com\/es\/wp-json\/wp\/v2\/comments?post=310473"}],"version-history":[{"count":0,"href":"https:\/\/www.europesays.com\/es\/wp-json\/wp\/v2\/posts\/310473\/revisions"}],"wp:featuredmedia":[{"embeddable":true,"href":"https:\/\/www.europesays.com\/es\/wp-json\/wp\/v2\/media\/310474"}],"wp:attachment":[{"href":"https:\/\/www.europesays.com\/es\/wp-json\/wp\/v2\/media?parent=310473"}],"wp:term":[{"taxonomy":"category","embeddable":true,"href":"https:\/\/www.europesays.com\/es\/wp-json\/wp\/v2\/categories?post=310473"},{"taxonomy":"post_tag","embeddable":true,"href":"https:\/\/www.europesays.com\/es\/wp-json\/wp\/v2\/tags?post=310473"}],"curies":[{"name":"wp","href":"https:\/\/api.w.org\/{rel}","templated":true}]}}