{"id":310572,"date":"2025-12-27T22:36:10","date_gmt":"2025-12-27T22:36:10","guid":{"rendered":"https:\/\/www.europesays.com\/es\/310572\/"},"modified":"2025-12-27T22:36:10","modified_gmt":"2025-12-27T22:36:10","slug":"alejandro-amenabar-elige-las-mejores-peliculas-del-siglo-xxi","status":"publish","type":"post","link":"https:\/\/www.europesays.com\/es\/310572\/","title":{"rendered":"Alejandro Amen\u00e1bar elige las mejores pel\u00edculas del siglo XXI"},"content":{"rendered":"<p class=\"article-text\">\n        El cine espa\u00f1ol ha elegido las mejores pel\u00edculas del siglo XXI. En una votaci\u00f3n organizada por elDiario.es, 56 cineastas han escogido a\u00a0Mulholland Drive, de<a href=\"https:\/\/www.eldiario.es\/cultura\/cine\/muere-director-cine-david-lynch-autor-obras-maestras-terciopelo-azul-twin-peaks-78-anos_1_11970727.html\" target=\"_blank\" data-mrf-recirculation=\"links-noticia\" class=\"link\" rel=\"nofollow noopener\">\u00a0David Lynch<\/a>, como la mejor obra de estos \u00faltimos 25 a\u00f1os. Un podio que cierran\u00a0In the mood for love, de Wong Kar-Wai y\u00a0La ci\u00e9naga, de\u00a0<a href=\"https:\/\/www.eldiario.es\/cultura\/libros\/lucrecia-martel-cineasta-gente-abraza-verdades-eternas-facil-enganar_1_12797717.html\" target=\"_blank\" data-mrf-recirculation=\"links-noticia\" class=\"link\" rel=\"nofollow noopener\">Lucrecia Martel<\/a>. Esta es la lista de las mejores pel\u00edculas de <a href=\"https:\/\/www.eldiario.es\/cultura\/cine\/secretos-cautivo-amenabar-analiza-cuatro-escenas-nueva-pelicula-cervantes_1_12623194.html\" data-mrf-recirculation=\"links-noticia\" class=\"link\" rel=\"nofollow noopener\" target=\"_blank\">Alejandro Amen\u00e1bar<\/a>.\n    <\/p>\n","protected":false},"excerpt":{"rendered":"El cine espa\u00f1ol ha elegido las mejores pel\u00edculas del siglo XXI. En una votaci\u00f3n organizada por elDiario.es, 56&hellip;\n","protected":false},"author":2,"featured_media":310573,"comment_status":"","ping_status":"","sticky":false,"template":"","format":"standard","meta":{"footnotes":""},"categories":[174],"tags":[10114,15992,255,8194,146,147,25,24,256,804,753,9218,23,23098],"class_list":{"0":"post-310572","1":"post","2":"type-post","3":"status-publish","4":"format-standard","5":"has-post-thumbnail","7":"category-famosos","8":"tag-alejandro","9":"tag-amenabar","10":"tag-celebrities","11":"tag-elige","12":"tag-entertainment","13":"tag-entretenimiento","14":"tag-es","15":"tag-espana","16":"tag-famosos","17":"tag-mejores","18":"tag-peliculas","19":"tag-siglo","20":"tag-spain","21":"tag-xxi"},"share_on_mastodon":{"url":"https:\/\/pubeurope.com\/@es\/115793925449079131","error":""},"_links":{"self":[{"href":"https:\/\/www.europesays.com\/es\/wp-json\/wp\/v2\/posts\/310572","targetHints":{"allow":["GET"]}}],"collection":[{"href":"https:\/\/www.europesays.com\/es\/wp-json\/wp\/v2\/posts"}],"about":[{"href":"https:\/\/www.europesays.com\/es\/wp-json\/wp\/v2\/types\/post"}],"author":[{"embeddable":true,"href":"https:\/\/www.europesays.com\/es\/wp-json\/wp\/v2\/users\/2"}],"replies":[{"embeddable":true,"href":"https:\/\/www.europesays.com\/es\/wp-json\/wp\/v2\/comments?post=310572"}],"version-history":[{"count":0,"href":"https:\/\/www.europesays.com\/es\/wp-json\/wp\/v2\/posts\/310572\/revisions"}],"wp:featuredmedia":[{"embeddable":true,"href":"https:\/\/www.europesays.com\/es\/wp-json\/wp\/v2\/media\/310573"}],"wp:attachment":[{"href":"https:\/\/www.europesays.com\/es\/wp-json\/wp\/v2\/media?parent=310572"}],"wp:term":[{"taxonomy":"category","embeddable":true,"href":"https:\/\/www.europesays.com\/es\/wp-json\/wp\/v2\/categories?post=310572"},{"taxonomy":"post_tag","embeddable":true,"href":"https:\/\/www.europesays.com\/es\/wp-json\/wp\/v2\/tags?post=310572"}],"curies":[{"name":"wp","href":"https:\/\/api.w.org\/{rel}","templated":true}]}}