{"id":310597,"date":"2025-12-27T22:59:10","date_gmt":"2025-12-27T22:59:10","guid":{"rendered":"https:\/\/www.europesays.com\/es\/310597\/"},"modified":"2025-12-27T22:59:10","modified_gmt":"2025-12-27T22:59:10","slug":"el-baloncesto-balear-celebra-su-gran-fiesta-con-el-all-star-game-ib-red","status":"publish","type":"post","link":"https:\/\/www.europesays.com\/es\/310597\/","title":{"rendered":"El baloncesto balear celebra su gran fiesta con el All-Star Game IB-Red"},"content":{"rendered":"<p>El <a href=\"https:\/\/www.ultimahora.es\/etiqueta\/baloncesto.html?utm_source=Inline-tag&amp;utm_medium=internal\" rel=\"nofollow noopener\" target=\"_blank\">baloncesto<\/a> balear despide el a\u00f1o a lo grande celebrando <strong>la cuarta edici\u00f3n del All-Star Game IB-Red<\/strong> con las estrellas de las <strong>Lligues Escribano<\/strong>. Este a\u00f1o el evento se ha dividido en tres sedes con presencia en <strong>Mallorca, Menorca e Ibiza<\/strong>. Llucmajor fue el escenario del plato fuerte con la disputa de los partidos de las estrellas en categor\u00eda absoluta, tanto femenino como masculino, y los concursos de triples.<\/p>\n<p>El Polideportivo de Llucmajor present\u00f3 un gran ambiente, con alrededor de <strong>500 personas<\/strong> que acudieron a lo largo de la tarde en el pabell\u00f3n para disfrutar de esta gran fiesta y que ofreci\u00f3 dos partidos de gran nivel. Los grandes protagonistas de la jornada fueron<strong> Aina Font<\/strong>, jugadora del Instituto de Fertilidad, y <strong>Pep Mansilla<\/strong>, de La Salle Palma Errea Deporpalma, que fueron nombrados MVP de los partidos de las estrellas. Por su parte, <strong>Cata Estarellas<\/strong>, del AzulMarino La Salle, Palma, y <strong>V\u00edctor Vaquer<\/strong>, del Tianna Negre CEC Santa M\u00f2nica, se impusieron en los concursos de triples que volvieron a ser uno de los momentos m\u00e1s emocionantes de este evento y que, en ambos casos, los consiguieron en emocionantes finales.<\/p>\n<p>En <strong>Ciutadella e Ibiza<\/strong> tambi\u00e9n se disputaron los partidos del All-Star U22 en duelos entre combinados de cada una de las islas. En competici\u00f3n femenina Mallorca se impon\u00eda por 68-80 al combinado de Menorca, mientras que en masculino el conjunto Mallorca I superaba por 64-111 al combinado de Ibiza. Esta categor\u00eda finaliza el domingo con el partido U22 masculino entre los combinados de Menorca y el de Mallorca II.<\/p>\n<p><img loading=\"lazy\" decoding=\"async\" src=\"https:\/\/www.europesays.com\/es\/wp-content\/uploads\/2025\/12\/3616649.jpg\" border=\"0\" alt=\"\" width=\"2048\" height=\"1365\"\/>&#13;<br \/>\nImagen del partido femenino jugado en Llucmajor. Foto: TOM\u00c1S MONTES&#13;<\/p>\n<p>Una vez m\u00e1s, este evento cierra el calendario deportivo del a\u00f1o y lo hace con una sonrisa y un<strong> ambiente de deportividad y amistad<\/strong> que representa los valores que el baloncesto quiere transmitir a la sociedad.<\/p>\n","protected":false},"excerpt":{"rendered":"El baloncesto balear despide el a\u00f1o a lo grande celebrando la cuarta edici\u00f3n del All-Star Game IB-Red con&hellip;\n","protected":false},"author":2,"featured_media":310598,"comment_status":"","ping_status":"","sticky":false,"template":"","format":"standard","meta":{"footnotes":""},"categories":[269],"tags":[299,298,168,25,24,301,832,833,830,831,23,167],"class_list":{"0":"post-310597","1":"post","2":"type-post","3":"status-publish","4":"format-standard","5":"has-post-thumbnail","7":"category-baloncesto","8":"tag-baloncesto","9":"tag-basketball","10":"tag-deportes","11":"tag-es","12":"tag-espana","13":"tag-eurobasket","14":"tag-eurocup","15":"tag-euroliga","16":"tag-leb-oro","17":"tag-liga-acb","18":"tag-spain","19":"tag-sports"},"share_on_mastodon":{"url":"https:\/\/pubeurope.com\/@es\/115794016418808836","error":""},"_links":{"self":[{"href":"https:\/\/www.europesays.com\/es\/wp-json\/wp\/v2\/posts\/310597","targetHints":{"allow":["GET"]}}],"collection":[{"href":"https:\/\/www.europesays.com\/es\/wp-json\/wp\/v2\/posts"}],"about":[{"href":"https:\/\/www.europesays.com\/es\/wp-json\/wp\/v2\/types\/post"}],"author":[{"embeddable":true,"href":"https:\/\/www.europesays.com\/es\/wp-json\/wp\/v2\/users\/2"}],"replies":[{"embeddable":true,"href":"https:\/\/www.europesays.com\/es\/wp-json\/wp\/v2\/comments?post=310597"}],"version-history":[{"count":0,"href":"https:\/\/www.europesays.com\/es\/wp-json\/wp\/v2\/posts\/310597\/revisions"}],"wp:featuredmedia":[{"embeddable":true,"href":"https:\/\/www.europesays.com\/es\/wp-json\/wp\/v2\/media\/310598"}],"wp:attachment":[{"href":"https:\/\/www.europesays.com\/es\/wp-json\/wp\/v2\/media?parent=310597"}],"wp:term":[{"taxonomy":"category","embeddable":true,"href":"https:\/\/www.europesays.com\/es\/wp-json\/wp\/v2\/categories?post=310597"},{"taxonomy":"post_tag","embeddable":true,"href":"https:\/\/www.europesays.com\/es\/wp-json\/wp\/v2\/tags?post=310597"}],"curies":[{"name":"wp","href":"https:\/\/api.w.org\/{rel}","templated":true}]}}