{"id":310603,"date":"2025-12-27T23:04:10","date_gmt":"2025-12-27T23:04:10","guid":{"rendered":"https:\/\/www.europesays.com\/es\/310603\/"},"modified":"2025-12-27T23:04:10","modified_gmt":"2025-12-27T23:04:10","slug":"la-familia-de-los-espanoles-desaparecidos-en-el-naufragio-viaja-a-indonesia-para-repatriar-a-la-menor-rescatada","status":"publish","type":"post","link":"https:\/\/www.europesays.com\/es\/310603\/","title":{"rendered":"La familia de los espa\u00f1oles desaparecidos en el naufragio viaja a Indonesia para repatriar a la menor rescatada"},"content":{"rendered":"<p style=\"\">Las horas pasan para la familia de los espa\u00f1oles que han sufrido un naufragio en Indonesia. Entre el dolor y la incertidumbre, la prioridad ahora <strong>es encontrar un \u00absalvoconducto\u00bb<\/strong> que traiga a Espa\u00f1a a la menor rescatada de aguas del \u00cdndico cuanto antes y  &#8230; que Andrea, su madre, no pase los d\u00edas que dure la b\u00fasqueda del resto de la familia sola en el pa\u00eds asi\u00e1tico. <\/p>\n<p class=\"voc-p\" style=\"\">Mientras tanto, la esperanza de encontrar a Fernando y a sus tres hijos menores con vida se agota. <strong>\u00abSalvo un milagro&#8230;\u00bb<\/strong>, responde Enrique Ortu\u00f1o, padre de Andrea y abuelo de los menores, desde su casa en La Pobla, donde espera noticias junto a los otros dos hijos del matrimonio que no fueron al viaje. \u00c9l no ha perdido el contacto con su hija desde que ella y su nieta fueron rescatadas en una zodiac por la tripulaci\u00f3n.<\/p>\n<p class=\"voc-p\" style=\"\">Los trabajos de rescate cesaron al caer la noche en Indonesia y durar\u00e1n, al menos, tres d\u00edas m\u00e1s. Pasado ese tiempo, si no se encuentra ning\u00fan cuerpo se les dar\u00e1 por fallecidos. A la b\u00fasqueda se ha unido, adem\u00e1s de los equipos que han estado trabajando en la zona, una embarcaci\u00f3n m\u00e1s. \u00abPor el momento <strong>sin rastro, ni cuerpos, ni barco<\/strong>\u00bb, cuenta Enrique.<\/p>\n<p class=\"voc-p\" style=\"\">La familia pretende pasar varios d\u00edas en Indonesia mientras prosigue la b\u00fasqueda. Esta misma tarde, uno de los hermanos de la madre volaba rumbo Indonesia y ya se encuentra en el pa\u00eds. Adem\u00e1s, otros tres familiares m\u00e1s viajar\u00e1n en las pr\u00f3ximas horas. <\/p>\n<p class=\"voc-p\" style=\"\">La familia viajaba para hacer una de m\u00e1s de las excursiones que ten\u00edan programadas en las vacaciones navide\u00f1as, en este caso hacia la isla de Komodo para ver los dragones. \u00abLa tragedia ocurri\u00f3 ayer como a las 13 horas, hora espa\u00f1ola\u00bb, explicaba Ortu\u00f1o en declaraciones a ABC. Cuando se produjo el naufragio, Fernando y los tres menores se quedaron atrapados en el barco. \u00abSe parti\u00f3 el barco, se dio la vuelta y se llev\u00f3 a los ni\u00f1os y su padre para abajo\u00bb.<\/p>\n","protected":false},"excerpt":{"rendered":"Las horas pasan para la familia de los espa\u00f1oles que han sufrido un naufragio en Indonesia. Entre el&hellip;\n","protected":false},"author":2,"featured_media":310604,"comment_status":"","ping_status":"","sticky":false,"template":"","format":"standard","meta":{"footnotes":""},"categories":[171],"tags":[8056,146,147,25,24,11907,367,12606,2126,20886,30739,42232,23,214,4127],"class_list":{"0":"post-310603","1":"post","2":"type-post","3":"status-publish","4":"format-standard","5":"has-post-thumbnail","7":"category-tv","8":"tag-desaparecidos","9":"tag-entertainment","10":"tag-entretenimiento","11":"tag-es","12":"tag-espana","13":"tag-espanoles","14":"tag-familia","15":"tag-indonesia","16":"tag-menor","17":"tag-naufragio","18":"tag-repatriar","19":"tag-rescatada","20":"tag-spain","21":"tag-tv","22":"tag-viaja"},"share_on_mastodon":{"url":"https:\/\/pubeurope.com\/@es\/115794035643339442","error":""},"_links":{"self":[{"href":"https:\/\/www.europesays.com\/es\/wp-json\/wp\/v2\/posts\/310603","targetHints":{"allow":["GET"]}}],"collection":[{"href":"https:\/\/www.europesays.com\/es\/wp-json\/wp\/v2\/posts"}],"about":[{"href":"https:\/\/www.europesays.com\/es\/wp-json\/wp\/v2\/types\/post"}],"author":[{"embeddable":true,"href":"https:\/\/www.europesays.com\/es\/wp-json\/wp\/v2\/users\/2"}],"replies":[{"embeddable":true,"href":"https:\/\/www.europesays.com\/es\/wp-json\/wp\/v2\/comments?post=310603"}],"version-history":[{"count":0,"href":"https:\/\/www.europesays.com\/es\/wp-json\/wp\/v2\/posts\/310603\/revisions"}],"wp:featuredmedia":[{"embeddable":true,"href":"https:\/\/www.europesays.com\/es\/wp-json\/wp\/v2\/media\/310604"}],"wp:attachment":[{"href":"https:\/\/www.europesays.com\/es\/wp-json\/wp\/v2\/media?parent=310603"}],"wp:term":[{"taxonomy":"category","embeddable":true,"href":"https:\/\/www.europesays.com\/es\/wp-json\/wp\/v2\/categories?post=310603"},{"taxonomy":"post_tag","embeddable":true,"href":"https:\/\/www.europesays.com\/es\/wp-json\/wp\/v2\/tags?post=310603"}],"curies":[{"name":"wp","href":"https:\/\/api.w.org\/{rel}","templated":true}]}}