{"id":310605,"date":"2025-12-27T23:05:09","date_gmt":"2025-12-27T23:05:09","guid":{"rendered":"https:\/\/www.europesays.com\/es\/310605\/"},"modified":"2025-12-27T23:05:09","modified_gmt":"2025-12-27T23:05:09","slug":"harry-styles-publico-un-video-y-sorprendio-a-sus-fans-a-dos-anos-de-su-ultima-gira-de-shows","status":"publish","type":"post","link":"https:\/\/www.europesays.com\/es\/310605\/","title":{"rendered":"Harry Styles public\u00f3 un video y sorprendi\u00f3 a sus fans, a dos a\u00f1os de su \u00faltima gira de shows"},"content":{"rendered":"<p class=\"com-paragraph   --s\">\u201cBienvenidos al concierto final: 22 de julio de 2023\u2033. Es lo que se puede leer en la remera de un joven sentando en el pasto de lo que parece un gran show al aire libre. Se protege con un gorro playero de un sol de verano que pega fuerte. \u201cEscrito para ella\u201d, se escucha decir minutos despu\u00e9s a<strong> Harry Styles<\/strong>, antes de interpretar una canci\u00f3n intimista y emotiva, con fondo de piano y sintetizadores.<\/p>\n<p class=\"com-paragraph   --s\">En realidad, tanto lo que dice Styles como la fecha que se lee en la camiseta del chico es en italiano, porque <strong>fue en Italia donde el cantante brit\u00e1nico dio el \u00faltimo concierto de su gira m\u00e1s reciente<\/strong>. Y ese \u201cescrito para ella (\u201dscritto per lei\u00bb) puede ser para las miles de fans que fueron a verlo al RCF Arena italiano. De hecho, los primeros tres minutos (de los ocho que dura el clip) est\u00e1n dedicados a la previa de todas esas j\u00f3venes.<\/p>\n<p class=\"com-paragraph   --s\">El video comienza con fans del artista prepar\u00e1ndose para el concierto final, conversando mientras muestran sus pulseras de cuentas, se trenzan el cabello, comparten teor\u00edas sobre el atuendo del m\u00fasico y cantan con alegr\u00eda versos de \u201cSatellite\u201d, el cuarto sencillo de su tercer \u00e1lbum de estudio, Harry\u2019s House. <\/p>\n<p class=\"com-paragraph   --s\">Con el sol implacable que de a poco da paso al anochecer, las asistentes pasan la espera en grupos bailando coreograf\u00edas hasta la aparici\u00f3n del \u00eddolo ingl\u00e9s. <strong>Styles sube al escenario con todos los brillos de un traje de flecos dorados<\/strong>. Y para el final del recital se sienta al piano, estira una intro que es, ni m\u00e1s ni menos que el tema completo. Detr\u00e1s suena un colch\u00f3n de sintetizador. Seg\u00fan lo publicado en redes, el t\u00edtulo ser\u00eda \u201cForever, forever\u201d, a pesar de que para el final del video (que es tambi\u00e9n el final de aquel concierto), la c\u00e1mara hace foco en la multitud con sus celulares en alto, mientras se escuchan de fondo los t\u00edpicos fuegos artificiales de los cierres de shows, y se imprime en la pantalla la frase \u201cWe Belong Together\u201d (somos el uno para el otro).<\/p>\n<p>Imagen del nuevo video de Harry Styles: tarde de sol en el concierto final en Italia<\/p>\n<p class=\"com-paragraph   --s\">Como ya se\u00f1alaron algunos medios, no est\u00e1 claro si el clip es simplemente una conmemoraci\u00f3n del evento, un fragmento de un documental o <strong>un preludio al anuncio de nuevos lanzamientos<\/strong>. La \u00faltima vez que el m\u00fasico public\u00f3 un video en YouTube fue hace dos a\u00f1os: una retrospectiva de tres minutos y medio de la gira mundial, titulada Love On Tour, Forever. <\/p>\n<p>Imagen del nuevo video de Harry Styles: sus fans esperan antes del show<\/p>\n<p class=\"com-paragraph   --s\">Styles, quien salt\u00f3 a la fama como miembro de la boy band One Direction, lanz\u00f3 su \u00faltimo \u00e1lbum en 2022. Influenciado por el synth-pop y el new wave, el \u00e1lbum marc\u00f3 las mejores ventas en su primera semana. Con las pegadizas canciones \u201cLate Night Talking\u201d y \u201cAs It Was\u201d, el \u00e1lbum catapult\u00f3 a Styles al \u00e9xito en los premios Grammy, incluido el codiciado \u00c1lbum del A\u00f1o.<\/p>\n","protected":false},"excerpt":{"rendered":"\u201cBienvenidos al concierto final: 22 de julio de 2023\u2033. Es lo que se puede leer en la remera&hellip;\n","protected":false},"author":2,"featured_media":310606,"comment_status":"","ping_status":"","sticky":false,"template":"","format":"standard","meta":{"footnotes":""},"categories":[170],"tags":[146,147,25,24,184,185,23],"class_list":{"0":"post-310605","1":"post","2":"type-post","3":"status-publish","4":"format-standard","5":"has-post-thumbnail","7":"category-musica","8":"tag-entertainment","9":"tag-entretenimiento","10":"tag-es","11":"tag-espana","12":"tag-music","13":"tag-musica","14":"tag-spain"},"share_on_mastodon":{"url":"https:\/\/pubeurope.com\/@es\/115794039662569876","error":""},"_links":{"self":[{"href":"https:\/\/www.europesays.com\/es\/wp-json\/wp\/v2\/posts\/310605","targetHints":{"allow":["GET"]}}],"collection":[{"href":"https:\/\/www.europesays.com\/es\/wp-json\/wp\/v2\/posts"}],"about":[{"href":"https:\/\/www.europesays.com\/es\/wp-json\/wp\/v2\/types\/post"}],"author":[{"embeddable":true,"href":"https:\/\/www.europesays.com\/es\/wp-json\/wp\/v2\/users\/2"}],"replies":[{"embeddable":true,"href":"https:\/\/www.europesays.com\/es\/wp-json\/wp\/v2\/comments?post=310605"}],"version-history":[{"count":0,"href":"https:\/\/www.europesays.com\/es\/wp-json\/wp\/v2\/posts\/310605\/revisions"}],"wp:featuredmedia":[{"embeddable":true,"href":"https:\/\/www.europesays.com\/es\/wp-json\/wp\/v2\/media\/310606"}],"wp:attachment":[{"href":"https:\/\/www.europesays.com\/es\/wp-json\/wp\/v2\/media?parent=310605"}],"wp:term":[{"taxonomy":"category","embeddable":true,"href":"https:\/\/www.europesays.com\/es\/wp-json\/wp\/v2\/categories?post=310605"},{"taxonomy":"post_tag","embeddable":true,"href":"https:\/\/www.europesays.com\/es\/wp-json\/wp\/v2\/tags?post=310605"}],"curies":[{"name":"wp","href":"https:\/\/api.w.org\/{rel}","templated":true}]}}