{"id":310613,"date":"2025-12-27T23:09:27","date_gmt":"2025-12-27T23:09:27","guid":{"rendered":"https:\/\/www.europesays.com\/es\/310613\/"},"modified":"2025-12-27T23:09:27","modified_gmt":"2025-12-27T23:09:27","slug":"la-jornada-las-10-peliculas-imperdibles-de-2025-que-te-recomienda-la-jornada","status":"publish","type":"post","link":"https:\/\/www.europesays.com\/es\/310613\/","title":{"rendered":"La Jornada &#8211; Las 10 pel\u00edculas imperdibles de 2025 que te recomienda La Jornada"},"content":{"rendered":"<p>Ciudad de M\u00e9xico. 2025 estuvo lleno de \u00e9xitos cinematogr\u00e1ficos y estrenos que se convirtieron en sucesos culturales, pol\u00edticos o de la cultura pop. Por ello, La Jornada te trae una lista de pel\u00edculas de este a\u00f1o que no te puedes perder.<\/p>\n<p>1. Bugonia, Dir. Yorgos Lanthimos<\/p>\n<p>Aunque es un remake de una pel\u00edcula coreana, el estilo del director hace suya la historia y la lleva a una mezcla sangrienta e irracional para criticar la realidad tapizada de conspiraciones y paranoias.<\/p>\n<p><img decoding=\"async\" src=\"https:\/\/www.europesays.com\/es\/wp-content\/uploads\/2025\/12\/las-10-mejores-peliculas-de-2025-segun-la-jornada-online_483294fc-dca3-4d9b-b4e4-4a7bd63ab5d1_media.webp\" alt=\"Imagen\" class=\"article-image\" onclick=\"openFullScreen(this)\"\/> Foto Universal Pictures M\u00e9xico<\/p>\n<p>2. Frankenstein, Dir. Guillermo del Toro<\/p>\n<p>El cineasta mexicano siempre te lleva a amar a los monstruos. Y vaya manera de hacernos revalorar, y revisar, a uno de los monstruos m\u00e1s famosos. Sin duda, deja claro que lo monstruoso es el rechazo y el autoritarismo.<\/p>\n<p><img decoding=\"async\" src=\"https:\/\/www.europesays.com\/es\/wp-content\/uploads\/2025\/12\/las-10-mejores-peliculas-de-2025-segun-la-jornada-online_c12ada79-f139-4dde-b1e5-66d54d34c6cf_media.webp\" alt=\"Imagen\" class=\"article-image\" onclick=\"openFullScreen(this)\"\/> Ap<\/p>\n<p>3. Haz que regrese, Dir. Michael Philippou, Danny Philippou<\/p>\n<p>El duelo por la muerte de un ser querido puede convertirse en una pesadilla y los hermanos Philippou lo plasman bien en una pel\u00edcula que, adem\u00e1s de escenas gore y de horror, nos invade de una tristeza infinita, sobre todo gracias a una de las mejores actuaciones de Sally Hawkins.<\/p>\n<p><img decoding=\"async\" src=\"https:\/\/www.europesays.com\/es\/wp-content\/uploads\/2025\/12\/las-10-mejores-peliculas-de-2025-segun-la-jornada-online_18ee1814-c307-4493-9a6e-967e05dd53a2_media.webp\" alt=\"Imagen\" class=\"article-image\" onclick=\"openFullScreen(this)\"\/> Tomada de trailer<\/p>\n<p>4. La hermanastra fea, Dir. Emilie Blichfeldt<\/p>\n<p>La historia de la Cenicienta, contada con fidelidad medieval, sirve para hacer una cr\u00edtica puntual a los valores est\u00e9ticos, y rom\u00e1nticos, exigidos a las mujeres desde la masculinidad que convierte un cuento de hadas en un body horror de altura.<\/p>\n<p><img decoding=\"async\" src=\"https:\/\/www.europesays.com\/es\/wp-content\/uploads\/2025\/12\/las-10-mejores-peliculas-de-2025-segun-la-jornada-online_331a0dc3-3a85-4668-bf65-fc19cc003549_media.webp\" alt=\"Imagen\" class=\"article-image\" onclick=\"openFullScreen(this)\"\/> Foto de Prime Video<\/p>\n<p>5. La reserva, Dir. Pablo P\u00e9rez Lombardini<\/p>\n<p>Una de las mejores pel\u00edculas mexicanas de los \u00faltimos a\u00f1os que hace una radiograf\u00eda de la violencia a la que se enfrentan los campesinos cafetaleros en Chiapas y los defensores de \u00e1reas protegidas desde una puesta en c\u00e1mara llena de respeto y dignidad.<\/p>\n<p><img decoding=\"async\" src=\"https:\/\/www.europesays.com\/es\/wp-content\/uploads\/2025\/12\/las-10-mejores-peliculas-de-2025-segun-la-jornada-online_57ef509e-c57d-4967-b31a-130044fadbf6_media.webp\" alt=\"Imagen\" class=\"article-image\" onclick=\"openFullScreen(this)\"\/> Foto gobierno de M\u00e9xico<\/p>\n<p>6. La voz de Hind Rajab, Dir. Kaouther Ben Hania<\/p>\n<p>La frustraci\u00f3n que transmite la pel\u00edcula logra paralizar al espectador para revelar el genocidio descarado e impune que ha ejecutado el gobierno de Israel en la franja de Gaza. Es una muestra de que el cine sirve para conmover y denunciar.<\/p>\n<p><img decoding=\"async\" src=\"https:\/\/www.europesays.com\/es\/wp-content\/uploads\/2025\/12\/las-10-mejores-peliculas-de-2025-segun-la-jornada-online_f6304b34-4564-4287-a536-50644ec4aaeb_media.webp\" alt=\"Imagen\" class=\"article-image\" onclick=\"openFullScreen(this)\"\/> Foto Cultura UNAM<\/p>\n<p>7. No nos mover\u00e1n, Dir. Pierre Saint Martin<\/p>\n<p>Una comedia negra sobre la venganza que revive el trauma generacional de la matanza del 2 de octubre de 1968 en Tlatelolco. Luisa Huertas protagoniza, inmensa, en una historia sobre fabricar la justicia negada durante d\u00e9cadas.<\/p>\n<p><img decoding=\"async\" src=\"https:\/\/www.europesays.com\/es\/wp-content\/uploads\/2025\/12\/las-10-mejores-peliculas-de-2025-segun-la-jornada-online_fe9e461d-73f7-4c7c-8abe-d06463171cb0_media.webp\" alt=\"Imagen\" class=\"article-image\" onclick=\"openFullScreen(this)\"\/> Foto Cultura UNAM<\/p>\n<p>8. Un poeta, Dir. Sim\u00f3n Mesa<\/p>\n<p>Una pel\u00edcula brutalmente honesta y profunda sobre c\u00f3mo los sue\u00f1os pueden ser in\u00fatiles y absurdos en medio de una cultura alejada del aspiracionismo literario y el corporativismo de ciertos c\u00edrculos literarios.<\/p>\n<p><img decoding=\"async\" src=\"https:\/\/www.europesays.com\/es\/wp-content\/uploads\/2025\/12\/las-10-mejores-peliculas-de-2025-segun-la-jornada-online_5ad39875-4d2c-40f1-9220-ce03e20cbe56_media.webp\" alt=\"Imagen\" class=\"article-image\" onclick=\"openFullScreen(this)\"\/> Foto tomada del trailer<\/p>\n<p>9. Un simple accidente, Dir. Jafar Panahi<\/p>\n<p>Un discurso rico en paradojas, dilemas morales y situaciones ir\u00f3nicas que puede llegar a tocar las universalidad f\u00e1cilmente. El relato resalta la cadena de agravios que buscan ser subsanados con violencia equiparable al dolor sufrido hasta convertirse en un bucle absurdo.<\/p>\n<p><img decoding=\"async\" src=\"https:\/\/www.europesays.com\/es\/wp-content\/uploads\/2025\/12\/las-10-mejores-peliculas-de-2025-segun-la-jornada-online_6f5182a7-4c5d-49cf-9c1c-ccae2147a06c_media.webp\" alt=\"Imagen\" class=\"article-image\" onclick=\"openFullScreen(this)\"\/> Ap<\/p>\n<p>10. Valor sentimental, Dir. Joachim Trier<\/p>\n<p>Una pel\u00edcula metaficcional, que explora c\u00f3mo se puede enfrentar, expresa, pero, sobre todo, representar, el dolor traspasado entre familiares. Un reparto espectacular.<\/p>\n<p><img decoding=\"async\" src=\"https:\/\/www.europesays.com\/es\/wp-content\/uploads\/2025\/12\/las-10-mejores-peliculas-de-2025-segun-la-jornada-online_844541a0-2a2c-4a72-adf3-7519f11cb6bb_media.webp\" alt=\"Imagen\" class=\"article-image\" onclick=\"openFullScreen(this)\"\/> Ap<\/p>\n<p><strong>Menciones honor\u00edficas:<\/strong><\/p>\n<p>&#8211; Pecadores, Dir. Ryan Coogler<br \/>La mezcla de g\u00e9neros, y m\u00fasica, resulta en una pol\u00edtica de reivindicaci\u00f3n a la poblaci\u00f3n afro en Estados Unidos. Una mirada al extractivismo blanco y a un neocolonialismo representado por lo vamp\u00edrico. Una pel\u00edcula innovadora y pol\u00e9mica.<\/p>\n<p>-Good Boy, Ben Leonberg<\/p>\n<p>Pionera en su formato la historia narra la perspectiva de un perro que ve fantasmas y que busca alertar a su due\u00f1o. Bajo una producci\u00f3n independiente, este filme de terror ha sido celebrado -por algunos- por la buena ejecuci\u00f3n de la historia y de sus tomas, as\u00ed como por un final inesperado y conmovedor. \u00a0<\/p>\n<p>&#8211; Lilo &amp; Stich, Dir Dean Fleischer Camp<br \/>El remake live action de la pel\u00edcula animada logr\u00f3 lo que cada vez menos pel\u00edculas en M\u00e9xico. Revivir el ritual de ir al cine en familia, logrando ser una de las m\u00e1s taquilleras en la historia de nustro pa\u00eds. Una menci\u00f3n especial por su aportaci\u00f3n.<\/p>\n<p>&#8211; La hora de la desaparici\u00f3n , Dir. Zach Cregger<\/p>\n<p>Una historia coral de horror, con gran influencia de Roald Dahl y su visi\u00f3n de las brujas, que sirve para lanzar una cr\u00edtica severa a la sociedad estadunidense, sobre todo la violencia, las adicciones y ese fanatismo por las armas que se empe\u00f1a en soslayar.<\/p>\n<p>\u00a0<\/p>\n","protected":false},"excerpt":{"rendered":"Ciudad de M\u00e9xico. 2025 estuvo lleno de \u00e9xitos cinematogr\u00e1ficos y estrenos que se convirtieron en sucesos culturales, pol\u00edticos&hellip;\n","protected":false},"author":2,"featured_media":310614,"comment_status":"","ping_status":"","sticky":false,"template":"","format":"standard","meta":{"footnotes":""},"categories":[91],"tags":[45,146,147,25,24,17384,73138,7080,23,31661],"class_list":{"0":"post-310613","1":"post","2":"type-post","3":"status-publish","4":"format-standard","5":"has-post-thumbnail","7":"category-entretenimiento","8":"tag-45","9":"tag-entertainment","10":"tag-entretenimiento","11":"tag-es","12":"tag-espana","13":"tag-la-jornada","14":"tag-mejores-peliculas","15":"tag-noticia","16":"tag-spain","17":"tag-top-10"},"share_on_mastodon":{"url":"https:\/\/pubeurope.com\/@es\/115794056605265520","error":""},"_links":{"self":[{"href":"https:\/\/www.europesays.com\/es\/wp-json\/wp\/v2\/posts\/310613","targetHints":{"allow":["GET"]}}],"collection":[{"href":"https:\/\/www.europesays.com\/es\/wp-json\/wp\/v2\/posts"}],"about":[{"href":"https:\/\/www.europesays.com\/es\/wp-json\/wp\/v2\/types\/post"}],"author":[{"embeddable":true,"href":"https:\/\/www.europesays.com\/es\/wp-json\/wp\/v2\/users\/2"}],"replies":[{"embeddable":true,"href":"https:\/\/www.europesays.com\/es\/wp-json\/wp\/v2\/comments?post=310613"}],"version-history":[{"count":0,"href":"https:\/\/www.europesays.com\/es\/wp-json\/wp\/v2\/posts\/310613\/revisions"}],"wp:featuredmedia":[{"embeddable":true,"href":"https:\/\/www.europesays.com\/es\/wp-json\/wp\/v2\/media\/310614"}],"wp:attachment":[{"href":"https:\/\/www.europesays.com\/es\/wp-json\/wp\/v2\/media?parent=310613"}],"wp:term":[{"taxonomy":"category","embeddable":true,"href":"https:\/\/www.europesays.com\/es\/wp-json\/wp\/v2\/categories?post=310613"},{"taxonomy":"post_tag","embeddable":true,"href":"https:\/\/www.europesays.com\/es\/wp-json\/wp\/v2\/tags?post=310613"}],"curies":[{"name":"wp","href":"https:\/\/api.w.org\/{rel}","templated":true}]}}