{"id":310615,"date":"2025-12-27T23:10:15","date_gmt":"2025-12-27T23:10:15","guid":{"rendered":"https:\/\/www.europesays.com\/es\/310615\/"},"modified":"2025-12-27T23:10:15","modified_gmt":"2025-12-27T23:10:15","slug":"webb-observa-un-cielo-centelleante-de-estrellas-enanas-y-gigantes-nasanet","status":"publish","type":"post","link":"https:\/\/www.europesays.com\/es\/310615\/","title":{"rendered":"Webb Observa un Cielo Centelleante de Estrellas Enanas y Gigantes :: NASANET"},"content":{"rendered":"<p><a href=\"https:\/\/www.lanasa.net\/download_file\/view\/5976\/2881\" rel=\"nofollow noopener\" target=\"_blank\"><img loading=\"lazy\" decoding=\"async\" src=\"https:\/\/www.europesays.com\/es\/wp-content\/uploads\/2025\/12\/newsWebb_Dwarf_stars_in_a_glittering_sky_pillars.jpg\" alt=\"Webb Observa un Cielo Centelleante de Estrellas Enanas y Gigantes\" height=\"1214\" width=\"1200\"\/><\/a>&#13;<br \/>\nEl c\u00famulo estelar Westerlund 2, ubicado dentro de la regi\u00f3n de formaci\u00f3n estelar Gum 29, a unos 20.000 a\u00f1os luz de la Tierra, en la constelaci\u00f3n de Carina.<strong> Credit: ESA\/NASA\/Webb<\/strong>&#13;<\/p>\n<p style=\"text-align: justify;\">El telescopio espacial James Webb ha vuelto a deslumbrar con su \u00faltima imagen. La fotograf\u00eda muestra una regi\u00f3n de apariencia festiva, repleta de nubes de gas incandescente y miles de estrellas brillantes, que ofrece una mirada sin precedentes a uno de los viveros estelares m\u00e1s extremos de nuestra galaxia.<\/p>\n<p style=\"text-align: justify;\">La escena retrata el c\u00famulo estelar Westerlund 2, ubicado dentro de la regi\u00f3n de formaci\u00f3n estelar Gum 29, a unos 20.000 a\u00f1os luz de la Tierra, en la constelaci\u00f3n de Carina (la Quilla). Se trata de un entorno donde nacen estrellas de manera intensa y acelerada, moldeando el espacio que las rodea con su poderosa radiaci\u00f3n.<\/p>\n<p style=\"text-align: justify;\">La imagen combina datos obtenidos por la C\u00e1mara de Infrarrojo Cercano (NIRCam) y el Instrumento de Infrarrojo Medio (MIRI) del Webb, desarrollado conjuntamente por la NASA, la ESA y la Agencia Espacial Canadiense. Westerlund 2 se extiende entre 6 y 13 a\u00f1os luz de di\u00e1metro y alberga algunas de las estrellas m\u00e1s calientes, brillantes y masivas de la V\u00eda L\u00e1ctea. No es la primera vez que este c\u00famulo acapara la atenci\u00f3n: ya fue protagonista de la imagen conmemorativa del 25\u00ba aniversario del telescopio Hubble en 2015.<\/p>\n<p style=\"text-align: justify;\">En la parte superior de la imagen destaca el c\u00famulo principal, densamente poblado por estrellas j\u00f3venes y masivas cuya luz intensa domina toda la escena. A su alrededor y por debajo, remolinos de gas naranja y rojo forman muros esculpidos y nubes entrelazadas, materiales que est\u00e1n siendo empujados, erosionados e iluminados por la radiaci\u00f3n estelar. Entre estas estructuras aparecen innumerables estrellas diminutas que apenas comienzan a brillar, algunas a\u00fan envueltas en el gas y el polvo que les dio origen. Tonos suaves de azul y rosa revelan filamentos de material m\u00e1s tenue que flotan entre las nubes densas, mientras que estrellas m\u00e1s cercanas a la Tierra se dispersan por el campo visual con patrones puntiagudos creados por la \u00f3ptica del Webb.<\/p>\n<p style=\"text-align: justify;\">M\u00e1s all\u00e1 de su espectacularidad, la imagen aporta un avance cient\u00edfico clave. Las nuevas observaciones han permitido identificar por primera vez la poblaci\u00f3n completa de enanas marrones en este c\u00famulo joven y extremadamente masivo, incluyendo objetos con masas de apenas diez veces la de J\u00fapiter. Estos datos est\u00e1n ayudando a los astr\u00f3nomos a localizar varios cientos de estrellas con discos protoplanetarios en distintas fases de evoluci\u00f3n, un paso fundamental para comprender c\u00f3mo evolucionan estos discos y c\u00f3mo se forman los planetas en entornos tan densos y energ\u00e9ticos.<\/p>\n","protected":false},"excerpt":{"rendered":"&#13; El c\u00famulo estelar Westerlund 2, ubicado dentro de la regi\u00f3n de formaci\u00f3n estelar Gum 29, a unos&hellip;\n","protected":false},"author":2,"featured_media":310616,"comment_status":"","ping_status":"","sticky":false,"template":"","format":"standard","meta":{"footnotes":""},"categories":[81],"tags":[119,123,124,25,24,117,121,122,23,118,120],"class_list":{"0":"post-310615","1":"post","2":"type-post","3":"status-publish","4":"format-standard","5":"has-post-thumbnail","7":"category-ciencia-y-tecnologia","8":"tag-ciencia","9":"tag-ciencia-y-tecnologia","10":"tag-cienciaytecnologia","11":"tag-es","12":"tag-espana","13":"tag-science","14":"tag-science-and-technology","15":"tag-scienceandtechnology","16":"tag-spain","17":"tag-technology","18":"tag-tecnologia"},"share_on_mastodon":{"url":"https:\/\/pubeurope.com\/@es\/115794059465936264","error":""},"_links":{"self":[{"href":"https:\/\/www.europesays.com\/es\/wp-json\/wp\/v2\/posts\/310615","targetHints":{"allow":["GET"]}}],"collection":[{"href":"https:\/\/www.europesays.com\/es\/wp-json\/wp\/v2\/posts"}],"about":[{"href":"https:\/\/www.europesays.com\/es\/wp-json\/wp\/v2\/types\/post"}],"author":[{"embeddable":true,"href":"https:\/\/www.europesays.com\/es\/wp-json\/wp\/v2\/users\/2"}],"replies":[{"embeddable":true,"href":"https:\/\/www.europesays.com\/es\/wp-json\/wp\/v2\/comments?post=310615"}],"version-history":[{"count":0,"href":"https:\/\/www.europesays.com\/es\/wp-json\/wp\/v2\/posts\/310615\/revisions"}],"wp:featuredmedia":[{"embeddable":true,"href":"https:\/\/www.europesays.com\/es\/wp-json\/wp\/v2\/media\/310616"}],"wp:attachment":[{"href":"https:\/\/www.europesays.com\/es\/wp-json\/wp\/v2\/media?parent=310615"}],"wp:term":[{"taxonomy":"category","embeddable":true,"href":"https:\/\/www.europesays.com\/es\/wp-json\/wp\/v2\/categories?post=310615"},{"taxonomy":"post_tag","embeddable":true,"href":"https:\/\/www.europesays.com\/es\/wp-json\/wp\/v2\/tags?post=310615"}],"curies":[{"name":"wp","href":"https:\/\/api.w.org\/{rel}","templated":true}]}}