{"id":310619,"date":"2025-12-27T23:12:11","date_gmt":"2025-12-27T23:12:11","guid":{"rendered":"https:\/\/www.europesays.com\/es\/310619\/"},"modified":"2025-12-27T23:12:11","modified_gmt":"2025-12-27T23:12:11","slug":"zelenski-coordina-con-los-aliados-algunas-cuestiones-delicadas-del-plan-de-paz-antes-de-verse-con-trump","status":"publish","type":"post","link":"https:\/\/www.europesays.com\/es\/310619\/","title":{"rendered":"Zelenski coordina con los aliados algunas \u00abcuestiones delicadas\u00bb del plan de paz antes de verse con Trump"},"content":{"rendered":"<p style=\"\">Rusia volvi\u00f3 a castigar a los vecinos de Kiev durante la madrugada del s\u00e1bado con un bombardeo masivo que se prolong\u00f3 durante diez horas. El presidente Zelenski, ya rumbo a su reuni\u00f3n con Trump en Florida, denunci\u00f3 <strong>el lanzamiento de m\u00e1s de 500 drones y <\/strong> &#8230; <strong>40 misiles contra su pa\u00eds.<\/strong> El principal objetivo ha sido, de nuevo, la <strong>infraestructura el\u00e9ctrica y de gas.<\/strong>\u00a0<\/p>\n<p class=\"voc-p\" style=\"\">Rusia ha lanzado oleadas de ataques contra el sector energ\u00e9tico ucraniano con el objetivo de desmoralizar a los ciudadanos ucranianos y provocar p\u00e9rdidas econ\u00f3micas. <strong>Dos personas fallecieron en la capital y los heridos ascienden a 32<\/strong>. En un mensaje de condena publicado en redes sociales, el l\u00edder ucraniano afirm\u00f3 que \u00ablos representantes rusos mantienen largas conversaciones, pero en realidad, los kinzhals y los shaheds hablan por ellos\u00bb. <\/p>\n<p class=\"voc-p\" style=\"\">Las consecuencias de ataque afectaron a la capital ucraniana con interrupciones en el suministro de agua y luz. \u00abEn Kiev y sus alrededores, los trabajadores del sector energ\u00e9tico est\u00e1n restableciendo el suministro el\u00e9ctrico a aproximadamente 600.000 consumidores\u00bb, dijo la primera ministra,<strong> Yulia Sviridenko<\/strong>.<\/p>\n<p class=\"voc-p\" style=\"\">El ataque ruso tambi\u00e9n afect\u00f3 a las instalaciones de Naftogaz, la empresa estatal de gas. El director, <strong>Sergiy Koretsky,<\/strong> manifest\u00f3 que \u00abestos ataques est\u00e1n sincronizados con la ola de fr\u00edo: el enemigo intenta aprovechar la helada y el pico de carga para desactivar el sistema\u00ab<\/p>\n<p class=\"voc-p\" style=\"\">Zelenski sostiene que este bombardeo es una muestra clara de que el Kremlin no quiere \u00abponer fin a la guerra y buscan aprovechar cualquier oportunidad para causar a\u00fan m\u00e1s sufrimiento a Ucrania\u00bb. El jefe de Estado, en la v\u00edspera de su encuentro con el presidente norteamericano, enfatiz\u00f3 que su pa\u00eds ha mostrado su disposici\u00f3n a comprometerse para poner fin a la guerra aceptando diversas propuestas auspiciadas por Washington. <\/p>\n<p class=\"voc-p\" style=\"\">Antes de la reuni\u00f3n con Trump, Zelenski hizo escala en Canad\u00e1, para conversar con el primer ministro, <a href=\"https:\/\/www.abc.es\/internacional\/mark-carney-nuevo-primer-ministro-canada-sustituye-20250430120226-nt.html\" target=\"_self\" data-voc-vtm-id=\"in-text-traffic\" title=\"Mark Carney\" data-mrf-link=\"www.abc.es\" rel=\"nofollow noopener\">Mark Carney<\/a>. All\u00ed, ambos mandatarios mantuvieron una reuni\u00f3n virtual con el resto de los l\u00edderes europeos para coordinar las \u00abcuestiones delicadas\u00bb contenidas en los documentos. <\/p>\n<p class=\"voc-p\" style=\"\">La sensaci\u00f3n general en los funcionarios europeos es que la reuni\u00f3n entre los presidentes de Estados Unidos y Ucrania se resolver\u00e1 de manera positiva. Pero dada la volatilidad del republicano, el resultado final es incierto.<\/p>\n<p>\nSeguridad y territorios\n<\/p>\n<p class=\"voc-p\" style=\"\">Uno de los principales temas en la agenda son las garant\u00edas de seguridad para Ucrania una vez que se haya alcanzado un eventual acuerdo de paz. Ucrania quiere alcanzar un mecanismo similar al del art\u00edculo 5 de la OTAN. Seg\u00fan la publicaci\u00f3n Axios, Washington ofreci\u00f3 que dicho acuerdo estar\u00eda vigente 15 a\u00f1os, pero Kiev busca ampliarlo durante m\u00e1s tiempo. <\/p>\n<p class=\"voc-p\" style=\"\">El mandatario ucraniano afirma que los arreglos de seguridad est\u00e1n \u00abcasi listos\u00bb, mientras que el borrador de 20 puntos de Ucrania est\u00e1 completo en un 90%. Por su parte, Trump destac\u00f3 que el mandatario ucraniano \u00abno tiene nada hasta que yo lo apruebe\u00bb.<\/p>\n<p class=\"voc-p\" style=\"\">La segunda cuesti\u00f3n problem\u00e1tica entre los socios son los territorios. La Casa Blanca ha propuesto una suerte de zona desmilitarizada que obligar\u00eda a la retirada de las fuerzas de Kiev de la regi\u00f3n de Donetsk. Kiev, por su parte, quiere que las fuerzas invasoras se retiren tambi\u00e9n de dicha zona a una distancia similar. Una petici\u00f3n que Estados Unidos considera compleja de llevar a cabo. Ucrania controla actualmente menos de un 30 por ciento de dicha provincia. Zelenski mencion\u00f3 que entre las cuestiones pendientes de abordar tambi\u00e9n se encuentra el control de<strong> la central nuclear de Zaporiyia.<\/strong><\/p>\n<p>\nUn acuerdo ratificado por los ciudadanos\n<\/p>\n<p class=\"voc-p\" style=\"\">El jefe de Estado de Ucrania recalc\u00f3 que el acuerdo final sobre todas estas cuestiones debe ser ratificado por los ciudadanos. \u00abAntes de tomar una decisi\u00f3n, nos comunicaremos con nuestro pueblo, porque el pueblo ucraniano tiene la \u00faltima palabra. Se trata de un refer\u00e9ndum o de ciertos cambios legislativo\u00bb. Para poder realizar la hipot\u00e9tica votaci\u00f3n que ratifique el acuerdo de paz, Kiev propone un alto el fuego de al menos dos meses, un plazo que los rusos consideran demasiado amplio. <\/p>\n<p class=\"voc-title\">\u00abAntes de tomar una decisi\u00f3n, nos comunicaremos con nuestro pueblo, porque el pueblo ucraniano tiene la \u00faltima palabra\u00bb<\/p>\n<p class=\"voc-article-position__name\">Volod\u00edmir Zelenski<\/p>\n<p class=\"voc-article-position__employ\">Presidente de Ucrania<\/p>\n<p class=\"voc-p\" style=\"\">A media tarde del s\u00e1bado, Zelenski afirm\u00f3 que est\u00e1 abordando junto Estados Unidos  una \u00abhoja de ruta para la prosperidad de Ucrania\u00bb. Un plan de inversi\u00f3n y reconstrucci\u00f3n que se extender\u00eda hasta 2040. Los puntos principales de este documento son el retorno de los refugiados, la creaci\u00f3n de empleo, el aumento de PIB per c\u00e1pita, la integraci\u00f3n en la Uni\u00f3n Europea y la estabilidad econ\u00f3mica, adem\u00e1s de las garant\u00edas de seguridad. <\/p>\n<p class=\"voc-p\" style=\"\">\u00abHabr\u00e1 un Fondo de Construcci\u00f3n de Ucrania, una plataforma de inversi\u00f3n soberana de Ucrania, un Fondo de Desarrollo de Ucrania y un Fondo para el Crecimiento y las Oportunidades de Ucrania\u00bb, destac\u00f3 el l\u00edder ucraniano en un mensaje publicado en redes sociales.<\/p>\n","protected":false},"excerpt":{"rendered":"Rusia volvi\u00f3 a castigar a los vecinos de Kiev durante la madrugada del s\u00e1bado con un bombardeo masivo&hellip;\n","protected":false},"author":2,"featured_media":310620,"comment_status":"","ping_status":"","sticky":false,"template":"","format":"standard","meta":{"footnotes":""},"categories":[42],"tags":[1422,17,18,978,437,13,14,11,61,62,63,64,28106,2629,19,20,16396,9,10,15,16,1614,12,936,21,22,65,66,67,2318],"class_list":{"0":"post-310619","1":"post","2":"type-post","3":"status-publish","4":"format-standard","5":"has-post-thumbnail","7":"category-internacional","8":"tag-ataque","9":"tag-breaking-news","10":"tag-breakingnews","11":"tag-dia","12":"tag-encuentro","13":"tag-featured-news","14":"tag-featurednews","15":"tag-headlines","16":"tag-internacional","17":"tag-international","18":"tag-international-news","19":"tag-internationalnews","20":"tag-kiev","21":"tag-lanza","22":"tag-latest-news","23":"tag-latestnews","24":"tag-masivo","25":"tag-news","26":"tag-noticias","27":"tag-noticias-destacadas","28":"tag-noticiasdestacadas","29":"tag-rusia","30":"tag-titulares","31":"tag-trump","32":"tag-ultimas-noticias","33":"tag-ultimasnoticias","34":"tag-world","35":"tag-world-news","36":"tag-worldnews","37":"tag-zelenski"},"share_on_mastodon":{"url":"https:\/\/pubeurope.com\/@es\/115794067079478781","error":""},"_links":{"self":[{"href":"https:\/\/www.europesays.com\/es\/wp-json\/wp\/v2\/posts\/310619","targetHints":{"allow":["GET"]}}],"collection":[{"href":"https:\/\/www.europesays.com\/es\/wp-json\/wp\/v2\/posts"}],"about":[{"href":"https:\/\/www.europesays.com\/es\/wp-json\/wp\/v2\/types\/post"}],"author":[{"embeddable":true,"href":"https:\/\/www.europesays.com\/es\/wp-json\/wp\/v2\/users\/2"}],"replies":[{"embeddable":true,"href":"https:\/\/www.europesays.com\/es\/wp-json\/wp\/v2\/comments?post=310619"}],"version-history":[{"count":0,"href":"https:\/\/www.europesays.com\/es\/wp-json\/wp\/v2\/posts\/310619\/revisions"}],"wp:featuredmedia":[{"embeddable":true,"href":"https:\/\/www.europesays.com\/es\/wp-json\/wp\/v2\/media\/310620"}],"wp:attachment":[{"href":"https:\/\/www.europesays.com\/es\/wp-json\/wp\/v2\/media?parent=310619"}],"wp:term":[{"taxonomy":"category","embeddable":true,"href":"https:\/\/www.europesays.com\/es\/wp-json\/wp\/v2\/categories?post=310619"},{"taxonomy":"post_tag","embeddable":true,"href":"https:\/\/www.europesays.com\/es\/wp-json\/wp\/v2\/tags?post=310619"}],"curies":[{"name":"wp","href":"https:\/\/api.w.org\/{rel}","templated":true}]}}