{"id":310621,"date":"2025-12-27T23:13:09","date_gmt":"2025-12-27T23:13:09","guid":{"rendered":"https:\/\/www.europesays.com\/es\/310621\/"},"modified":"2025-12-27T23:13:09","modified_gmt":"2025-12-27T23:13:09","slug":"el-temporal-provoca-un-desprendimiento-en-la-a-397-y-once-vuelos-desviados-en-el-aeropuerto-de-malaga-sociedad","status":"publish","type":"post","link":"https:\/\/www.europesays.com\/es\/310621\/","title":{"rendered":"El temporal provoca un desprendimiento en la A-397 y once vuelos desviados en el aeropuerto de M\u00e1laga | Sociedad"},"content":{"rendered":"<p class=\"loc\">M\u00e1laga<\/p>\n<p>La tromba de agua ha provocado 54 incidencias en la provincia de M\u00e1laga, que se encuentra en alerta meteorol\u00f3gica por fuertes lluvias desde el mediod\u00eda del s\u00e1bado, a tenor de los datos del servicio de emergencias 112. El aviso se ha elevado a nivel rojo en la comarca del Guadalhorce, la Costa del Sol y M\u00e1laga por precipitaciones que pueden alcanzar los 120 litros por metro cuadrado en 12 horas. La alerta estar\u00e1 operativa hasta las 4:00 horas de la madrugada del domingo.<\/p>\n<p>La nieve y el granizo han provocado un nuevo desprendimiento de la ladera en la A-397, la carretera que une la Serran\u00eda de Ronda con la Costa del Sol. El incidente se ha producido a la altura del municipio de Benahav\u00eds, en el kil\u00f3metro 31. Si bien en un principio hubo que cortar la carretera en su totalidad, la DGT indica que se reabri\u00f3 al tr\u00e1fico a partir de las 20:15 con pasos alternativos en la zona del desprendimiento.<\/p>\n<p>Las copiosas lluvias tambi\u00e9n est\u00e1n provocando balsas de agua en la A-7 en la zona de Nueva Andaluc\u00eda de Marbella y en Estepona han tenido que intervenir efectivos del Consorcio Provincial de Bomberos a requerimiento de la Guardia Civil para limpiar las rejillas de aguas pluviales.<\/p>\n<p>El aumento del caudal de los r\u00edos por la precipitaciones ha hecho que Protecci\u00f3n Civil en Estepona recomiende especial precauci\u00f3n en las inmediaciones de los cauces, al igual que ha aconsejado el 112.<\/p>\n<p>Once vuelos del aeropuerto de M\u00e1laga desviados<\/p>\n<p>La tormenta est\u00e1 provocando retrasos en el aeropuerto de M\u00e1laga y tambi\u00e9n el desv\u00edo de once vuelos por meteorolog\u00eda adversa. Proced\u00edan de Bristol (2), Bruselas (2) Eindhoven, Karlsruhe, Mil\u00e1n, Arlanda (2), Glasgow y Oviedo y han tenido que dirigirse a Sevilla Granada y Almer\u00eda, seg\u00fan fuentes de AENA.<\/p>\n<p>Los controladores han dado cuenta de las demoras en las tareas de aproximaci\u00f3n de los aviones.<\/p>\n<p>El temporal tambi\u00e9n est\u00e1 afectando a los trenes de cercan\u00edas.<\/p>\n<p>Quince planes de emergencia activados en los municipios afectados<\/p>\n<p>La mayor parte de los avisos de emergencias proceden de Marbella, donde se han concentrado m\u00e1s de una veintena de llamadas. Tambi\u00e9n se han atendido incidentes en las localidades de Alhaur\u00edn de la Torre, Antequera, Benahav\u00eds, Casares, Estepona, Fuengirola, Igualeja, Iznate, M\u00e1laga, Manilva, Mijas, Rinc\u00f3n de la Victoria, Ronda, Torremolinos y V\u00e9lez-M\u00e1laga.<\/p>\n<p>Muchos de estos avisos obedec\u00edan a ca\u00eddas de elementos (vallas, se\u00f1ales de tr\u00e1fico, poste de telefon\u00eda, farolas, ramas, alumbrado navide\u00f1o, toldos, elementos de fachada y similares, ca\u00eddos o a punto de caer); anegaciones en garajes y viviendas y accidentes de circulaci\u00f3n sin heridos.<\/p>\n<p>Se han activado un total de quince planes territoriales de emergencias de protecci\u00f3n civil de \u00e1mbito local (PTEL) en la provincia de M\u00e1laga: Estepona, Antequera, Rincon de la Victoria, Marbella, Fuengirola, Genalguacil, Alhaur\u00edn de la Torre, C\u00e1rtama, Alhaur\u00edn El Grande, Campillos, Torremolinos, Mijas, Benalm\u00e1dena, Co\u00edn, Teba, Alozaina y Yunquera.<\/p>\n<p>La Agencia Estatal de Meteorolog\u00eda (Aemet) ha activado el aviso rojo en la Costa del Sol, M\u00e1laga y el Valle del Guadalhorce y naranja en el resto de la provincia. <\/p>\n<p>El aviso naranja se har\u00e1 extensivo a partir de la medianoche a las provincias de Granada (litoral) y Almer\u00eda (Valle del Almanzora y Los V\u00e9lez) para la jornada de ma\u00f1ana domingo.<\/p>\n<p>A esta hora siguen activos los avisos amarillos por lluvias en la provincia de Huelva (litoral, And\u00e9valo y Condado) y C\u00e1diz al completo.<\/p>\n<p><b>Recomendaciones a la poblaci\u00f3n del 112:<\/b><\/p>\n<p>Ante los avisos de lluvia y tormentas, el 1-1-2 recomienda extremar la precauci\u00f3n y seguir algunas pautas de autoprotecci\u00f3n para prevenir riesgos y garantizar la seguridad. En d\u00edas de fuertes precipitaciones y tormentas, es preferible evitar los desplazamientos por carretera. Si es imprescindible viajar, es importante informarse, antes de salir, del estado de las carreteras por las que se va a transitar y una vez en camino seguir las indicaciones de paneles informativos y de los agentes de la autoridad, as\u00ed como mantenerse informado a trav\u00e9s de medios de comunicaci\u00f3n y redes sociales de la previsi\u00f3n meteorol\u00f3gica.<\/p>\n<p>Con lluvia al volante se debe disminuir la velocidad y aumentar la distancia de seguridad. Nunca hay que cruzar por una zona inundada o con balsas de agua. Si se ha cruzado por cualquier motivo una zona anegada, despu\u00e9s hay que probar con ligeras pulsaciones los frenos. Si adem\u00e1s nos vemos sorprendidos por una fuerte crecida de agua dentro del veh\u00edculo hay que prepararse para abandonarlo inmediatamente cuando el agua sobrepase el eje de la rueda.<\/p>\n<p>Tampoco se debe acampar ni estacionar cerca de los cauces de los r\u00edos, aunque est\u00e9n secos para evitar ser sorprendidos por una s\u00fabita crecida de agua.<\/p>\n<p>En el campo y con tormenta los \u00e1rboles y piedras aisladas o solitarias atraen los rayos por lo que se deber\u00e1n evitar, al igual que los objetos met\u00e1licos. En las zonas costeras y con temporal debe evitarse transitar por los paseos, zonas de rompeolas y miradores, ya que el oleaje podr\u00eda arrastrarnos de forma s\u00fabita hacia el interior del mar.<\/p>\n<p>En casa, en caso de subida de nivel del agua, hay que subir a las plantas m\u00e1s altas y evitar s\u00f3tanos y garajes.<\/p>\n<p>Ante cualquier situaci\u00f3n de emergencia, debe llamarse al Tel\u00e9fono \u00danico de Emergencias 112 Andaluc\u00eda, gratuito y disponible las 24 horas del d\u00eda los 365 d\u00edas del a\u00f1o.<\/p>\n","protected":false},"excerpt":{"rendered":"M\u00e1laga La tromba de agua ha provocado 54 incidencias en la provincia de M\u00e1laga, que se encuentra en&hellip;\n","protected":false},"author":2,"featured_media":310622,"comment_status":"","ping_status":"","sticky":false,"template":"","format":"standard","meta":{"footnotes":""},"categories":[8],"tags":[17,18,25,24,13,14,11,19,20,9,10,15,16,23,12,21,22],"class_list":{"0":"post-310621","1":"post","2":"type-post","3":"status-publish","4":"format-standard","5":"has-post-thumbnail","7":"category-espana","8":"tag-breaking-news","9":"tag-breakingnews","10":"tag-es","11":"tag-espana","12":"tag-featured-news","13":"tag-featurednews","14":"tag-headlines","15":"tag-latest-news","16":"tag-latestnews","17":"tag-news","18":"tag-noticias","19":"tag-noticias-destacadas","20":"tag-noticiasdestacadas","21":"tag-spain","22":"tag-titulares","23":"tag-ultimas-noticias","24":"tag-ultimasnoticias"},"share_on_mastodon":{"url":"https:\/\/pubeurope.com\/@es\/115794071312955820","error":""},"_links":{"self":[{"href":"https:\/\/www.europesays.com\/es\/wp-json\/wp\/v2\/posts\/310621","targetHints":{"allow":["GET"]}}],"collection":[{"href":"https:\/\/www.europesays.com\/es\/wp-json\/wp\/v2\/posts"}],"about":[{"href":"https:\/\/www.europesays.com\/es\/wp-json\/wp\/v2\/types\/post"}],"author":[{"embeddable":true,"href":"https:\/\/www.europesays.com\/es\/wp-json\/wp\/v2\/users\/2"}],"replies":[{"embeddable":true,"href":"https:\/\/www.europesays.com\/es\/wp-json\/wp\/v2\/comments?post=310621"}],"version-history":[{"count":0,"href":"https:\/\/www.europesays.com\/es\/wp-json\/wp\/v2\/posts\/310621\/revisions"}],"wp:featuredmedia":[{"embeddable":true,"href":"https:\/\/www.europesays.com\/es\/wp-json\/wp\/v2\/media\/310622"}],"wp:attachment":[{"href":"https:\/\/www.europesays.com\/es\/wp-json\/wp\/v2\/media?parent=310621"}],"wp:term":[{"taxonomy":"category","embeddable":true,"href":"https:\/\/www.europesays.com\/es\/wp-json\/wp\/v2\/categories?post=310621"},{"taxonomy":"post_tag","embeddable":true,"href":"https:\/\/www.europesays.com\/es\/wp-json\/wp\/v2\/tags?post=310621"}],"curies":[{"name":"wp","href":"https:\/\/api.w.org\/{rel}","templated":true}]}}