{"id":310623,"date":"2025-12-27T23:14:28","date_gmt":"2025-12-27T23:14:28","guid":{"rendered":"https:\/\/www.europesays.com\/es\/310623\/"},"modified":"2025-12-27T23:14:28","modified_gmt":"2025-12-27T23:14:28","slug":"colorido-musica-y-mucha-navidad-envuelve-a-galdar-con-los-mas-pequenos-como-protagonistas","status":"publish","type":"post","link":"https:\/\/www.europesays.com\/es\/310623\/","title":{"rendered":"Colorido, m\u00fasica y mucha Navidad envuelve a G\u00e1ldar con los m\u00e1s peque\u00f1os como protagonistas"},"content":{"rendered":"<p>Una vez m\u00e1s, G\u00e1ldar se colore\u00f3 de fiesta este viernes, congregando a cientos de vecinos y visitantes en torno a la magia que solo estas fechas saben despertar. Las calles del casco hist\u00f3rico, transformadas en un aut\u00e9ntico escenario navide\u00f1o, acogieron la segunda Cabalgata Infantil del programa \u2018G\u00e1ldar Ciudad Navidad\u2019; una tradici\u00f3n que, edici\u00f3n tras edici\u00f3n, anuncia a los m\u00e1s peque\u00f1os la promesa de que los Reyes Magos est\u00e1n cada vez m\u00e1s cerca.<\/p>\n<p>Bandas de m\u00fasica, malabares, mu\u00f1ecos de Disney, carrozas y papag\u00fcevos consiguieron emocionar a ni\u00f1os y ni\u00f1as, los grandes protagonistas de la tarde. Nuevamente, el desfile reuni\u00f3 lo mejor de la creatividad, el talento local, en una propuesta que forma parte del programa navide\u00f1o del municipio, organizado por la Concejal\u00eda de Cultura y Fiestas, que dirige Julio Mateo Castillo.<\/p>\n<p>A la magia de la cabalgata se sum\u00f3, con rotundo \u00e9xito, el esperado estreno de \u201cDuendadas XII: \u00a1IA es Navidad!\u201d, la \u00faltima producci\u00f3n de La Casa de Navidad, que volvi\u00f3 a conquistar al p\u00fablico en el Centro Cultural Guaires. Las aventuras de los entra\u00f1ables duendes Shelly, Carbo, Gafus, Gizmo, Mam\u00e1 Klaus y el Rey Elros, regresaron con una puesta en escena renovada, llena de ingenio, humor y mucho coraz\u00f3n.<\/p>\n<p>Con di\u00e1logos y texto de Jennifer Rodr\u00edguez y direcci\u00f3n de Gustavo Mendoza, este duod\u00e9cimo cap\u00edtulo enfrent\u00f3 a los personajes a los retos de una era dominada por la inteligencia artificial, sin perder ni un \u00e1pice de su esencia navide\u00f1a, la empat\u00eda, la familia y el valor de lo humano. En escena, Cathy Pulido, Gustavo Mendoza, Jorge Llamas, Ra\u00fal Pe\u00f1a, Fabiola Acosta y Antonio D\u00edaz dan vida con maestr\u00eda a estos personajes que ya son s\u00edmbolos de la identidad navide\u00f1a galdense.<\/p>\n<p>Producida por Pessada Producciones, la obra contin\u00faa hoy s\u00e1bado 27 a las 18:00 y 20:00 horas, y el domingo 28, a las 19:00 horas, en el Centro Cultural Guaires.<\/p>\n<p>No menos memorable fue la actuaci\u00f3n de Pedro Manuel Afonso en la Plaza de Santiago, donde su concierto \u201cSer\u00e1 Navidad\u201d se convirti\u00f3 en uno de los momentos emotivos m\u00e1s celebrados de la jornada. Ante un p\u00fablico entregado, el artista supo  transportar a los asistentes con su repertorio y crear un ambiente de verdadero disfrute.<\/p>\n<p><strong>M\u00e1s m\u00fasica, tradici\u00f3n y Navidad <\/strong><\/p>\n<p>La jornada festiva contin\u00faa esta noche con el concierto de Navidad a cargo de La Trova, a las 20:30 horas, en la Plaza de Santiago. Y a partir de las 23:30 horas, baile y ambiente en la pista con la orquesta New Sabrosa Band y el DJ Promaster, garantizando una velada especial para todas las edades.<\/p>\n<p>El domingo, la programaci\u00f3n se traslada a la Plaza de los Faycanes, donde a las 19:00 horas se presentar\u00e1 el espect\u00e1culo navide\u00f1o del Coro de Gospel MLOU, y a las 20:00 horas, el esperado concierto \u201cRasca y Lumbre\u201d, a cargo de la Parranda Araguaney junto a Mujeres D, una propuesta que fusiona tradici\u00f3n y ritmo en una celebraci\u00f3n de la identidad canaria.<\/p>\n<p>Para facilitar el aparcamiento a los visitantes, un total de 1759 plazas permanecer\u00e1n habilitadas en G\u00e1ldar durante toda la campa\u00f1a navide\u00f1a repartidas entre el aparcamiento de La Quinta, Las Guayarminas, San Sebasti\u00e1n, Infanta Benchara, Reina Arminda, Faic\u00e1n Guanache y Huertas del Rey.<\/p>\n<p>El programa completo con horarios y fecha de todos los actos est\u00e1 disponible en<a href=\"https:\/\/www.galdar.es\/navidad\/\" rel=\"nofollow noopener\" target=\"_blank\"> galdar.es\/navidad <\/a>y en el perfil de Instagram @culturagaldar.<\/p>\n<p><a data-flickr-embed=\"true\" href=\"https:\/\/www.flickr.com\/photos\/ayuntamientodegaldar\/albums\/72177720331154309\" title=\"Gran Cabalgata Infantil\" rel=\"nofollow noopener\" target=\"_blank\"><img decoding=\"async\" src=\"https:\/\/www.europesays.com\/es\/wp-content\/uploads\/2025\/12\/55007714903_971d3beb2d_h.jpg\" width=\"100%\" height=\"560\" alt=\"Gran Cabalgata Infantil\"\/><\/a><\/p>\n<p><a data-flickr-embed=\"true\" href=\"https:\/\/www.flickr.com\/photos\/ayuntamientodegaldar\/albums\/72177720331129357\" title=\"Concierto \u201cSer\u00e1 Navidad\u201d de Pedro Manuel Afonso\" rel=\"nofollow noopener\" target=\"_blank\"><img decoding=\"async\" src=\"https:\/\/www.europesays.com\/es\/wp-content\/uploads\/2025\/12\/55007736313_17795c3cc2_h.jpg\" width=\"100%\" height=\"560\" alt=\"Concierto \u201cSer\u00e1 Navidad\u201d de Pedro Manuel Afonso\"\/><\/a><\/p>\n","protected":false},"excerpt":{"rendered":"Una vez m\u00e1s, G\u00e1ldar se colore\u00f3 de fiesta este viernes, congregando a cientos de vecinos y visitantes en&hellip;\n","protected":false},"author":2,"featured_media":310624,"comment_status":"","ping_status":"","sticky":false,"template":"","format":"standard","meta":{"footnotes":""},"categories":[5],"tags":[17,18,25,24,13,14,11,19,20,9,10,15,16,23,12,21,22],"class_list":{"0":"post-310623","1":"post","2":"type-post","3":"status-publish","4":"format-standard","5":"has-post-thumbnail","7":"category-titulares","8":"tag-breaking-news","9":"tag-breakingnews","10":"tag-es","11":"tag-espana","12":"tag-featured-news","13":"tag-featurednews","14":"tag-headlines","15":"tag-latest-news","16":"tag-latestnews","17":"tag-news","18":"tag-noticias","19":"tag-noticias-destacadas","20":"tag-noticiasdestacadas","21":"tag-spain","22":"tag-titulares","23":"tag-ultimas-noticias","24":"tag-ultimasnoticias"},"share_on_mastodon":{"url":"https:\/\/pubeurope.com\/@es\/115794075993430764","error":""},"_links":{"self":[{"href":"https:\/\/www.europesays.com\/es\/wp-json\/wp\/v2\/posts\/310623","targetHints":{"allow":["GET"]}}],"collection":[{"href":"https:\/\/www.europesays.com\/es\/wp-json\/wp\/v2\/posts"}],"about":[{"href":"https:\/\/www.europesays.com\/es\/wp-json\/wp\/v2\/types\/post"}],"author":[{"embeddable":true,"href":"https:\/\/www.europesays.com\/es\/wp-json\/wp\/v2\/users\/2"}],"replies":[{"embeddable":true,"href":"https:\/\/www.europesays.com\/es\/wp-json\/wp\/v2\/comments?post=310623"}],"version-history":[{"count":0,"href":"https:\/\/www.europesays.com\/es\/wp-json\/wp\/v2\/posts\/310623\/revisions"}],"wp:featuredmedia":[{"embeddable":true,"href":"https:\/\/www.europesays.com\/es\/wp-json\/wp\/v2\/media\/310624"}],"wp:attachment":[{"href":"https:\/\/www.europesays.com\/es\/wp-json\/wp\/v2\/media?parent=310623"}],"wp:term":[{"taxonomy":"category","embeddable":true,"href":"https:\/\/www.europesays.com\/es\/wp-json\/wp\/v2\/categories?post=310623"},{"taxonomy":"post_tag","embeddable":true,"href":"https:\/\/www.europesays.com\/es\/wp-json\/wp\/v2\/tags?post=310623"}],"curies":[{"name":"wp","href":"https:\/\/api.w.org\/{rel}","templated":true}]}}