{"id":310629,"date":"2025-12-27T23:23:14","date_gmt":"2025-12-27T23:23:14","guid":{"rendered":"https:\/\/www.europesays.com\/es\/310629\/"},"modified":"2025-12-27T23:23:14","modified_gmt":"2025-12-27T23:23:14","slug":"no-hay-que-cambiar-nada-ganar-hara-que-la-dinamica-sea-distinta-dice-ramon-diaz","status":"publish","type":"post","link":"https:\/\/www.europesays.com\/es\/310629\/","title":{"rendered":"\u00abNo hay que cambiar nada, ganar har\u00e1 que la din\u00e1mica sea distinta\u00bb, dice Ram\u00f3n D\u00edaz"},"content":{"rendered":"<p><a class=\"v-mdl-ath__fig-a\" href=\"https:\/\/www.ideal.es\/autor\/victor-m-romero-394.html\" title=\"V\u00edctor M. Romero\" rel=\"nofollow noopener\" target=\"_blank\"><br \/>\n<img decoding=\"async\" class=\"v-mdl-ath__img\" src=\"https:\/\/www.europesays.com\/es\/wp-content\/uploads\/2025\/08\/1756261749_793_autor-394-foto-3.jpeg\" alt=\"V\u00edctor M. Romero\"\/><br \/>\n<\/a><\/p>\n<p class=\"v-mdl-ath__p v-mdl-ath__p--6\">\nS\u00e1bado, 27 de diciembre 2025, 22:44<\/p>\n<p class=\"v-p\">Ram\u00f3n D\u00edaz, el entrenador del Covir\u00e1n, coment\u00f3 sobre los elogios de Sito Alonso, que dijo que fue el partido m\u00e1s dif\u00edcil de ganar por el  &#8230; UCAM Murcia, que \u00abhacemos buen baloncesto, competimos y estamos sin los resultados que merecemos, y no tenemos que cambiar, porque todo se mide por las victorias y derrotas. Amar (Alibegovic) va ayudar much\u00edsimo al rebote, vamos a ser m\u00e1s en\u00e9rgicos y f\u00edsicos en los principios de partido con \u00e9l. Y en ataque tenemos que buscar soluciones m\u00e1s claras, pero no cambiar los sistemas. Estoy convencido de que cuando ganemos uno o dos partidos la din\u00e1mica ser\u00e1 distinta, y esto har\u00e1 que nos acercarnos a nuestro objetivo, si sumos capaces de sumar\u00bb.<\/p>\n<p class=\"v-p\">En cuanto a las actuaciones de Babatunde y Jassel P\u00e9rez, explic\u00f3 que \u00ab&#8217;Tunde&#8217; vino con rol defensivo, pero es determinante ya en ataque, al leer muy bien y ayudar a que los compa\u00f1eros salgan liberados en los bloqueos, su liga es espectacular. Y Jassel tiene cualidades individuales incre\u00edbles que tenemos que pulir\u00bb.<\/p>\n<p class=\"v-crt__t\"> L\u00edmite de sesiones alcanzadas<\/p>\n<p class=\"v-crt__p\">El acceso al contenido Premium est\u00e1 abierto por cortes\u00eda del establecimiento donde te encuentras, pero ahora mismo hay demasiados usuarios conectados a las vez.<\/p>\n<p class=\"v-crt__p\">Por favor, int\u00e9ntalo pasados unos minutos.<\/p>\n<p>\nVolver a intentar\n<\/p>\n<p class=\"v-crt__t\">Sesi\u00f3n cerrada<\/p>\n<p class=\"v-crt__p\">Al iniciar sesi\u00f3n desde un dispositivo distinto, por seguridad, se cerr\u00f3 la \u00faltima sesi\u00f3n en este.<\/p>\n<p class=\"v-crt__p\">Para continuar disfrutando de su suscripci\u00f3n digital, inicie sesi\u00f3n en este dispositivo.<\/p>\n<p>\nEste contenido es exclusivo para suscriptores\n<\/p>\n<p class=\"text\">\u00bfTienes una suscripci\u00f3n? <a href=\"https:\/\/secure.ideal.es\/identidad\/inicio#vca=suscribete&amp;vso=ideal&amp;vmc=on&amp;vli=cdn-ce-link-login\" class=\"login\" data-voc-vtm-id=\"comienzoSuscripcionON\" data-voc-vtm-info=\"cdn-ce-link-login\" rel=\"nofollow noopener\" target=\"_blank\">Inicia sesi\u00f3n<\/a><\/p>\n<p>Reporta un error<\/p>\n","protected":false},"excerpt":{"rendered":"S\u00e1bado, 27 de diciembre 2025, 22:44 Ram\u00f3n D\u00edaz, el entrenador del Covir\u00e1n, coment\u00f3 sobre los elogios de Sito&hellip;\n","protected":false},"author":2,"featured_media":310630,"comment_status":"","ping_status":"","sticky":false,"template":"","format":"standard","meta":{"footnotes":""},"categories":[269],"tags":[299,298,3054,168,779,6727,18728,73139,25,24,2000,21089,11082,23,167],"class_list":{"0":"post-310629","1":"post","2":"type-post","3":"status-publish","4":"format-standard","5":"has-post-thumbnail","7":"category-baloncesto","8":"tag-baloncesto","9":"tag-basketball","10":"tag-cambiar","11":"tag-deportes","12":"tag-diaz","13":"tag-dice","14":"tag-dinamica","15":"tag-distinta","16":"tag-es","17":"tag-espana","18":"tag-ganar","19":"tag-hara","20":"tag-ramon","21":"tag-spain","22":"tag-sports"},"share_on_mastodon":{"url":"https:\/\/pubeurope.com\/@es\/115794110782716564","error":""},"_links":{"self":[{"href":"https:\/\/www.europesays.com\/es\/wp-json\/wp\/v2\/posts\/310629","targetHints":{"allow":["GET"]}}],"collection":[{"href":"https:\/\/www.europesays.com\/es\/wp-json\/wp\/v2\/posts"}],"about":[{"href":"https:\/\/www.europesays.com\/es\/wp-json\/wp\/v2\/types\/post"}],"author":[{"embeddable":true,"href":"https:\/\/www.europesays.com\/es\/wp-json\/wp\/v2\/users\/2"}],"replies":[{"embeddable":true,"href":"https:\/\/www.europesays.com\/es\/wp-json\/wp\/v2\/comments?post=310629"}],"version-history":[{"count":0,"href":"https:\/\/www.europesays.com\/es\/wp-json\/wp\/v2\/posts\/310629\/revisions"}],"wp:featuredmedia":[{"embeddable":true,"href":"https:\/\/www.europesays.com\/es\/wp-json\/wp\/v2\/media\/310630"}],"wp:attachment":[{"href":"https:\/\/www.europesays.com\/es\/wp-json\/wp\/v2\/media?parent=310629"}],"wp:term":[{"taxonomy":"category","embeddable":true,"href":"https:\/\/www.europesays.com\/es\/wp-json\/wp\/v2\/categories?post=310629"},{"taxonomy":"post_tag","embeddable":true,"href":"https:\/\/www.europesays.com\/es\/wp-json\/wp\/v2\/tags?post=310629"}],"curies":[{"name":"wp","href":"https:\/\/api.w.org\/{rel}","templated":true}]}}