{"id":310645,"date":"2025-12-27T23:33:24","date_gmt":"2025-12-27T23:33:24","guid":{"rendered":"https:\/\/www.europesays.com\/es\/310645\/"},"modified":"2025-12-27T23:33:24","modified_gmt":"2025-12-27T23:33:24","slug":"un-hombre-dice-ser-hermano-de-chaboli-el-marido-de-nina-pastori-y-ha-conseguido-una-valiosisima-prueba-de-adn","status":"publish","type":"post","link":"https:\/\/www.europesays.com\/es\/310645\/","title":{"rendered":"Un hombre dice ser hermano de Chaboli, el marido de Ni\u00f1a Pastori, y ha conseguido una \u00abvalios\u00edsima\u00bb prueba de ADN"},"content":{"rendered":"<p class=\"paragraph\" id=\"paragraph_1\">Inesperada noticia la que se ha conocido este viernes, 26 de diciembre, en el seno de la cr\u00f3nica social: <strong>Chaboli<\/strong>, el marido de <strong><a href=\"https:\/\/www.elespanol.com\/reportajes\/20241221\/nina-pastori-prima-palo-tremendo-sana-hermana-nunca-llamabamos-igual\/910159437_0.html?utm_cmp_rs=linksinline\" rel=\"nofollow noopener\" target=\"_blank\">Ni\u00f1a Pastori<\/a><\/strong>\u00a0(47 a\u00f1os), podr\u00eda tener un hermano biol\u00f3gico desconocido hasta la fecha. As\u00ed lo ha hecho p\u00fablico el abogado <strong>Fernando Osuna<\/strong> a trav\u00e9s de un comunicado.\u00a0<\/p>\n<p class=\"paragraph\" id=\"paragraph_2\">Un hombre, natural de Madrid, de unos 40 a\u00f1os, sostiene ser hijo del malogrado componente de Los Chichos <strong>Juan Antonio Jim\u00e9nez Mu\u00f1oz<\/strong>, conocido por todos como <strong>Jero<\/strong> y <strong>fallecido en el a\u00f1o 1995<\/strong>. Este hombre ha presentado una<strong> prueba de hermandad<\/strong>\u00a0en los \u00faltimos d\u00edas.\u00a0<\/p>\n<p class=\"paragraph\" id=\"paragraph_3\">No s\u00f3lo esto, ha conseguido una \u00ab<strong>valios\u00edsima<\/strong>\u00bb prueba de <strong>ADN<\/strong>, seg\u00fan califica el sevillano Fernando Osuna. En su af\u00e1n por conseguir esa prueba, explica Osuna que este madrile\u00f1o contrat\u00f3 a un detective y el objeto que ten\u00eda ADN era una <strong>colilla de cigarro<\/strong>.<\/p>\n<p><img loading=\"lazy\" decoding=\"async\" alt=\"Ni\u00f1a Pastori: Lo de mi prima fue un palo tremendo. No ten\u00eda nada, estaba sana y era como la hermana que nunca tuve. Nos llam\u00e1bamos igual\" height=\"180\" src=\"https:\/\/www.europesays.com\/es\/wp-content\/uploads\/2025\/12\/899421066_250701761_320x180.jpg\" width=\"320\" data-lazy-status=\"processed\" data-lazy-info=\"remove loading item 1\"\/><\/p>\n<p><img decoding=\"async\" alt=\"Ni\u00f1a Pastori junto a su marido en una imagen de archivo.\" data-imgm=\"true\" height=\"180\" loading=\"lazy\"  src=\"https:\/\/www.europesays.com\/es\/wp-content\/uploads\/2025\/12\/1003744070510_260673017_1024x576.jpg\"  width=\"320\"\/><\/p>\n<p>                                                            Ni\u00f1a Pastori junto a su marido en una imagen de archivo.<\/p>\n<p>                    Gtres<\/p>\n<p class=\"paragraph\" id=\"paragraph_4\">La <strong>denuncia<\/strong>, interpuesta en el Puerto de Santa Mar\u00eda, afecta directamente a\u00a0<strong>Julio Jim\u00e9nez Borja<\/strong>, el marido de la cantante Ni\u00f1a Pastori, y a un hermano de \u00e9ste. Cuenta Fernando que la madre de este hombre \u00abera menor de edad cuando se qued\u00f3 embarazada\u00bb.\u00a0<\/p>\n<p class=\"paragraph\" id=\"paragraph_5\">Al ser una prueba de hermandad, que certifica un parentesco del 99,999 por ciento entre Chaboli y este hombre, el marido de Ni\u00f1a Pastori ser\u00e1 qui\u00e9n sea citado en sede judicial para certificar la prueba. En otro orden de cosas, Osuna pone el acento en la <strong>herencia<\/strong>.\u00a0<\/p>\n<p class=\"paragraph\" id=\"paragraph_6\">\u00abPuede haber una importante herencia por los derechos musicales y la propiedad intelectual\u00bb. Fernando aduce que los derechos de autor de las canciones, \u00ab<strong>cantidades millonarias<\/strong>\u00ab, los herederos pueden cobrar hasta 70 a\u00f1os despu\u00e9s de la muerte del compositor.\u00a0<\/p>\n<p class=\"paragraph\" id=\"paragraph_7\">Sea como fuere, esta historia, habr\u00e1 que ver c\u00f3mo se resuelve, ha sacudido los cimientos de una familia muy discreta, la formada por Ni\u00f1a Pastori y Chaboli. La dupla se conoci\u00f3 a finales de los noventa, unidos por el flamenco y por la m\u00fasica que ambos respiraban en casa desde ni\u00f1os.<\/p>\n<p><img decoding=\"async\" alt=\"Ni\u00f1a Pastori y su marido junto a sus dos hijas.\" data-imgm=\"true\" height=\"240\" loading=\"lazy\"  src=\"https:\/\/www.europesays.com\/es\/wp-content\/uploads\/2025\/12\/1003744070532_260673291_854x640.jpg\"  width=\"320\"\/><\/p>\n<p>                                                            Ni\u00f1a Pastori y su marido junto a sus dos hijas.<\/p>\n<p>                    Gtres<\/p>\n<p class=\"paragraph\" id=\"paragraph_8\">\u00c9l, como hijo de Jero (Los Chichos); y ella, como heredera de la tradici\u00f3n cantaora de San Fernando.<strong> Empezaron su relaci\u00f3n en 1998<\/strong> y pronto unieron tambi\u00e9n sus carreras: mientras ella consolidaba su nombre en los escenarios, <strong>\u00e9l se fue convirtiendo en su productor y mano derecha en el estudio<\/strong>.<\/p>\n<p class=\"paragraph\" id=\"paragraph_9\">Especialmente, a partir del disco Mar\u00eda, donde su colaboraci\u00f3n art\u00edstica se hizo m\u00e1s visible. El 21 de diciembre de 2002 sellaron esa historia de amor con una boda \u00edntima en la <strong>Iglesia Mayor de San Pedro y San Pablo<\/strong>, en su tierra gaditana.<\/p>\n<p class=\"paragraph\" id=\"paragraph_10\">Desde entonces, su matrimonio se ha caracterizado por una <strong>gran estabilidad personal y profesional<\/strong>, trabajando codo con codo en giras y discos, y compartiendo casi todas las horas del d\u00eda entre escenarios, estudios y vida familiar.<\/p>\n<p class=\"paragraph\" id=\"paragraph_11\">Ella ha explicado en varias entrevistas que el \u00ab<strong>secreto<\/strong>\u00bb de su relaci\u00f3n es el <strong>respeto mutuo y cuidar los espacios de cada uno<\/strong>, algo que tambi\u00e9n intentan transmitir en casa.<\/p>\n<p class=\"paragraph\" id=\"paragraph_12\">\u00abYo creo que es de las mejores formas en que nos entendemos. Chaboli y yo llevamos mucho tiempo trabajando juntos. Y trabajar con Chaboli es bonito porque es un artista muy especial para la m\u00fasica,<strong> es muy entregado<\/strong>, cuida cada m\u00ednimo detalle\u00bb, explic\u00f3 hace poco a EL ESPA\u00d1OL.\u00a0<\/p>\n<p class=\"paragraph\" id=\"paragraph_13\">Ni\u00f1a Pastori y Chaboli tienen dos hijas, <strong>Pastora<\/strong>, nacida en julio de 2008, y <strong>Mar\u00eda<\/strong>, nacida el 8 de julio de 2012, que llevan los nombres de la madre y de la propia artista.<\/p>\n<p class=\"paragraph\" id=\"paragraph_14\">La pareja ha contado que intentan criar a las ni\u00f1as en un ambiente muy unido, <strong>acostumbradas a viajar con su madre cuando el colegio lo permite y aprendiendo a respetar tanto la vida en familia como el trabajo art\u00edstico de sus padres<\/strong>.<\/p>\n<p class=\"paragraph\" id=\"paragraph_15\">\u00abTenemos unas ni\u00f1as buenas de momento y no nos dan mucha guerra\u00bb, manifest\u00f3 Ni\u00f1a Pastori en diciembre de 2024, durante una entrevista con este peri\u00f3dico.\u00a0<\/p>\n","protected":false},"excerpt":{"rendered":"Inesperada noticia la que se ha conocido este viernes, 26 de diciembre, en el seno de la cr\u00f3nica&hellip;\n","protected":false},"author":2,"featured_media":310646,"comment_status":"","ping_status":"","sticky":false,"template":"","format":"standard","meta":{"footnotes":""},"categories":[91],"tags":[8681,146,147,25,24,367,256,563,73140,23,493],"class_list":{"0":"post-310645","1":"post","2":"type-post","3":"status-publish","4":"format-standard","5":"has-post-thumbnail","7":"category-entretenimiento","8":"tag-adn","9":"tag-entertainment","10":"tag-entretenimiento","11":"tag-es","12":"tag-espana","13":"tag-familia","14":"tag-famosos","15":"tag-hijos","16":"tag-nina-pastori","17":"tag-spain","18":"tag-tribunales"},"share_on_mastodon":{"url":"https:\/\/pubeurope.com\/@es\/115794150003955075","error":""},"_links":{"self":[{"href":"https:\/\/www.europesays.com\/es\/wp-json\/wp\/v2\/posts\/310645","targetHints":{"allow":["GET"]}}],"collection":[{"href":"https:\/\/www.europesays.com\/es\/wp-json\/wp\/v2\/posts"}],"about":[{"href":"https:\/\/www.europesays.com\/es\/wp-json\/wp\/v2\/types\/post"}],"author":[{"embeddable":true,"href":"https:\/\/www.europesays.com\/es\/wp-json\/wp\/v2\/users\/2"}],"replies":[{"embeddable":true,"href":"https:\/\/www.europesays.com\/es\/wp-json\/wp\/v2\/comments?post=310645"}],"version-history":[{"count":0,"href":"https:\/\/www.europesays.com\/es\/wp-json\/wp\/v2\/posts\/310645\/revisions"}],"wp:featuredmedia":[{"embeddable":true,"href":"https:\/\/www.europesays.com\/es\/wp-json\/wp\/v2\/media\/310646"}],"wp:attachment":[{"href":"https:\/\/www.europesays.com\/es\/wp-json\/wp\/v2\/media?parent=310645"}],"wp:term":[{"taxonomy":"category","embeddable":true,"href":"https:\/\/www.europesays.com\/es\/wp-json\/wp\/v2\/categories?post=310645"},{"taxonomy":"post_tag","embeddable":true,"href":"https:\/\/www.europesays.com\/es\/wp-json\/wp\/v2\/tags?post=310645"}],"curies":[{"name":"wp","href":"https:\/\/api.w.org\/{rel}","templated":true}]}}