{"id":310655,"date":"2025-12-27T23:38:14","date_gmt":"2025-12-27T23:38:14","guid":{"rendered":"https:\/\/www.europesays.com\/es\/310655\/"},"modified":"2025-12-27T23:38:14","modified_gmt":"2025-12-27T23:38:14","slug":"el-pp-propone-facilitar-la-conversion-de-oficinas-en-viviendas-y-volver-a-una-espana-de-pequenos-propietarios","status":"publish","type":"post","link":"https:\/\/www.europesays.com\/es\/310655\/","title":{"rendered":"El PP propone facilitar la conversi\u00f3n de oficinas en viviendas y volver a una Espa\u00f1a de peque\u00f1os propietarios"},"content":{"rendered":"<p class=\"c-paragraph\">El vicesecretario de Econom\u00eda y Desarrollo Sostenible del PP, Alberto Nadal, ha lanzado una propuesta para <b>agilizar los tr\u00e1mites de la conversi\u00f3n de oficinas y otros locales<\/b> de uso no residencial en viviendas, al tiempo que ha defendido la idea de que Espa\u00f1a vuelva a ser un pa\u00eds de peque\u00f1os propietarios.<\/p>\n<p class=\"c-paragraph\">En una entrevista, el dirigente popular ha desgranado algunas de las propuestas que defiende el PP en materia de vivienda y ha comenzado por apuntar que en la actualidad <b>hay un problema de oferta en el sector,<\/b> teniendo en cuenta el n\u00famero de hogares que se han creado y la poblaci\u00f3n migrante que ha entrado en el pa\u00eds.<\/p>\n<p class=\"c-paragraph\">Seg\u00fan datos del Banco de Espa\u00f1a, el exceso de demanda sobre la oferta se calcula en unas 720.000 viviendas. Para que ese stock se mantenga en esa cifra y no se agrande el problema, Nadal apunta que en Espa\u00f1a<b> se necesitar\u00edan unas 200.000 viviendas anuales<\/b>, y sin embargo en 2024 el n\u00famero de viviendas iniciadas fueron 130.000. \u00abNo solamente es que faltan, sino que cada a\u00f1o todav\u00eda faltan m\u00e1s\u00bb, ha apuntado.<\/p>\n<p class=\"c-paragraph\">En este sentido, el que fuera tambi\u00e9n secretario de Estado en el Gobierno de Mariano Rajoy ha defendido aplicar<b> pol\u00edticas que impulsen la construcci\u00f3n de viviendas<\/b>, que en su opini\u00f3n pueden venir de habilitar m\u00e1s suelo urbanizable o de rehabilitar edificaciones existentes que no tengan un uso residencial.<\/p>\n<p class=\"c-paragraph\">\u00abLo que necesitamos es que haya m\u00e1s vivienda; para que haya m\u00e1s vivienda <b>s\u00f3lo puede surgir de dos sitios<\/b>, o bien crear suelo urbanizable adicional para hacer vivienda nueva o bien viviendas existentes o edificaciones existentes destinarlas a viviendas\u00bb, ha explicado.<\/p>\n<p class=\"c-paragraph\">En lo que respecta a la propuesta del suelo, Nadal aboga por<b> conceder \u00abincentivos adecuados\u00bb<\/b> para que haya suelo urbanizable y reducir los plazos de la burocracia para poder entregar viviendas. \u00abHay que reducir ese plazo de una manera extraordinaria. Esto s\u00ed que es una emergencia\u00bb, ha apuntado. Igualmente, el dirigente del PP plantea simplificar los cambios de uso en las edificaciones, puesto que en la actualidad si un edificio de oficinas se quiere transformar en viviendas\u00a0<b><b>la lentitud burocr\u00e1tica \u00abes enorme\u00bb.<\/b><\/b><\/p>\n<p>Denuncia las medidas intervencionistas\u00a0<\/p>\n<p class=\"c-paragraph\">Sumado a estas dos propuestas, Alberto Nadal tambi\u00e9n quiere que se eliminen \u00abmedidas intervencionistas\u00bb como las que incorpora la Ley de Vivienda, que en determinadas circunstancias permite intervenir los precios del alquiler, al considerar qu<b>e se han demostrado \u00abtotalmente fracasadas\u00bb <\/b>en aquellos lugares donde se han aplicado, incluyendo Espa\u00f1a.<\/p>\n<p class=\"c-paragraph\">\u00abLas medidas del Gobierno de fijar los precios de los alquileres ya las puso Franco en los a\u00f1os 60 y el resultado fue<b> el declive del centro de las ciudades <\/b>y la desaparici\u00f3n pr\u00e1cticamente del mercado de alquiler\u00bb, ha argumentado.<\/p>\n<p class=\"c-paragraph\">Con este conjunto de medidas, Nadal considera que se podr\u00eda ir solventando el problema de la oferta en el mercado, y cuando este se resolviese habr\u00eda que <b>atender a pol\u00edticas de impulso en el lado de la demanda<\/b>, bajando impuestos a los j\u00f3venes y a aquellas familias que tengan m\u00e1s dificultades para acceder a una vivienda.<\/p>\n<p class=\"c-paragraph\">Nadal ha remarcado sus planteamientos sobre la vivienda defendiendo el impulso de pol\u00edticas que faciliten la compra de viviendas, no solamente el mercado del alquiler. <b>\u00abTodas las pol\u00edticas p\u00fablicas no tienen que ir relacionadas exclusivamente al alquiler, sino tambi\u00e9n a la compra<\/b>. Hay que conseguir que Espa\u00f1a vuelva a ser un pa\u00eds de peque\u00f1os propietarios\u00bb, ha remachado.<\/p>\n","protected":false},"excerpt":{"rendered":"El vicesecretario de Econom\u00eda y Desarrollo Sostenible del PP, Alberto Nadal, ha lanzado una propuesta para agilizar los&hellip;\n","protected":false},"author":2,"featured_media":310656,"comment_status":"","ping_status":"","sticky":false,"template":"","format":"standard","meta":{"footnotes":""},"categories":[5],"tags":[17,18,55755,25,24,3480,13,14,11,19,20,9,10,15,16,24721,956,918,23,12,21,22],"class_list":{"0":"post-310655","1":"post","2":"type-post","3":"status-publish","4":"format-standard","5":"has-post-thumbnail","7":"category-titulares","8":"tag-breaking-news","9":"tag-breakingnews","10":"tag-conversion","11":"tag-es","12":"tag-espana","13":"tag-facilitar","14":"tag-featured-news","15":"tag-featurednews","16":"tag-headlines","17":"tag-latest-news","18":"tag-latestnews","19":"tag-news","20":"tag-noticias","21":"tag-noticias-destacadas","22":"tag-noticiasdestacadas","23":"tag-oficinas","24":"tag-pp","25":"tag-propone","26":"tag-spain","27":"tag-titulares","28":"tag-ultimas-noticias","29":"tag-ultimasnoticias"},"share_on_mastodon":{"url":"https:\/\/pubeurope.com\/@es\/115794169242601540","error":""},"_links":{"self":[{"href":"https:\/\/www.europesays.com\/es\/wp-json\/wp\/v2\/posts\/310655","targetHints":{"allow":["GET"]}}],"collection":[{"href":"https:\/\/www.europesays.com\/es\/wp-json\/wp\/v2\/posts"}],"about":[{"href":"https:\/\/www.europesays.com\/es\/wp-json\/wp\/v2\/types\/post"}],"author":[{"embeddable":true,"href":"https:\/\/www.europesays.com\/es\/wp-json\/wp\/v2\/users\/2"}],"replies":[{"embeddable":true,"href":"https:\/\/www.europesays.com\/es\/wp-json\/wp\/v2\/comments?post=310655"}],"version-history":[{"count":0,"href":"https:\/\/www.europesays.com\/es\/wp-json\/wp\/v2\/posts\/310655\/revisions"}],"wp:featuredmedia":[{"embeddable":true,"href":"https:\/\/www.europesays.com\/es\/wp-json\/wp\/v2\/media\/310656"}],"wp:attachment":[{"href":"https:\/\/www.europesays.com\/es\/wp-json\/wp\/v2\/media?parent=310655"}],"wp:term":[{"taxonomy":"category","embeddable":true,"href":"https:\/\/www.europesays.com\/es\/wp-json\/wp\/v2\/categories?post=310655"},{"taxonomy":"post_tag","embeddable":true,"href":"https:\/\/www.europesays.com\/es\/wp-json\/wp\/v2\/tags?post=310655"}],"curies":[{"name":"wp","href":"https:\/\/api.w.org\/{rel}","templated":true}]}}