{"id":310687,"date":"2025-12-28T00:10:14","date_gmt":"2025-12-28T00:10:14","guid":{"rendered":"https:\/\/www.europesays.com\/es\/310687\/"},"modified":"2025-12-28T00:10:14","modified_gmt":"2025-12-28T00:10:14","slug":"un-all-star-de-la-nba-se-harta-y-quiere-venir-a-europa-estoy-pensando-en-pasarme-a-la-euroliga-solo-quiero-jugar-al-baloncesto","status":"publish","type":"post","link":"https:\/\/www.europesays.com\/es\/310687\/","title":{"rendered":"Un All Star de la NBA se harta y quiere venir a Europa: \u00abEstoy pensando en pasarme a la Euroliga&#8230; Solo quiero jugar al baloncesto\u00bb"},"content":{"rendered":"<p>La ex estrella de los Boston Celtics, entre otros, Isaiah Thomas se ha cansado de esperar una nueva oportunidad en la NBA<\/p>\n<p class=\"parrafo\"><strong>Aunque la NBA y, \u00faltimamente, hasta la NCAA le est\u00e1n arrebatando a Europa mucho talento de forma contin\u00faa, cada vez son m\u00e1s los nombres llamativos que dan el paso contrario <\/strong>y desembarcan en el baloncesto europeo. Ya no son s\u00f3lo viejas glorias que quieren probar suerte o europeos que regresan tras su periplo americano. Este a\u00f1o est\u00e1n fichando jugadores que han estado en la rotaci\u00f3n habitual de equipos de la NBA hace tan solo unos meses.<\/p>\n<p class=\"parrafo\"><strong>Los Trey Lyles, Devonte Graham, Lonnie Walker, Chuma Okeke, Jared Butler, Spencer Dinwiddie&#8230; han hecho que en Estados Unidos se est\u00e9n fijando cada vez m\u00e1s en el baloncesto europeo.<\/strong> A lo que se a\u00f1ade el creciente inter\u00e9s de la NBA por crear sus franquicias en Europa, algo que, si el plan sale adelante, ver\u00eda la luz en dos a\u00f1os.<\/p>\n<p><a class=\"elementos-rel-t2\" href=\"https:\/\/www.estadiodeportivo.com\/baloncesto\/nba\/duro-palo-para-los-lakers-cuatro-semanas-baja-escolta-titular-20251227-524916.html\" title=\"Duro palo para los Lakers: cuatro semanas de baja de su escolta titular\" rel=\"nofollow noopener\" target=\"_blank\"><\/p>\n<p class=\"titular titulo-4\">Duro palo para los Lakers: cuatro semanas de baja de su escolta titular<\/p>\n<p><img decoding=\"async\" src=\"https:\/\/www.europesays.com\/es\/wp-content\/uploads\/2025\/12\/a815f4b2-5e9f-43a7-983f-75a22d78ef17_320x180.jpeg\" alt=\"Duro palo para los Lakers: cuatro semanas de baja de su escolta titular\"\/><\/a><a class=\"elementos-rel-t2\" href=\"https:\/\/www.estadiodeportivo.com\/baloncesto\/nba\/hugo-gonzalez-santi-aldama-siguen-fiesta-nba-20251227-524910.html\" title=\"Hugo Gonz\u00e1lez y Santi Aldama siguen de fiesta en la NBA\" rel=\"nofollow noopener\" target=\"_blank\"><\/p>\n<p class=\"titular titulo-4\">Hugo Gonz\u00e1lez y Santi Aldama siguen de fiesta en la NBA<\/p>\n<p><img decoding=\"async\" src=\"https:\/\/www.europesays.com\/es\/wp-content\/uploads\/2025\/12\/aad7062e-fc37-41d8-80b3-ff0ed7e54f86_320x180.jpeg\" alt=\"Hugo Gonz\u00e1lez y Santi Aldama siguen de fiesta en la NBA\"\/><\/a><\/p>\n<p class=\"parrafo\">No es el caso del <strong>\u00faltimo nombre que se &#8216;apunta&#8217; a la m\u00e1xima competici\u00f3n continental europea, ya que no es ning\u00fan joven. Pero s\u00ed el m\u00e1s llamativo. Todo un All Star que no encuentra acomodo en la NBA <\/strong>este a\u00f1o, que ha dado muchos tumbos en las \u00faltimas temporadas y que ya ha dicho abiertamente que se quiere venir a Europa.<\/p>\n<p><img decoding=\"async\" src=\"https:\/\/www.europesays.com\/es\/wp-content\/uploads\/2025\/12\/e0b2c3be-f354-4e44-941c-0ed3599c3558_800x1028.jpeg\" loading=\"lazy\"\/><\/p>\n<p class=\"parrafo\"><strong>\u00abEstoy pensando en pasarme a la Euroliga&#8230; Solo quiero jugar al baloncesto\u00bb, publica Isaiah Thomas, quien a sus 36 a\u00f1os, tras 14 a\u00f1os en la NBA y casi 600 partidos no encuentra acomodo en ninguna franquicia<\/strong>. Sus mejores a\u00f1os los ofreci\u00f3 en los Boston Celtics entre 2015 y 2017. Ah\u00ed lleg\u00f3 a las finales de Conferencia, <strong>fue All-Star y lleg\u00f3 a ser designado mejor jugador del mes en la NBA<\/strong>. Fue, sin duda, una de las grandes estrellas de la Liga norteamericana. <\/p>\n<p>Thomas, sin continuidad tras los Celtics<\/p>\n<p class=\"parrafo\">Despu\u00e9s de eso, muchos contratos cortos y poca continuidad. Cleveland Cavaliers (2017-2018), Los Angeles Lakers (2018), Denver Nuggets (2018-2019), Washington Wizards (2019-2020), New Orleans Pelicans (2021), Los Angeles Lakers (2021), Dallas Mavericks (2021), Charlotte Hornets (2022) y Phoenix Suns (2024), con algunas apariciones en la G-League. <strong>Hasta que se ha cansado y ha decidido probar en Europa.<\/strong><\/p>\n<p class=\"parrafo\"><strong>Ahora le toca encontrar equipo.<\/strong> Ya hay alg\u00fan excompa\u00f1ero que le ha aconsejado en redes que no lo dude y que prueba en Europa. Aunque los equipos del viejo continente est\u00e1n ya conformados, <strong>un nombre como el de Thomas siempre es bienvenido, aunque s\u00f3lo sea por atraer p\u00fablico a los pabellones, ya que es un jugador muy conocido fuera de la NBA<\/strong>. Y uno de los 97 que ha metido m\u00e1s de 50 puntos en un partido de la Liga norteamericana. Casi nada.<\/p>\n","protected":false},"excerpt":{"rendered":"La ex estrella de los Boston Celtics, entre otros, Isaiah Thomas se ha cansado de esperar una nueva&hellip;\n","protected":false},"author":2,"featured_media":310688,"comment_status":"","ping_status":"","sticky":false,"template":"","format":"standard","meta":{"footnotes":""},"categories":[269],"tags":[299,298,12438,168,25,24,284,833,73146,1725,23,167],"class_list":{"0":"post-310687","1":"post","2":"type-post","3":"status-publish","4":"format-standard","5":"has-post-thumbnail","7":"category-baloncesto","8":"tag-baloncesto","9":"tag-basketball","10":"tag-boston-celtics","11":"tag-deportes","12":"tag-es","13":"tag-espana","14":"tag-estadio-deportivo","15":"tag-euroliga","16":"tag-isaiah-thomas","17":"tag-nba","18":"tag-spain","19":"tag-sports"},"share_on_mastodon":{"url":"https:\/\/pubeurope.com\/@es\/115794295943927305","error":""},"_links":{"self":[{"href":"https:\/\/www.europesays.com\/es\/wp-json\/wp\/v2\/posts\/310687","targetHints":{"allow":["GET"]}}],"collection":[{"href":"https:\/\/www.europesays.com\/es\/wp-json\/wp\/v2\/posts"}],"about":[{"href":"https:\/\/www.europesays.com\/es\/wp-json\/wp\/v2\/types\/post"}],"author":[{"embeddable":true,"href":"https:\/\/www.europesays.com\/es\/wp-json\/wp\/v2\/users\/2"}],"replies":[{"embeddable":true,"href":"https:\/\/www.europesays.com\/es\/wp-json\/wp\/v2\/comments?post=310687"}],"version-history":[{"count":0,"href":"https:\/\/www.europesays.com\/es\/wp-json\/wp\/v2\/posts\/310687\/revisions"}],"wp:featuredmedia":[{"embeddable":true,"href":"https:\/\/www.europesays.com\/es\/wp-json\/wp\/v2\/media\/310688"}],"wp:attachment":[{"href":"https:\/\/www.europesays.com\/es\/wp-json\/wp\/v2\/media?parent=310687"}],"wp:term":[{"taxonomy":"category","embeddable":true,"href":"https:\/\/www.europesays.com\/es\/wp-json\/wp\/v2\/categories?post=310687"},{"taxonomy":"post_tag","embeddable":true,"href":"https:\/\/www.europesays.com\/es\/wp-json\/wp\/v2\/tags?post=310687"}],"curies":[{"name":"wp","href":"https:\/\/api.w.org\/{rel}","templated":true}]}}