{"id":310691,"date":"2025-12-28T00:12:14","date_gmt":"2025-12-28T00:12:14","guid":{"rendered":"https:\/\/www.europesays.com\/es\/310691\/"},"modified":"2025-12-28T00:12:14","modified_gmt":"2025-12-28T00:12:14","slug":"los-beckham-entre-los-invitados","status":"publish","type":"post","link":"https:\/\/www.europesays.com\/es\/310691\/","title":{"rendered":"los Beckham, entre los invitados"},"content":{"rendered":"<p><img loading=\"lazy\" decoding=\"async\" src=\"https:\/\/www.europesays.com\/es\/wp-content\/uploads\/2025\/12\/100x100_informalia-logo.jpg\" itemtype=\"\/\/schema.org\/ImageObject\" itemprop=\"url\" alt=\"Informalia\" width=\"64\" height=\"64\" pinger-seen=\"true\"\/><\/p>\n<p>Reino Unido ha sido testigo este s\u00e1bado de la boda de Holly Ramsay, hija del c\u00e9lebre chef <b>Gordon Ramsay<\/b>, distinguido con m\u00e1s de 17 estrellas Michel\u00edn. El enlace se celebr\u00f3 en la Abad\u00eda de Bath, uno de los templos religiosos m\u00e1s emblem\u00e1ticos del pa\u00eds y conocido internacionalmente por su vinculaci\u00f3n con la serie Los Bridgerton.<\/p>\n<p>La joven se ha dado el \u00abs\u00ed, quiero\u00bb en una ceremonia de lo m\u00e1s id\u00edlica junto al nadador y triple campe\u00f3n ol\u00edmpico<b> Adam Peaty<\/b>. Entre los invitados no han faltado rostros conocidos, destacando especialmente la presencia de la <b>familia Beckham<\/b>, que no ha querido perderse uno de los enlaces brit\u00e1nicos m\u00e1s exclusivos del a\u00f1o.<\/p>\n<p>                            <img decoding=\"async\" src=\"https:\/\/www.europesays.com\/es\/wp-content\/uploads\/2025\/12\/770x_U597368_016.jpg\" loading=\"lazy\"\/><\/p>\n<blockquote><p>&#13;<\/p>\n<p>El vestido de la novia ha acaparado todas las miradas. <b>Holly, fiel a su estilo comedido, ha lucido un favorecedor dise\u00f1o de corte cl\u00e1sico<\/b>, muy acorde con la \u00e9poca del a\u00f1o y con un sutil gui\u00f1o a la Navidad. Para resguardarse del fr\u00edo, <b>la joven ha apostado por una capa de la que se intu\u00eda el vestido con un delicado encaje floral<\/b>. Ha llegado a la abad\u00eda del brazo de su padre, protagonizando uno de los momentos m\u00e1s emotivos de la ceremonia.<\/p>\n<p>&#13;\n<\/p><\/blockquote>\n<p>                            <img decoding=\"async\" src=\"https:\/\/www.europesays.com\/es\/wp-content\/uploads\/2025\/12\/770x_U597368_014.jpg\" loading=\"lazy\"\/><\/p>\n<p>WhatsApp<a href=\"https:\/\/api.whatsapp.com\/send?text=https:\/\/www.eleconomista.es\/informalia\/famosos\/noticias\/13707121\/12\/25\/la-boda-de-ensueno-de-holly-ramsay-hija-del-chef-gordon-ramsay-en-bath-los-beckham-entre-los-invitados.html?utm_source%3Dwhatsapp%26utm_medium%3Dshare_button&amp;id=1648118629957_whatsapp\" target=\"_blank\" data-action=\"share\/whatsapp\/share\" aria-label=\"Compartir en Whatsapp\" rel=\"nofollow noopener\"><\/a>Facebook<a id=\"fb-share\" href=\"#\" target=\"_blank\" rel=\"noopener noreferrer\" aria-label=\"Compartir en Facebook\"><\/a>Twitter<a href=\"https:\/\/twitter.com\/share?text=La+boda+de+ensue%C3%B1o+de+Holly+Ramsay%2C+hija+del+chef+Gordon+Ramsay%2C+en+Bath%3A+los+Beckham%2C+entre+los+invitados&amp;url=https:\/\/www.eleconomista.es\/informalia\/famosos\/noticias\/13707121\/12\/25\/la-boda-de-ensueno-de-holly-ramsay-hija-del-chef-gordon-ramsay-en-bath-los-beckham-entre-los-invitados.html&amp;via=Informalia&amp;id=1648118839245_twitter\" target=\"_blank\" aria-label=\"Compartir en Twitter\" rel=\"nofollow noopener\"><\/a>Linkedin<a onclick=\"return abrirLinkedin();\" href=\"https:\/\/www.linkedin.com\/shareArticle?text=La+boda+de+ensue%C3%B1o+de+Holly+Ramsay%2C+hija+del+chef+Gordon+Ramsay%2C+en+Bath%3A+los+Beckham%2C+entre+los+invitados&amp;url=https:\/\/www.eleconomista.es\/informalia\/famosos\/noticias\/13707121\/12\/25\/la-boda-de-ensueno-de-holly-ramsay-hija-del-chef-gordon-ramsay-en-bath-los-beckham-entre-los-invitados.html&amp;mini=true\" target=\"_blank\" aria-label=\"Compartir en linkedin\" rel=\"nofollow noopener\"><\/a>Beloud<a href=\"https:\/\/beloud.com\/share?text=La+boda+de+ensue%C3%B1o+de+Holly+Ramsay%2C+hija+del+chef+Gordon+Ramsay%2C+en+Bath%3A+los+Beckham%2C+entre+los+invitados&amp;url=https:\/\/www.eleconomista.es\/informalia\/famosos\/noticias\/13707121\/12\/25\/la-boda-de-ensueno-de-holly-ramsay-hija-del-chef-gordon-ramsay-en-bath-los-beckham-entre-los-invitados.html&amp;via=Informalia&amp;id=1648118839245_beloud\" target=\"_blank\" aria-label=\"Compartir en beloud\" rel=\"nofollow noopener\"><\/a>Bluesky<a href=\"https:\/\/bsky.app\/intent\/compose?text=https:\/\/bsky.app\/intent\/compose?text=https:\/\/www.eleconomista.es\/informalia\/famosos\/noticias\/13707121\/12\/25\/la-boda-de-ensueno-de-holly-ramsay-hija-del-chef-gordon-ramsay-en-bath-los-beckham-entre-los-invitados.html&amp;url=https:\/\/www.eleconomista.es\/informalia\/famosos\/noticias\/13707121\/12\/25\/la-boda-de-ensueno-de-holly-ramsay-hija-del-chef-gordon-ramsay-en-bath-los-beckham-entre-los-invitados.html&amp;via=elEconomistaes&amp;id=1648118839245_bluesky\" target=\"_blank\" aria-label=\"Compartir en bluesky\" rel=\"nofollow noopener\"><\/a><\/p>\n<p><script async src=\"https:\/\/platform.twitter.com\/widgets.js\" charset=\"utf-8\"><\/script><\/p>\n","protected":false},"excerpt":{"rendered":"Reino Unido ha sido testigo este s\u00e1bado de la boda de Holly Ramsay, hija del c\u00e9lebre chef Gordon&hellip;\n","protected":false},"author":2,"featured_media":310692,"comment_status":"","ping_status":"","sticky":false,"template":"","format":"standard","meta":{"footnotes":""},"categories":[174],"tags":[255,146,147,25,24,256,260,23],"class_list":{"0":"post-310691","1":"post","2":"type-post","3":"status-publish","4":"format-standard","5":"has-post-thumbnail","7":"category-famosos","8":"tag-celebrities","9":"tag-entertainment","10":"tag-entretenimiento","11":"tag-es","12":"tag-espana","13":"tag-famosos","14":"tag-gente","15":"tag-spain"},"share_on_mastodon":{"url":"https:\/\/pubeurope.com\/@es\/115794303798265784","error":""},"_links":{"self":[{"href":"https:\/\/www.europesays.com\/es\/wp-json\/wp\/v2\/posts\/310691","targetHints":{"allow":["GET"]}}],"collection":[{"href":"https:\/\/www.europesays.com\/es\/wp-json\/wp\/v2\/posts"}],"about":[{"href":"https:\/\/www.europesays.com\/es\/wp-json\/wp\/v2\/types\/post"}],"author":[{"embeddable":true,"href":"https:\/\/www.europesays.com\/es\/wp-json\/wp\/v2\/users\/2"}],"replies":[{"embeddable":true,"href":"https:\/\/www.europesays.com\/es\/wp-json\/wp\/v2\/comments?post=310691"}],"version-history":[{"count":0,"href":"https:\/\/www.europesays.com\/es\/wp-json\/wp\/v2\/posts\/310691\/revisions"}],"wp:featuredmedia":[{"embeddable":true,"href":"https:\/\/www.europesays.com\/es\/wp-json\/wp\/v2\/media\/310692"}],"wp:attachment":[{"href":"https:\/\/www.europesays.com\/es\/wp-json\/wp\/v2\/media?parent=310691"}],"wp:term":[{"taxonomy":"category","embeddable":true,"href":"https:\/\/www.europesays.com\/es\/wp-json\/wp\/v2\/categories?post=310691"},{"taxonomy":"post_tag","embeddable":true,"href":"https:\/\/www.europesays.com\/es\/wp-json\/wp\/v2\/tags?post=310691"}],"curies":[{"name":"wp","href":"https:\/\/api.w.org\/{rel}","templated":true}]}}