{"id":310721,"date":"2025-12-28T00:42:30","date_gmt":"2025-12-28T00:42:30","guid":{"rendered":"https:\/\/www.europesays.com\/es\/310721\/"},"modified":"2025-12-28T00:42:30","modified_gmt":"2025-12-28T00:42:30","slug":"el-milagro-de-unai-emery","status":"publish","type":"post","link":"https:\/\/www.europesays.com\/es\/310721\/","title":{"rendered":"El &#8216;milagro&#8217; de Unai Emery"},"content":{"rendered":"<p>La Premier League entra en ebullici\u00f3n con su habitual programaci\u00f3n navide\u00f1a y, por primera vez en la historia de la competici\u00f3n, tres entrenadores espa\u00f1oles copan (desde hace tres jornadas, por cierto) los tres primeros puestos del campeonato. Por plantilla, inversi\u00f3n y estatus, es l\u00f3gico lo del Arsenal de Mikel Arteta y lo del Manchester City de Pep Guardiola. Pero es bastante sorprendente, y para bien, lo del Aston Villa de Unai Emery: visita hoy al Chelsea con 11 victorias y tres empates en 17 encuentros y una de las mejores rachas del f\u00fatbol europeo, 10 triunfos en sus \u00faltimos 10 partidos. Despu\u00e9s de caer en Anfield el 1 de noviembre, los &#8216;villanos&#8217; han puesto un brutal ritmo de crucero, con 23 goles a favor y 10 en contra, para llevarse nueve puntos de nueve en la Europa League y 21 de 21 en la Premier, donde hoy defiende esa tercera posici\u00f3n con 36 puntos, a \u00fanicamente uno del City y a tres del Arsenal.\u00a0<\/p>\n<p>En la construcci\u00f3n de esa racha, el cuadro de Birmingham incluy\u00f3 un triunfo ante los &#8216;gunners&#8217; (5-1) con un tanto de Emi Buend\u00eda en el minuto 95 que llev\u00f3 al Argentino a decir: \u00abNo s\u00e9 si podremos pelearles la Liga, pero hemos demostrado que podemos pelear cualquier partido\u00bb. Ese &#8216;pasito a pasito&#8217; lo lleva trabajando Emery desde que lleg\u00f3 a Villa Park en verano de 2022. Nassef Sawiris (el hombre m\u00e1s rico de Egipto) y el estadounidense Wes Edens compraron conjuntamente el equipo en 2018 y entregaron las llaves de un proyecto a medio plazo al guipuzcoano, que se est\u00e1 reencontrando con el m\u00e9todo que le llev\u00f3 a la \u00e9lite de los banquillos: triple campe\u00f3n de Europa con el Sevilla, dio el salto al Paris Saint-Germain entre 2016 y 2018, alcanz\u00f3 el banquillo del Arsenal entre 2018 y 2020, gan\u00f3 la Europa League con el Villarreal\u2026 Su despido tras 17 partidos con el &#8216;submarino&#8217; le abri\u00f3 las puertas del Aston Villa en noviembre de 2022. \u00abGudivin\u00edn\u00bb, la forma en la que \u00e9l pronunciaba torpemente el \u00abGood evening\u00bb (buenas tardes) en la sala de prensa, regresaba a la Premier.\u00a0<\/p>\n<p>\u00c9xitos<\/p>\n<p>Enganch\u00f3 de la solapa a un equipo que era 13\u00ba en la tabla y estaba en plena depresi\u00f3n cuando fue destituido Steven Gerrard y lo llev\u00f3 hasta la s\u00e9ptima posici\u00f3n, clasific\u00e1ndose para una Conference League en la que alcanz\u00f3 las semifinales. En aquella 23\/24, adem\u00e1s de rendir en Europa, los &#8216;villanos&#8217; llegaron hasta la cuarta posici\u00f3n final en la Premier y lograron contra todo pron\u00f3stico un billete para pelear por la Copa de Europa por primera vez en cuatro d\u00e9cadas: en 1982, tras haber ganado la Liga por sorpresa, vencieron en la final al Bayern de Munich y en 1983 participaron como campeones del a\u00f1o anterior. El pasado curso (sextos en la Premier) alcanzaron los cuartos de final de la Champions, en la que cayeron ante el indiscutible campe\u00f3n (PSG) estando a punto de forzar la pr\u00f3rroga en Villa Park: del 3-1 de la ida en Par\u00eds al 3-2 y varias paradas de Donarumma en la vuelta. El siguiente paso de este peque\u00f1o &#8216;milagro&#8217; de Emery ha sido esta sorprendente 25\/26 en la que se ha metido de pleno derecho en la lucha por el t\u00edtulo.\u00a0<\/p>\n<p>La clave del \u00e9xito actual est\u00e1 en el mediocampo. El Aston Villa posee uno de los &#8216;rombos&#8217; o &#8216;cuadrados&#8217;, seg\u00fan la partitura de cada partido, m\u00e1s potentes ya no solo de la Premier League, sino del planeta: con el belga Amadou Onana o el franc\u00e9s Boubacar Kamara guardando la posici\u00f3n, con Tielemans como &#8216;agente libre&#8217; capaz de liderar esa presi\u00f3n alta que caracteriza al equipo, con el eterno capit\u00e1n McGinn en una segunda juventud\u2026 y sobre todo con Morgan Rogers, uno de los jugadores de moda en Inglaterra. El ingl\u00e9s, de 23 a\u00f1os, ha explotado este curso (siete goles y cinco asistencias) hasta el punto de ser el favorito de Thomas Tuchel en la selecci\u00f3n en un puesto que parec\u00eda reservado exclusivamente para Jude Bellingham.\u00a0<\/p>\n<p>El equipo, con una base s\u00f3lida (el &#8216;Dibu&#8217; Mart\u00ednez en la porter\u00eda, Konsa y Pau Torres en el eje de la zaga, Cash y Digne en los laterales, Watkins como punta m\u00e1s reconocible) se apuntala con secundarios de lujo como Buend\u00eda, Malen o Maatsen, y figuras reconocibles como Elliott (cedido del Liverpool) o Sancho buscando una redenci\u00f3n. Con todo ese bagaje, el Aston Villa cierra 2025 con dos encuentros descomunales: hoy (18,30 horas) ante el Chelsea y el martes 30 ante el Arsenal. Duelos que determinar\u00e1n si va de farol, de tapado o de alternativa real al t\u00edtulo.\u00a0<\/p>\n","protected":false},"excerpt":{"rendered":"La Premier League entra en ebullici\u00f3n con su habitual programaci\u00f3n navide\u00f1a y, por primera vez en la historia&hellip;\n","protected":false},"author":2,"featured_media":310722,"comment_status":"","ping_status":"","sticky":false,"template":"","format":"standard","meta":{"footnotes":""},"categories":[93],"tags":[2017,15676,30892,1241,2015,25939,168,20356,5284,25,24,13447,332,2016,2013,41800,4759,24835,1240,12764,23,167,19419,9607],"class_list":{"0":"post-310721","1":"post","2":"type-post","3":"status-publish","4":"format-standard","5":"has-post-thumbnail","7":"category-deportes","8":"tag-arsenal-fc","9":"tag-aston-villa","10":"tag-bayern-de-munich","11":"tag-champions-league","12":"tag-chelsea-fc","13":"tag-conference-league","14":"tag-deportes","15":"tag-despidos","16":"tag-egipto","17":"tag-es","18":"tag-espana","19":"tag-europa-league","20":"tag-inglaterra","21":"tag-liverpool-fc","22":"tag-manchester-city","23":"tag-mikel-arteta","24":"tag-paris","25":"tag-pep-guardiola","26":"tag-premier-league","27":"tag-sevilla-fc","28":"tag-spain","29":"tag-sports","30":"tag-unai-emery","31":"tag-villarreal-cf"},"share_on_mastodon":{"url":"https:\/\/pubeurope.com\/@es\/115794421365898064","error":""},"_links":{"self":[{"href":"https:\/\/www.europesays.com\/es\/wp-json\/wp\/v2\/posts\/310721","targetHints":{"allow":["GET"]}}],"collection":[{"href":"https:\/\/www.europesays.com\/es\/wp-json\/wp\/v2\/posts"}],"about":[{"href":"https:\/\/www.europesays.com\/es\/wp-json\/wp\/v2\/types\/post"}],"author":[{"embeddable":true,"href":"https:\/\/www.europesays.com\/es\/wp-json\/wp\/v2\/users\/2"}],"replies":[{"embeddable":true,"href":"https:\/\/www.europesays.com\/es\/wp-json\/wp\/v2\/comments?post=310721"}],"version-history":[{"count":0,"href":"https:\/\/www.europesays.com\/es\/wp-json\/wp\/v2\/posts\/310721\/revisions"}],"wp:featuredmedia":[{"embeddable":true,"href":"https:\/\/www.europesays.com\/es\/wp-json\/wp\/v2\/media\/310722"}],"wp:attachment":[{"href":"https:\/\/www.europesays.com\/es\/wp-json\/wp\/v2\/media?parent=310721"}],"wp:term":[{"taxonomy":"category","embeddable":true,"href":"https:\/\/www.europesays.com\/es\/wp-json\/wp\/v2\/categories?post=310721"},{"taxonomy":"post_tag","embeddable":true,"href":"https:\/\/www.europesays.com\/es\/wp-json\/wp\/v2\/tags?post=310721"}],"curies":[{"name":"wp","href":"https:\/\/api.w.org\/{rel}","templated":true}]}}