{"id":310785,"date":"2025-12-28T01:36:23","date_gmt":"2025-12-28T01:36:23","guid":{"rendered":"https:\/\/www.europesays.com\/es\/310785\/"},"modified":"2025-12-28T01:36:23","modified_gmt":"2025-12-28T01:36:23","slug":"el-psoe-ve-a-feijoo-inhabilitado-para-liderar-el-pp-tras-mentir-sobre-la-dana","status":"publish","type":"post","link":"https:\/\/www.europesays.com\/es\/310785\/","title":{"rendered":"El PSOE ve a Feij\u00f3o \u00abinhabilitado\u00bb para liderar el PP tras \u00abmentir\u00bb sobre la dana"},"content":{"rendered":"<p class=\"article-text\">\n        La portavoz del PSOE, Montse M\u00ednguez, ha manifestado este s\u00e1bado que el l\u00edder del PP, Alberto N\u00fa\u00f1ez Feij\u00f3o, est\u00e1 \u00ab<strong>inhabilitado\u00bb para seguir liderando su partido<\/strong>, por lo que lo ha invitado a dejar el cargo despu\u00e9s de haber \u00abmentido\u00bb sobre la dana.\n    <\/p>\n<p class=\"article-text\">\n        As\u00ed lo ha dicho en una rueda de prensa desde Lleida, en la que se ha referido a los mensajes que el expresidente de la Generalitat valenciana Carlos Maz\u00f3n se cruz\u00f3 con Feij\u00f3o el d\u00eda de la dana, donde el <strong>expresident reconoc\u00eda que lo ocurrido iba a ser \u00ab<\/strong><a href=\"https:\/\/www.infolibre.es\/politica\/mazon-feijoo-noche-dana-puto-desastre-presi_1_2119481.html\" class=\"link\" rel=\"nofollow noopener\" target=\"_blank\"><strong>un puto desastre<\/strong><\/a><strong>\u00ab.<\/strong>\n    <\/p>\n<p class=\"article-text\">\n        M\u00ednguez ha recordado que Feij\u00f3o acus\u00f3 al Gobierno de Pedro S\u00e1nchez de no haber facilitado medios a la Generalitat, pese a que el propio Maz\u00f3n le dijo, en los mensajes la misma noche de la cat\u00e1strofe, que <strong>contaba con la ayuda de la Unidad Militar de Emergencias<\/strong> (UME).\n    <\/p>\n<p class=\"article-text\">\n        \u00abSi Feij\u00f3o tuviera palabra, este a\u00f1o <strong>no se comer\u00eda las uvas siendo el l\u00edder del PP<\/strong>\u00ab, ha afirmado M\u00ednguez, que ha tildado al l\u00edder de la oposici\u00f3n de \u00abtrilero\u00bb.\n    <\/p>\n<p class=\"article-text\">\n        Seg\u00fan la portavoz del PSOE, \u00abmentir sobre la tragedia de las v\u00edctimas<strong> lo inhabilita para liderar nada<\/strong>\u00ab: \u00abQue se vaya Feij\u00f3o\u00bb, ha a\u00f1adido.\n    <\/p>\n<p class=\"article-text\">\n        Mientras <strong>los socialistas est\u00e1n \u00abcentrados en buscar soluciones\u00bb,<\/strong> ha asegurado M\u00ednguez, el PP est\u00e1 instalado \u00aben la mentira y en la manipulaci\u00f3n\u00bb y utiliza la pol\u00edtica \u00abpara protegerse\u00bb.\n    <\/p>\n<p class=\"article-text\">\n        \u00ab<strong>Basta ya de hacer da\u00f1o<\/strong>\u00ab, ha insistido M\u00ednguez, que ha tachado de \u00abindecente\u00bb el hecho de haber \u00abmentido\u00bb a la ciudadan\u00eda \u00aba costa de 230 v\u00edctimas\u00bb de la dana.\n    <\/p>\n<p><a href=\"https:\/\/www.infolibre.es\/politica\/whatsapps-evidencian-feijoo-estuvo-informado-tiempo-real-mazon-dia-dana_1_2119663.html\" class=\"news-know-more partner-vertical-tablet-desktop\" data-dl-event=\"select_content\" data-dl-params=\"{&quot;content_type&quot;:&quot;ver_mas&quot;,&quot;im_link_page_name&quot;:&quot;articulo\\\/politica\\\/2119663&quot;,&quot;im_link_text&quot;:&quot;Los &#039;whatsapps&#039; evidencian que Feij\\u00f3o nunca estuvo informado \\&quot;en tiempo real\\&quot; por Maz\\u00f3n el d\\u00eda de la dana&quot;}\" rel=\"nofollow noopener\" target=\"_blank\"><\/p>\n<p>            <img decoding=\"async\" class=\"lazy\" src=\"data:image\/svg+xml,%3Csvg xmlns=\" http:=\"\" viewbox=\"0 0 1200 675\" alt=\"Los 'whatsapps' evidencian que Feij\u00f3o nunca estuvo informado &quot;en tiempo real&quot; por Maz\u00f3n el d\u00eda de la dana\"\/><\/p>\n<p>Los &#8216;whatsapps&#8217; evidencian que Feij\u00f3o nunca estuvo informado \u00aben tiempo real\u00bb por Maz\u00f3n el d\u00eda de la dana<\/p>\n<p>Ver m\u00e1s<\/p>\n<p><\/a><\/p>\n<p class=\"article-text\">\n        Para M\u00ednguez, eso \u00abno es un lapsus, ni un error\u00bb, sino una \u00abfalsedad deliberada\u00bb que ha cruzado \u00abuna l\u00ednea roja\u00bb.\n    <\/p>\n<p>    <strong>\u00abC\u00f3mplice necesario\u00bb<\/strong><\/p>\n<p class=\"article-text\">\n        A su juicio, Feij\u00f3o no solo \u00ab<strong>acaba el a\u00f1o anclado a\u00fan m\u00e1s a Vox<\/strong>\u00ab, sino que ha sido \u00abc\u00f3mplice necesario de toda una negligencia criminal en Valencia\u00bb.\n    <\/p>\n<p class=\"article-text\">\n        \u00ab<strong>Llevan <\/strong><a href=\"https:\/\/www.infolibre.es\/politica\/ano-apoyo-mazon-termina-enredar-feijoo-bulos-cambios-version-dana_1_2119941.html\" class=\"link\" rel=\"nofollow noopener\" target=\"_blank\"><strong>14 meses<\/strong><\/a><strong> instalados en el bulo<\/strong> y la desinformaci\u00f3n\u00bb, ha afirmado.\n    <\/p>\n","protected":false},"excerpt":{"rendered":"La portavoz del PSOE, Montse M\u00ednguez, ha manifestado este s\u00e1bado que el l\u00edder del PP, Alberto N\u00fa\u00f1ez Feij\u00f3o,&hellip;\n","protected":false},"author":2,"featured_media":306038,"comment_status":"","ping_status":"","sticky":false,"template":"","format":"standard","meta":{"footnotes":""},"categories":[8],"tags":[17,18,1681,25,24,13,14,9860,11,73158,19,20,16433,26453,9,10,15,16,956,1699,23,12,21,22,7096],"class_list":{"0":"post-310785","1":"post","2":"type-post","3":"status-publish","4":"format-standard","5":"has-post-thumbnail","7":"category-espana","8":"tag-breaking-news","9":"tag-breakingnews","10":"tag-dana","11":"tag-es","12":"tag-espana","13":"tag-featured-news","14":"tag-featurednews","15":"tag-feijoo","16":"tag-headlines","17":"tag-inhabilitado","18":"tag-latest-news","19":"tag-latestnews","20":"tag-liderar","21":"tag-mentir","22":"tag-news","23":"tag-noticias","24":"tag-noticias-destacadas","25":"tag-noticiasdestacadas","26":"tag-pp","27":"tag-psoe","28":"tag-spain","29":"tag-titulares","30":"tag-ultimas-noticias","31":"tag-ultimasnoticias","32":"tag-ve"},"share_on_mastodon":{"url":"https:\/\/pubeurope.com\/@es\/115794633239904442","error":""},"_links":{"self":[{"href":"https:\/\/www.europesays.com\/es\/wp-json\/wp\/v2\/posts\/310785","targetHints":{"allow":["GET"]}}],"collection":[{"href":"https:\/\/www.europesays.com\/es\/wp-json\/wp\/v2\/posts"}],"about":[{"href":"https:\/\/www.europesays.com\/es\/wp-json\/wp\/v2\/types\/post"}],"author":[{"embeddable":true,"href":"https:\/\/www.europesays.com\/es\/wp-json\/wp\/v2\/users\/2"}],"replies":[{"embeddable":true,"href":"https:\/\/www.europesays.com\/es\/wp-json\/wp\/v2\/comments?post=310785"}],"version-history":[{"count":0,"href":"https:\/\/www.europesays.com\/es\/wp-json\/wp\/v2\/posts\/310785\/revisions"}],"wp:featuredmedia":[{"embeddable":true,"href":"https:\/\/www.europesays.com\/es\/wp-json\/wp\/v2\/media\/306038"}],"wp:attachment":[{"href":"https:\/\/www.europesays.com\/es\/wp-json\/wp\/v2\/media?parent=310785"}],"wp:term":[{"taxonomy":"category","embeddable":true,"href":"https:\/\/www.europesays.com\/es\/wp-json\/wp\/v2\/categories?post=310785"},{"taxonomy":"post_tag","embeddable":true,"href":"https:\/\/www.europesays.com\/es\/wp-json\/wp\/v2\/tags?post=310785"}],"curies":[{"name":"wp","href":"https:\/\/api.w.org\/{rel}","templated":true}]}}