{"id":310788,"date":"2025-12-28T01:47:11","date_gmt":"2025-12-28T01:47:11","guid":{"rendered":"https:\/\/www.europesays.com\/es\/310788\/"},"modified":"2025-12-28T01:47:11","modified_gmt":"2025-12-28T01:47:11","slug":"un-hombre-reclama-ser-el-hijo-de-el-jero","status":"publish","type":"post","link":"https:\/\/www.europesays.com\/es\/310788\/","title":{"rendered":"un hombre reclama ser el hijo de El Jero"},"content":{"rendered":"<p class=\"paragraph\">El panorama musical y la cr\u00f3nica social espa\u00f1ola se han visto sacudidos por la aparici\u00f3n de David Espa\u00f1a, un joven madrile\u00f1o que ha decidido romper su silencio para reclamar una identidad que, seg\u00fan afirma, le fue negada durante d\u00e9cadas. El protagonista de esta historia asegura ser hijo biol\u00f3gico de Juan Antonio Jim\u00e9nez Mu\u00f1oz, el legendario vocalista y compositor conocido como El Jero, cuya huella en el grupo Los Chichos marc\u00f3 un antes y un despu\u00e9s en la rumba flamenca. Tras a\u00f1os de discreci\u00f3n y b\u00fasqueda personal, David ha decidido llevar su testimonio a la luz p\u00fablica, impulsado por la necesidad de ser reconocido legalmente como heredero leg\u00edtimo del ic\u00f3nico artista fallecido en 1995.<\/p>\n<p class=\"paragraph\">La historia se remonta a principios de los a\u00f1os ochenta, cuando, de acuerdo con el relato del demandante, su madre mantuvo una relaci\u00f3n extramatrimonial con el m\u00fasico en pleno apogeo de su carrera. David Espa\u00f1a sostiene que su existencia no era un secreto absoluto en los c\u00edrculos m\u00e1s \u00edntimos del cantante, pero que las circunstancias familiares de la \u00e9poca impidieron que se formalizara su paternidad. Ahora, con el respaldo de pruebas documentales y el testimonio de personas que habr\u00edan sido testigos de aquel romance, el joven ha iniciado una batalla judicial en los tribunales de Madrid para que su apellido coincida finalmente con su \u00e1rbol geneal\u00f3gico.<\/p>\n<p class=\"paragraph\">Este proceso judicial no solo busca una satisfacci\u00f3n emocional o un cambio en el Registro Civil, sino que abre la puerta a una compleja disputa por los derechos hereditarios y el patrimonio intelectual de una de las figuras m\u00e1s prol\u00edficas de la m\u00fasica espa\u00f1ola. El parecido f\u00edsico entre David y El Jero es un argumento recurrente en el debate p\u00fablico, aunque la \u00faltima palabra la tendr\u00e1 la ciencia y la justicia. Mientras los hijos oficiales del artista mantienen una postura reservada ante la situaci\u00f3n, el demandante insiste en que su \u00fanico prop\u00f3sito es cerrar una herida abierta y obtener el lugar que le corresponde en la historia de una de las sagas m\u00e1s queridas del pa\u00eds.<\/p>\n","protected":false},"excerpt":{"rendered":"El panorama musical y la cr\u00f3nica social espa\u00f1ola se han visto sacudidos por la aparici\u00f3n de David Espa\u00f1a,&hellip;\n","protected":false},"author":2,"featured_media":310789,"comment_status":"","ping_status":"","sticky":false,"template":"","format":"standard","meta":{"footnotes":""},"categories":[174],"tags":[255,5197,146,147,25,24,256,185,6726,23,493],"class_list":{"0":"post-310788","1":"post","2":"type-post","3":"status-publish","4":"format-standard","5":"has-post-thumbnail","7":"category-famosos","8":"tag-celebrities","9":"tag-documentales","10":"tag-entertainment","11":"tag-entretenimiento","12":"tag-es","13":"tag-espana","14":"tag-famosos","15":"tag-musica","16":"tag-paternidad","17":"tag-spain","18":"tag-tribunales"},"share_on_mastodon":{"url":"https:\/\/pubeurope.com\/@es\/115794676715292915","error":""},"_links":{"self":[{"href":"https:\/\/www.europesays.com\/es\/wp-json\/wp\/v2\/posts\/310788","targetHints":{"allow":["GET"]}}],"collection":[{"href":"https:\/\/www.europesays.com\/es\/wp-json\/wp\/v2\/posts"}],"about":[{"href":"https:\/\/www.europesays.com\/es\/wp-json\/wp\/v2\/types\/post"}],"author":[{"embeddable":true,"href":"https:\/\/www.europesays.com\/es\/wp-json\/wp\/v2\/users\/2"}],"replies":[{"embeddable":true,"href":"https:\/\/www.europesays.com\/es\/wp-json\/wp\/v2\/comments?post=310788"}],"version-history":[{"count":0,"href":"https:\/\/www.europesays.com\/es\/wp-json\/wp\/v2\/posts\/310788\/revisions"}],"wp:featuredmedia":[{"embeddable":true,"href":"https:\/\/www.europesays.com\/es\/wp-json\/wp\/v2\/media\/310789"}],"wp:attachment":[{"href":"https:\/\/www.europesays.com\/es\/wp-json\/wp\/v2\/media?parent=310788"}],"wp:term":[{"taxonomy":"category","embeddable":true,"href":"https:\/\/www.europesays.com\/es\/wp-json\/wp\/v2\/categories?post=310788"},{"taxonomy":"post_tag","embeddable":true,"href":"https:\/\/www.europesays.com\/es\/wp-json\/wp\/v2\/tags?post=310788"}],"curies":[{"name":"wp","href":"https:\/\/api.w.org\/{rel}","templated":true}]}}