{"id":310800,"date":"2025-12-28T01:55:11","date_gmt":"2025-12-28T01:55:11","guid":{"rendered":"https:\/\/www.europesays.com\/es\/310800\/"},"modified":"2025-12-28T01:55:11","modified_gmt":"2025-12-28T01:55:11","slug":"muere-mickey-lee-exconcursante-de-la-version-estadounidense-de-gran-hermano-a-los-35-anos","status":"publish","type":"post","link":"https:\/\/www.europesays.com\/es\/310800\/","title":{"rendered":"Muere Mickey Lee, exconcursante de la versi\u00f3n estadounidense de &#8216;Gran Hermano&#8217;, a los 35 a\u00f1os"},"content":{"rendered":"<p class=\"c-paragraph\"><b>Mickey Lee<\/b>, exconcursante de la temporada 27 del reality <a href=\"https:\/\/www.20minutos.es\/tags\/instituciones-empresas\/gran-hermano.html\" title=\"Gran Hermano\" rel=\"nofollow noopener\" target=\"_blank\">Gran Hermano<\/a> en Estados Unidos, ha muerto a los 35 a\u00f1os de edad, tal y como ha confirmado su familia, publica el medio <a href=\"https:\/\/www.tmz.com\/2025\/12\/26\/big-brother-mickey-lee-dead\/\" rel=\"nofollow noreferrer noopener\" title=\"Mickey Lee &#039;Big Brother&#039; Star Dead at 35\" target=\"_blank\">TMZ.com<\/a>.<\/p>\n<p class=\"c-paragraph\">La joven falleci\u00f3 la noche de Navidad debido a<b> una sucesi\u00f3n de paros cardiacos<\/b> ocurridos mientras estaba ingresada grave a causa de una gripe, seg\u00fan los medios estadounidenses.<\/p>\n<p class=\"c-paragraph\">\u00abCon profunda tristeza, la familia de Mickey Lee anuncia su transici\u00f3n en la tarde de Navidad\u00bb, difundieron sus seres queridos en un comunicado. En el texto explican c\u00f3mo la concursante <b>\u00abcaptur\u00f3 los corazones de las audiencias de todo el pa\u00eds\u00bb<\/b> a trav\u00e9s de su tiempo en el programa.<\/p>\n<p class=\"c-paragraph\">El comunicado difundido por la familia destaca su<b> \u00abautenticidad, fuerza y esp\u00edritu<\/b> que dejaron una impresi\u00f3n duradera tanto en los fans como en los dem\u00e1s miembros del elenco\u00bb.<\/p>\n<p class=\"c-paragraph\">Mickey Lee particip\u00f3 en la<b> temporada n\u00famero 27<\/b> de la versi\u00f3n estadounidense del reality show, y r\u00e1pidamente se convirti\u00f3 como una de las concursantes m\u00e1s comentadas de esa edici\u00f3n.<\/p>\n<p class=\"c-paragraph\">Originaria de <b>Jacksonville, Florida<\/b>, y residente en Atlanta, Georgia, Mickey Lee trabaj\u00f3 como organizadora de eventos antes de ingresar a la famosa casa. Compiti\u00f3 durante 59 d\u00edas antes de convertirse en la \u00faltima concursante eliminada.<\/p>\n<p class=\"c-paragraph\">Lee hab\u00eda sido ingresada en el hospital a principios de esta semana despu\u00e9s de que su salud se deteriorara r\u00e1pidamente. El lunes, su familia revel\u00f3 que <b>estaba ingresada en la UCI<\/b> y describi\u00f3 su estado como cr\u00edtico pero estable en ese momento.<\/p>\n","protected":false},"excerpt":{"rendered":"Mickey Lee, exconcursante de la temporada 27 del reality Gran Hermano en Estados Unidos, ha muerto a los&hellip;\n","protected":false},"author":2,"featured_media":310801,"comment_status":"","ping_status":"","sticky":false,"template":"","format":"standard","meta":{"footnotes":""},"categories":[91],"tags":[146,147,25,24,9983,13180,27406,8938,23,1927],"class_list":{"0":"post-310800","1":"post","2":"type-post","3":"status-publish","4":"format-standard","5":"has-post-thumbnail","7":"category-entretenimiento","8":"tag-entertainment","9":"tag-entretenimiento","10":"tag-es","11":"tag-espana","12":"tag-exconcursante","13":"tag-lee","14":"tag-mickey","15":"tag-muere","16":"tag-spain","17":"tag-version"},"share_on_mastodon":{"url":"https:\/\/pubeurope.com\/@es\/115794708043326319","error":""},"_links":{"self":[{"href":"https:\/\/www.europesays.com\/es\/wp-json\/wp\/v2\/posts\/310800","targetHints":{"allow":["GET"]}}],"collection":[{"href":"https:\/\/www.europesays.com\/es\/wp-json\/wp\/v2\/posts"}],"about":[{"href":"https:\/\/www.europesays.com\/es\/wp-json\/wp\/v2\/types\/post"}],"author":[{"embeddable":true,"href":"https:\/\/www.europesays.com\/es\/wp-json\/wp\/v2\/users\/2"}],"replies":[{"embeddable":true,"href":"https:\/\/www.europesays.com\/es\/wp-json\/wp\/v2\/comments?post=310800"}],"version-history":[{"count":0,"href":"https:\/\/www.europesays.com\/es\/wp-json\/wp\/v2\/posts\/310800\/revisions"}],"wp:featuredmedia":[{"embeddable":true,"href":"https:\/\/www.europesays.com\/es\/wp-json\/wp\/v2\/media\/310801"}],"wp:attachment":[{"href":"https:\/\/www.europesays.com\/es\/wp-json\/wp\/v2\/media?parent=310800"}],"wp:term":[{"taxonomy":"category","embeddable":true,"href":"https:\/\/www.europesays.com\/es\/wp-json\/wp\/v2\/categories?post=310800"},{"taxonomy":"post_tag","embeddable":true,"href":"https:\/\/www.europesays.com\/es\/wp-json\/wp\/v2\/tags?post=310800"}],"curies":[{"name":"wp","href":"https:\/\/api.w.org\/{rel}","templated":true}]}}