{"id":310838,"date":"2025-12-28T02:38:17","date_gmt":"2025-12-28T02:38:17","guid":{"rendered":"https:\/\/www.europesays.com\/es\/310838\/"},"modified":"2025-12-28T02:38:17","modified_gmt":"2025-12-28T02:38:17","slug":"stranger-things-nancy-y-jonathan-se-casan-o-han-roto-los-hermanos-duffer-lo-aclaran","status":"publish","type":"post","link":"https:\/\/www.europesays.com\/es\/310838\/","title":{"rendered":"&#8216;Stranger Things&#8217;: \u00bfNancy y Jonathan se casan o han roto? Los hermanos Duffer lo aclaran"},"content":{"rendered":"<p>Este art\u00edculo contiene <b>spoilers<\/b><\/p>\n<p>del Volumen 2 de la 5\u00aa temporada de &#8216;Stranger Things&#8217;<\/p>\n<p>Uno de los elementos m\u00e1s discutidos de la segunda parte de la quinta temporada de &#8216;<a href=\"https:\/\/www.ecartelera.com\/series\/stranger-things\/\" data-mention-type=\"serie\" data-mention-id=\"124\" rel=\"nofollow noopener\" target=\"_blank\">Stranger Things<\/a>&#8216;  ha sido <strong>la relaci\u00f3n entre Nancy Wheeler y Jonathan Byers, una pareja emblem\u00e1tica que ha acompa\u00f1ado a la serie desde sus primeras entregas<\/strong>. El \u00faltimo volumen ha puesto en jaque su estabilidad emocional con un momento cargado de tensi\u00f3n \u2014y de confusi\u00f3n sentimental\u2014 en el que ambos parecen enfrentarse a sus propios sentimientos mientras luchan por sobrevivir.<\/p>\n<p>Tr\u00e1iler &#8216;Stranger Things 5&#8217; Volumen 2<\/p>\n<p><video id=\"vid-36238\" class=\"video-js vjs-default-skin\" data-title=\"Tr\u00e1iler 'Stranger Things 5' Volumen 2\" poster=\"https:\/\/www.ecartelera.com\/images\/videos\/36200\/f36238.jpg\" controls=\"\" preload=\"auto\" width=\"640\" height=\"360\" playsinline=\"\" data-vtt=\"\/\/v1.ecartelera.com\/video\/36200\/36238_sprite.vtt\" data-stream=\"1\">El navegador no soporta el tag de v\u00eddeo.<\/video><\/p>\n<p>X<\/p>\n<p>La escena en cuesti\u00f3n ocurre cuando Nancy (<a href=\"https:\/\/www.ecartelera.com\/personas\/natalia-dyer\/\" data-mention-type=\"persona\" data-mention-id=\"17273\" rel=\"nofollow noopener\" target=\"_blank\">Natalia Dyer<\/a>) y Jonathan (<a href=\"https:\/\/www.ecartelera.com\/personas\/charlie-heaton\/\" data-mention-type=\"persona\" data-mention-id=\"16648\" rel=\"nofollow noopener\" target=\"_blank\">Charlie Heaton<\/a>) quedan atrapados en una secci\u00f3n del laboratorio de Hawkins del Upside Down mientras literalmente se deshace en una sustancia viscosa y corrosiva. <strong>En esa situaci\u00f3n l\u00edmite, la pareja se sincera<\/strong> de maneras inesperadas: revelan peque\u00f1os detalles personales \u2014como el disgusto de Nancy por The Clash o el hecho de que Jonathan nunca ley\u00f3 los art\u00edculos de Nancy\u2014 y <strong>se abren emocionalmente hasta el punto de exponer errores y miedos<\/strong>.<\/p>\n<p>Es en ese contexto de confesiones donde <strong>Jonathan saca un anillo de compromiso<\/strong> que hab\u00eda estado guardando desde hace d\u00edas y formula lo que \u00e9l mismo llama una \u00abanti-propuesta\u00bb. Su discurso, mitad torpe, mitad sincero, intenta compensar todo lo que \u00e9l cree que ha fallado en la relaci\u00f3n. Nancy responde con cari\u00f1o, aceptando la intenci\u00f3n detr\u00e1s de sus palabras y confiesa que lo ama.<\/p>\n<p>\t\t\t\t\t\t\t<img decoding=\"async\" loading=\"lazy\" src=\"https:\/\/www.europesays.com\/es\/wp-content\/uploads\/2025\/12\/250425_stranger-things-nancy-y-jonathan-se-casan-o-han-roto-los-hermanos-duffer-lo-acla.jpg\" alt=\"\u00bfTienen futuro Jonathan y Nancy en 'Stranger Things'?\" width=\"1200\" height=\"675\"\/><\/p>\n<p>\t\t\t\t\t\t\u00bfTienen futuro Jonathan y Nancy en &#8216;Stranger Things&#8217;? (Netflix)<\/p>\n<p>Sin embargo, <strong>lo que muchos espectadores interpretaron como un compromiso real no es tal<\/strong>. Los hermanos <a href=\"https:\/\/www.ecartelera.com\/personas\/matt-duffer\/\" data-mention-type=\"persona\" data-mention-id=\"16925\" rel=\"nofollow noopener\" target=\"_blank\">Matt Duffer<\/a> y <a href=\"https:\/\/www.ecartelera.com\/personas\/ross-duffer\/\" data-mention-type=\"persona\" data-mention-id=\"16926\" rel=\"nofollow noopener\" target=\"_blank\">Ross Duffer<\/a>, cocreadores de la serie de Netflix, han aclarado a <a href=\"https:\/\/people.com\/stranger-things-did-nancy-jonathan-get-engaged-exclusive-11873748\" target=\"_blank\" rel=\"nofollow noopener\">People<\/a> que Nancy y Jonathan no est\u00e1n realmente comprometidos. \u00ab<strong>Eso no es una propuesta, es una ruptura<\/strong>\u00ab, han explicado. Seg\u00fan los guionistas, la historia que quer\u00edan contar iba en la direcci\u00f3n de que Nancy terminase sola para poder definirse por s\u00ed misma.<\/p>\n<p>Matt Duffer ha se\u00f1alado que, desde hace tiempo, \u00e9l y Ross ven\u00edan considerando que la relaci\u00f3n de Nancy y Jonathan deb\u00eda concluir. \u00abEs dif\u00edcil recordar cu\u00e1ndo surgi\u00f3 esa idea exactamente\u00bb, ha apuntado dejando claro que <strong>tanto el equipo como los escritores sintieron que Nancy necesitaba un arco narrativo m\u00e1s independiente<\/strong> y una oportunidad para encontrarse a s\u00ed misma fuera de la sombra de una relaci\u00f3n que comenz\u00f3 en la adolescencia.<\/p>\n<p>\t\t\t\t\t\t\t<img decoding=\"async\" loading=\"lazy\" src=\"https:\/\/www.europesays.com\/es\/wp-content\/uploads\/2025\/12\/250424_stranger-things-nancy-y-jonathan-se-casan-o-han-roto-los-hermanos-duffer-lo-acla.jpg\" alt=\"Jonathan y Nancy llevan juntos desde la primera temporada de 'Stranger Things'\" width=\"1200\" height=\"801\"\/><\/p>\n<p>\t\t\t\t\t\tJonathan y Nancy llevan juntos desde la primera temporada de &#8216;Stranger Things&#8217; (Netflix)<\/p>\n<p>Ross Duffer ha calificado el v\u00ednculo entre los dos personajes como <strong>un \u00abtrauma bond\u00bb, un tipo de conexi\u00f3n intensa forjada por experiencias extremas m\u00e1s que por una compatibilidad cotidiana<\/strong>. Esa lectura ayuda a entender por qu\u00e9, incluso en circunstancias de vida o muerte, los di\u00e1logos entre Nancy y Jonathan oscilan entre afecto, tensi\u00f3n y cierta incomodidad emocional.<\/p>\n<p>Pareja en la vida real<\/p>\n<p>Fuera de la pantalla, la historia entre Dyer y Heaton es distinta: ambos actores <strong>mantienen una relaci\u00f3n sentimental desde 2017, tras conocerse en el rodaje de la serie<\/strong>. En una reciente entrevista con Wonderland magazine, Heaton describi\u00f3 trabajar con su pareja como \u00abun regalo\u00bb, especialmente por la empat\u00eda que comparten al enfrentarse juntos a las incertidumbres propias del oficio de actor.<\/p>\n<p>\u00abPuedes estar ah\u00ed para hablarlo, o cuando has tenido un mal d\u00eda de trabajo, o sales de una escena y crees que no ha funcionado\u00bb, a\u00f1ad\u00eda sobre <strong>ese v\u00ednculo \u00abprecioso\u00bb<\/strong>: \u00abPoder entenderse mutuamente a ese nivel es algo fant\u00e1stico\u00bb.<\/p>\n","protected":false},"excerpt":{"rendered":"Este art\u00edculo contiene spoilers del Volumen 2 de la 5\u00aa temporada de &#8216;Stranger Things&#8217; Uno de los elementos&hellip;\n","protected":false},"author":2,"featured_media":310839,"comment_status":"","ping_status":"","sticky":false,"template":"","format":"standard","meta":{"footnotes":""},"categories":[171],"tags":[1014,1015,1013,177,1011,146,147,25,24,782,1019,1016,753,1012,23,1017,214,1018],"class_list":{"0":"post-310838","1":"post","2":"type-post","3":"status-publish","4":"format-standard","5":"has-post-thumbnail","7":"category-tv","8":"tag-actores","9":"tag-actrices","10":"tag-cartelera","11":"tag-cine","12":"tag-ecartelera","13":"tag-entertainment","14":"tag-entretenimiento","15":"tag-es","16":"tag-espana","17":"tag-estrellas","18":"tag-fotogramas","19":"tag-fotos","20":"tag-peliculas","21":"tag-pelis","22":"tag-spain","23":"tag-trailers","24":"tag-tv","25":"tag-videos"},"share_on_mastodon":{"url":"https:\/\/pubeurope.com\/@es\/115794877491712532","error":""},"_links":{"self":[{"href":"https:\/\/www.europesays.com\/es\/wp-json\/wp\/v2\/posts\/310838","targetHints":{"allow":["GET"]}}],"collection":[{"href":"https:\/\/www.europesays.com\/es\/wp-json\/wp\/v2\/posts"}],"about":[{"href":"https:\/\/www.europesays.com\/es\/wp-json\/wp\/v2\/types\/post"}],"author":[{"embeddable":true,"href":"https:\/\/www.europesays.com\/es\/wp-json\/wp\/v2\/users\/2"}],"replies":[{"embeddable":true,"href":"https:\/\/www.europesays.com\/es\/wp-json\/wp\/v2\/comments?post=310838"}],"version-history":[{"count":0,"href":"https:\/\/www.europesays.com\/es\/wp-json\/wp\/v2\/posts\/310838\/revisions"}],"wp:featuredmedia":[{"embeddable":true,"href":"https:\/\/www.europesays.com\/es\/wp-json\/wp\/v2\/media\/310839"}],"wp:attachment":[{"href":"https:\/\/www.europesays.com\/es\/wp-json\/wp\/v2\/media?parent=310838"}],"wp:term":[{"taxonomy":"category","embeddable":true,"href":"https:\/\/www.europesays.com\/es\/wp-json\/wp\/v2\/categories?post=310838"},{"taxonomy":"post_tag","embeddable":true,"href":"https:\/\/www.europesays.com\/es\/wp-json\/wp\/v2\/tags?post=310838"}],"curies":[{"name":"wp","href":"https:\/\/api.w.org\/{rel}","templated":true}]}}