{"id":310842,"date":"2025-12-28T02:41:23","date_gmt":"2025-12-28T02:41:23","guid":{"rendered":"https:\/\/www.europesays.com\/es\/310842\/"},"modified":"2025-12-28T02:41:23","modified_gmt":"2025-12-28T02:41:23","slug":"resultados-de-laliga-fc-futures-en-directo-partidos-y-marcadores-hoy","status":"publish","type":"post","link":"https:\/\/www.europesays.com\/es\/310842\/","title":{"rendered":"Resultados de LaLiga FC Futures, en directo: partidos y marcadores hoy"},"content":{"rendered":"<p class=\"ft-text\">La\u00a0<a href=\"https:\/\/www.sport.es\/es\/noticias\/barca\/futbol-base\/xxix-torneo-internacional-laliga-fc-124956550\" class=\"ft-link ft-link--decoration\" rel=\"nofollow noopener\" target=\"_blank\">XXIX LaLiga FC Futures<\/a>, organizada por LaLiga y la Fundaci\u00f3n Jos\u00e9 Ram\u00f3n de la Morena, ech\u00f3 a rodar en Gran Canaria. El <strong>Estadio de Gran Canaria <\/strong>es el escenario de la cita <strong>sub13<\/strong>\u00a0m\u00e1s prestigiosa del planeta, sin\u00f3nimo de talento y ilusi\u00f3n. Del 27 al 29 de diciembre, 16 de las mejores canteras del mundo competir\u00e1n por primera vez en el hogar de la<strong>\u00a0UD Las Palmas<\/strong>\u00a0para conquistar el t\u00edtulo a mejor equipo sub13 internacional.<\/p>\n<p class=\"ft-text\">El s\u00e1bado 27 de diciembre a las 9:30h (hora local) dio inicio una fase de grupos que concluir\u00e1 el domingo 28 al mediod\u00eda y de la que saldr\u00e1n los ocho mejores equipos. A partir de las 18:00h (hora local) tendr\u00e1n lugar los cuartos de final y partidos de consolaci\u00f3n. Las semifinales se llevar\u00e1n a cabo el lunes 29 a partir de las 10:00h (hora local) y, a las 18:00h (hora local), se celebrar\u00e1 la gran final.<\/p>\n<p>Calendario, horarios y resultados<\/p>\n<p class=\"ft-text\">S\u00e1bado 27 de diciembre (Fase de grupos)<\/p>\n<p class=\"ft-text\"><strong>Jornada matinal<\/strong><\/p>\n<ul class=\"ft-list ft-list--primary\" data-aida-text=\"\">\n<li class=\"ft-list__item\">UD Las Palmas 1-2 PSG<\/li>\n<li class=\"ft-list__item\">RCD Espanyol 1-0 Sporting CP<\/li>\n<li class=\"ft-list__item\">Inter Milan 2-2 Villarreal CF<\/li>\n<li class=\"ft-list__item\">Juventus 2-2 Athletic Club<\/li>\n<li class=\"ft-list__item\">Sevilla FC 0-0 Valencia CF<\/li>\n<li class=\"ft-list__item\">Atl\u00e9tico de Madrid 1-0 Real Betis<\/li>\n<li class=\"ft-list__item\">FC Barcelona 1-1 Borussia Dortmund<\/li>\n<li class=\"ft-list__item\">Real Madrid 1-1 SL Benfica<\/li>\n<\/ul>\n<p class=\"ft-text\"><strong>Jornada vespertina<\/strong><\/p>\n<ul class=\"ft-list ft-list--primary\" data-aida-text=\"\">\n<li class=\"ft-list__item\">Real Betis 1-1 UD Las Palmas<\/li>\n<li class=\"ft-list__item\">Valencia CF 1-2 Villarreal CF<\/li>\n<li class=\"ft-list__item\">RCD Espanyol 2-0 Borussia Dortmund<\/li>\n<li class=\"ft-list__item\">Athletic Club 2-1 SL Benfica<\/li>\n<li class=\"ft-list__item\">Atl\u00e9tico de Madrid 1-1 PSG<\/li>\n<li class=\"ft-list__item\">Sevilla FC 2-0 Inter Milan<\/li>\n<li class=\"ft-list__item\">Juventus 1-1 Real Madrid<\/li>\n<li class=\"ft-list__item\">FC Barcelona 3-2 Sporting CP<\/li>\n<\/ul>\n<p>Domingo 28 de diciembre (Fase de grupos)<\/p>\n<ul class=\"ft-list ft-list--primary\" data-aida-text=\"\">\n<li class=\"ft-list__item\">Real Betis \u2013 PSG | 09:30 hora local \/ 10:30 hora peninsular | Se emite por TV<\/li>\n<li class=\"ft-list__item\">Juventus \u2013 SL Benfica | 10:00 hora local \/ 11:00 hora peninsular | Se emite por TV<\/li>\n<li class=\"ft-list__item\">Sporting CP \u2013 Borussia Dortmund | 10:30 hora local \/ 11:30 hora peninsular | Se emite por TV<\/li>\n<li class=\"ft-list__item\">Inter Milan \u2013 Valencia CF | 11:00 hora local \/ 12:00 hora peninsular | Se emite por TV<\/li>\n<li class=\"ft-list__item\">Sevilla FC \u2013 Villarreal CF | 11:30 hora local \/ 12:30 hora peninsular | Se emite por TV<\/li>\n<li class=\"ft-list__item\">Atl\u00e9tico de Madrid \u2013 UD Las Palmas | 12:00 hora local \/ 13:00 hora peninsular | Se emite por TV<\/li>\n<li class=\"ft-list__item\">FC Barcelona \u2013 RCD Espanyol | 12:30 hora local \/ 13:30 hora peninsular | Se emite por TV<\/li>\n<li class=\"ft-list__item\">Athletic Club \u2013 Real Madrid | 13:00 hora local \/ 14:00 hora peninsular | Se emite por TV<\/li>\n<\/ul>\n<p>Domingo 28 de diciembre (Cuartos de final)<\/p>\n<ul class=\"ft-list ft-list--primary\" data-aida-text=\"\">\n<li class=\"ft-list__item\">Cuartos 1 (1\u00ba Grupo D \u2013 2\u00ba Grupo C) | 17:30 hora local \/ 18:30 hora peninsular | Se emite por TV<\/li>\n<li class=\"ft-list__item\">Cuartos 2 (1\u00ba Grupo B \u2013 2\u00ba Grupo A) | 18:00 hora local \/ 19:00 hora peninsular | Se emite por TV<\/li>\n<li class=\"ft-list__item\">Cuartos 3 (1\u00ba Grupo C \u2013 2\u00ba Grupo D) | 18:30 hora local \/ 19:30 hora peninsular | Se emite por TV<\/li>\n<li class=\"ft-list__item\">Cuartos 4 (1\u00ba Grupo A \u2013 2\u00ba Grupo B) | 19:00 hora local \/ 20:00 hora peninsular | Se emite por TV<\/li>\n<\/ul>\n<p>Domingo 28 de diciembre (Cuartos de final de consolaci\u00f3n)<\/p>\n<ul class=\"ft-list ft-list--primary\" data-aida-text=\"\">\n<li class=\"ft-list__item\">Cons. Cuartos 1 (3\u00ba Grupo D \u2013 4\u00ba Grupo C) | 17:30 hora local \/ 18:30 hora peninsular | No se emite por TV<\/li>\n<li class=\"ft-list__item\">Cons. Cuartos 2 (3\u00ba Grupo B \u2013 4\u00ba Grupo A) | 18:00 hora local \/ 19:00 hora peninsular | No se emite por TV<\/li>\n<li class=\"ft-list__item\">Cons. Cuartos 3 (3\u00ba Grupo C \u2013 4\u00ba Grupo D) | 18:30 hora local \/ 19:30 hora peninsular | No se emite por TV<\/li>\n<li class=\"ft-list__item\">Cons. Cuartos 4 (3\u00ba Grupo A \u2013 4\u00ba Grupo B) | 19:00 hora local \/ 20:00 hora peninsular | No se emite por TV<\/li>\n<\/ul>\n<p>Lunes 29 de diciembre (Semifinales)<\/p>\n<ul class=\"ft-list ft-list--primary\" data-aida-text=\"\">\n<li class=\"ft-list__item\">Semifinal 1 (Ganador CF1 \u2013 Ganador CF3) | 10:00 hora local \/ 11:00 hora peninsular | Se emite por TV<\/li>\n<li class=\"ft-list__item\">Semifinal 2 (Ganador CF2 \u2013 Ganador CF4) | 10:45 hora local \/ 11:45 hora peninsular | Se emite por TV<\/li>\n<\/ul>\n<p>Lunes 29 de diciembre (Semifinales de consolaci\u00f3n)<\/p>\n<ul class=\"ft-list ft-list--primary\" data-aida-text=\"\">\n<li class=\"ft-list__item\">Cons. Semifinal 1 (Ganador Cons. CF1 \u2013 Ganador Cons. CF3) | 10:00 hora local \/ 11:00 hora peninsular | No se emite por TV<\/li>\n<li class=\"ft-list__item\">Cons. Semifinal 2 (Ganador Cons. CF2 \u2013 Ganador Cons. CF4) | 10:45 hora local \/ 11:45 hora peninsular | No se emite por TV<\/li>\n<\/ul>\n<p>Lunes 29 de diciembre (Final)<\/p>\n<ul class=\"ft-list ft-list--primary\" data-aida-text=\"\">\n<li class=\"ft-list__item\">3\u00ba y 4\u00ba puesto | 17:30 hora local \/ 18:30 hora peninsular | Se emite por TV<\/li>\n<li class=\"ft-list__item\">Final de consolaci\u00f3n | 17:30 hora local \/ 18:30 hora peninsular | No se emite por TV<\/li>\n<li class=\"ft-list__item\">Final | 18:00 hora local \/ 19:00 hora peninsular | Se emite por TV<\/li>\n<li class=\"ft-list__item\">Ceremonia de entrega de premios | 18:50 hora local \/ 19:50 hora peninsular | Se emite por TV<\/li>\n<\/ul>\n","protected":false},"excerpt":{"rendered":"La\u00a0XXIX LaLiga FC Futures, organizada por LaLiga y la Fundaci\u00f3n Jos\u00e9 Ram\u00f3n de la Morena, ech\u00f3 a rodar&hellip;\n","protected":false},"author":2,"featured_media":310843,"comment_status":"","ping_status":"","sticky":false,"template":"","format":"standard","meta":{"footnotes":""},"categories":[93],"tags":[168,2125,25,24,16485,73161,288,73162,885,23,167],"class_list":{"0":"post-310842","1":"post","2":"type-post","3":"status-publish","4":"format-standard","5":"has-post-thumbnail","7":"category-deportes","8":"tag-deportes","9":"tag-directo","10":"tag-es","11":"tag-espana","12":"tag-fc","13":"tag-futures","14":"tag-laliga","15":"tag-laliga-promises","16":"tag-resultados","17":"tag-spain","18":"tag-sports"},"share_on_mastodon":{"url":"https:\/\/pubeurope.com\/@es\/115794888952663948","error":""},"_links":{"self":[{"href":"https:\/\/www.europesays.com\/es\/wp-json\/wp\/v2\/posts\/310842","targetHints":{"allow":["GET"]}}],"collection":[{"href":"https:\/\/www.europesays.com\/es\/wp-json\/wp\/v2\/posts"}],"about":[{"href":"https:\/\/www.europesays.com\/es\/wp-json\/wp\/v2\/types\/post"}],"author":[{"embeddable":true,"href":"https:\/\/www.europesays.com\/es\/wp-json\/wp\/v2\/users\/2"}],"replies":[{"embeddable":true,"href":"https:\/\/www.europesays.com\/es\/wp-json\/wp\/v2\/comments?post=310842"}],"version-history":[{"count":0,"href":"https:\/\/www.europesays.com\/es\/wp-json\/wp\/v2\/posts\/310842\/revisions"}],"wp:featuredmedia":[{"embeddable":true,"href":"https:\/\/www.europesays.com\/es\/wp-json\/wp\/v2\/media\/310843"}],"wp:attachment":[{"href":"https:\/\/www.europesays.com\/es\/wp-json\/wp\/v2\/media?parent=310842"}],"wp:term":[{"taxonomy":"category","embeddable":true,"href":"https:\/\/www.europesays.com\/es\/wp-json\/wp\/v2\/categories?post=310842"},{"taxonomy":"post_tag","embeddable":true,"href":"https:\/\/www.europesays.com\/es\/wp-json\/wp\/v2\/tags?post=310842"}],"curies":[{"name":"wp","href":"https:\/\/api.w.org\/{rel}","templated":true}]}}