{"id":310857,"date":"2025-12-28T02:58:14","date_gmt":"2025-12-28T02:58:14","guid":{"rendered":"https:\/\/www.europesays.com\/es\/310857\/"},"modified":"2025-12-28T02:58:14","modified_gmt":"2025-12-28T02:58:14","slug":"el-karouani-cada-vez-mas-lejos-entre-fenerbahce-y-oporto","status":"publish","type":"post","link":"https:\/\/www.europesays.com\/es\/310857\/","title":{"rendered":"El Karouani, cada vez m\u00e1s lejos: entre Fenerbah\u00e7e y Oporto"},"content":{"rendered":"<p>Uno de los laterales zurdos que m\u00e1s gustan en La Cartuja, tanto por su rendimiento como por su condici\u00f3n de agente libre el pr\u00f3ximo verano, podr\u00eda ser traspasado en la ventana m\u00e1s pr\u00f3xima<\/p>\n<p class=\"parrafo\">El pasado <strong>12 de noviembre<\/strong>, <a href=\"https:\/\/www.estadiodeportivo.com\/futbol\/betis\/inminente-examen-situ-karouani-uno-los-laterales-zurdos-bajo-radar-recomendado-por-amrabat-20251112-520078.html\" target=\"_blank\" class=\"intext-link\" rel=\"nofollow noopener\">ESTADIO Deportivo avanzaba en primicia<\/a> que el <strong>Real Betis<\/strong> vigila muy de cerca al lateral zurdo del <strong>FC Utrecht <\/strong><strong>Souffian El Karouan<\/strong><strong>i<\/strong>, que iba a visitar con su equipo el <strong>Estadio de La Cartuja<\/strong> a finales de ese mes, por recomendaci\u00f3n expresa de su compatriota <strong>Sofyan Amrabat<\/strong>, aunque aquel funesto <strong>27-N<\/strong> acapar\u00f3 toda la atenci\u00f3n la desgraciada lesi\u00f3n conjunta del pivote nacido en <strong>Huizen<\/strong> (que <a href=\"https:\/\/www.estadiodeportivo.com\/futbol\/betis\/amrabat-reconoce-participacion-posible-fichaje-karouani-por-real-betis-20251126-521638.html\" target=\"_blank\" class=\"intext-link\" rel=\"nofollow noopener\">en la v\u00edspera reconoc\u00eda su &#8216;intermediaci\u00f3n&#8217; en la operaci\u00f3n<\/a> con otro hijo de la inmigraci\u00f3n marroqu\u00ed en los <strong>Pa\u00edses Bajos<\/strong>) e <strong>Isco Alarc\u00f3n<\/strong> <a href=\"https:\/\/www.estadiodeportivo.com\/futbol\/betis\/las-peores-noticias-con-isco-que-lunes-pasa-otra-vez-por-quirofano-nuevo-tiempo-baja-partidos-que-perderia-20251227-524954.html\" target=\"_blank\" class=\"intext-link\" rel=\"nofollow noopener\">que todav\u00eda va a dar un mes m\u00ednimo m\u00e1s de guerra al costasole\u00f1o<\/a>. Lo cierto es que el de <strong>Den Bosch<\/strong>, que termina contrato el <strong>30 de junio de 2026<\/strong> y no piensa renovar, ha seguido en su gran l\u00ednea de rendimiento (van ya <strong>tres goles y 15 asistencias en 29 partidos<\/strong>), por lo que la competencia es alta. Y parece que no va a pasar del pr\u00f3ximo mercado invernal.<\/p>\n<p class=\"parrafo\">As\u00ed las cosas, el experto en fichajes Pedro Almeida desvela que el <strong>Fenerbah\u00e7e<\/strong> est\u00e1 apretando por el carrilero de <strong>25 a\u00f1os<\/strong> reci\u00e9n cumplidos que se curtiera en la cantera del <strong>NEC Nimega<\/strong>, aunque el <strong>Oporto<\/strong>, otro de sus grandes pretendientes, no ha renunciado todav\u00eda a hacerse con los servicios de un jugador por el que, definitivamente, habr\u00e1 que invertir dinero en forma de traspaso. Con un valor de mercado de <strong>15 millones de euros<\/strong>, seg\u00fan la web especializada &#8216;Transfermarkt&#8217;, la inminencia del \u00faltimo semestre de contrato y la posibilidad de que se comprometa ya en <strong>A\u00f1o Nuevo<\/strong> con quien desee rebajar\u00e1 las pretensiones de un <strong>FC Utrecht<\/strong> que lo reclut\u00f3 en su momento sin pagar un euro y que todo lo que saque ahora, por poco que sea, ser\u00e1 <strong>plusval\u00eda<\/strong>, si bien se esfuma la v\u00eda de un gran ingreso. En realidad, prefer\u00eda el actual octavo clasificado de la <strong>Eredivisie<\/strong>, sin opciones de progresar hacia las eliminatorias en la <strong>Europa League<\/strong>, conservarlo hasta final de temporada, aunque deber\u00e1 conformarse con lo ya esbozado.<\/p>\n<p><a class=\"elementos-rel-t2\" href=\"https:\/\/www.estadiodeportivo.com\/futbol\/betis\/prisas-para-betis-con-karoauni-oportunidad-coste-cero-para-banda-izquierda-20251212-523474.html\" title=\"Prisas para el Betis con El Karouani, oportunidad a coste cero para la banda izquierda\" rel=\"nofollow noopener\" target=\"_blank\"><\/p>\n<p class=\"titular titulo-4\">Prisas para el Betis con El Karouani, oportunidad a coste cero para la banda izquierda<\/p>\n<p><img decoding=\"async\" src=\"https:\/\/www.europesays.com\/es\/wp-content\/uploads\/2025\/12\/fbf7510f-706b-43fa-b99c-c03829b7db2d_320x180.jpeg\" alt=\"Prisas para el Betis con El Karouani, oportunidad a coste cero para la banda izquierda\"\/><\/a><a class=\"elementos-rel-t2\" href=\"https:\/\/www.estadiodeportivo.com\/futbol\/betis\/agente-karouani-que-tiene-lazos-con-heliopolis-habla-sobre-futuro-del-lateral-zurdo-20251203-522565.html\" title=\"El agente de El Karouani, que tiene lazos con Heli\u00f3polis, habla sobre el futuro del lateral zurdo\" rel=\"nofollow noopener\" target=\"_blank\"><\/p>\n<p class=\"titular titulo-4\">El agente de El Karouani, que tiene lazos con Heli\u00f3polis, habla sobre el futuro del lateral zurdo<\/p>\n<p><img decoding=\"async\" src=\"https:\/\/www.europesays.com\/es\/wp-content\/uploads\/2025\/12\/05a94b79-857a-4219-af76-cf83999c3430_320x180.jpeg\" alt=\"El agente de El Karouani, que tiene lazos con Heli\u00f3polis, habla sobre el futuro del lateral zurdo\"\/><\/a><a class=\"elementos-rel-t2\" href=\"https:\/\/www.estadiodeportivo.com\/futbol\/betis\/presion-para-betis-con-karouani-lateral-gratis-que-vigila-para-verano-testara-este-jueves-ante-utrecht-20251125-521537.html\" title=\"Presi\u00f3n para el Betis con El Karouani, lateral gratis que vigila para verano y testar\u00e1 este jueves ante el Utrecht\" rel=\"nofollow noopener\" target=\"_blank\"><\/p>\n<p class=\"titular titulo-4\">Presi\u00f3n para el Betis con El Karouani, lateral gratis que vigila para verano y testar\u00e1 este jueves ante el Utrecht<\/p>\n<p><img decoding=\"async\" src=\"https:\/\/www.europesays.com\/es\/wp-content\/uploads\/2025\/12\/e9949a10-69fb-4248-98d9-95bc80ea3f82_320x180.jpeg\" alt=\"Presi\u00f3n para el Betis con El Karouani, lateral gratis que vigila para verano y testar\u00e1 este jueves ante el Utrecht\"\/><\/a>No es una prioridad, pero Fajardo tambi\u00e9n mira carrileros<\/p>\n<p class=\"parrafo\">Con la necesidad de hacer hueco y generar margen salarial con las salidas del &#8216;<strong>Chimy<\/strong>&#8216; <strong>\u00c1vila<\/strong> y <strong>C\u00e9dric Bakambu<\/strong>, un delantero centro potente que compita con el &#8216;<strong>Cucho<\/strong>&#8216; <strong>Hern\u00e1ndez<\/strong> es la prioridad en <strong>La Cartuja<\/strong>, donde se monitorizan jugadores en todas las l\u00edneas a sabiendas de que el mercado se mueve por el pivote <strong>Sergi Altimira<\/strong> y el mediapunta <strong>Giovani Lo Celso<\/strong>, con menor presencia en las \u00faltimas alineaciones de <strong>Manuel Pellegrini<\/strong> y que podr\u00edan proporcionar una generosa <strong>plusval\u00eda<\/strong> (en el caso del catal\u00e1n) o una ganancia algo menor pero liberando un sueldo muy alto (en el del &#8217;20&#8217; rosarino). Igualmente, <strong>Ricardo Rodr\u00edguez<\/strong> podr\u00eda buscar un adi\u00f3s que le garantizara la titularidad para llegar m\u00e1s rodado al <strong>Mundial de 2026<\/strong>, con lo que se buscar\u00eda un lateral izquierdo que mejore sus prestaciones y las de <strong>Junior Firpo<\/strong>, teniendo en cuenta que <strong>Valent\u00edn G\u00f3mez<\/strong>, un central zurdo, les ha adelantado buena parte de la primera vuelta en la rotaci\u00f3n por fuera en ese costado. Con todo, dif\u00edcilmente llegar\u00e1 para competir con <strong>Fenerbah\u00e7e<\/strong> y <strong>Oporto<\/strong> por <strong>Souffian El Karouani<\/strong>.<\/p>\n<p><img decoding=\"async\" src=\"https:\/\/www.europesays.com\/es\/wp-content\/uploads\/2025\/12\/8fc0b3f7-46d2-4133-96b6-0b5adb10efde_800x533.jpeg\" loading=\"lazy\"\/><\/p>\n","protected":false},"excerpt":{"rendered":"Uno de los laterales zurdos que m\u00e1s gustan en La Cartuja, tanto por su rendimiento como por su&hellip;\n","protected":false},"author":2,"featured_media":310858,"comment_status":"","ping_status":"","sticky":false,"template":"","format":"standard","meta":{"footnotes":""},"categories":[268],"tags":[168,25,24,284,285,280,282,286,281,23,167,64297],"class_list":{"0":"post-310857","1":"post","2":"type-post","3":"status-publish","4":"format-standard","5":"has-post-thumbnail","7":"category-futbol","8":"tag-deportes","9":"tag-es","10":"tag-espana","11":"tag-estadio-deportivo","12":"tag-fichajes","13":"tag-football","14":"tag-futbol","15":"tag-real-betis-balompie","16":"tag-soccer","17":"tag-spain","18":"tag-sports","19":"tag-utrecht"},"share_on_mastodon":{"url":"https:\/\/pubeurope.com\/@es\/115794956684070160","error":""},"_links":{"self":[{"href":"https:\/\/www.europesays.com\/es\/wp-json\/wp\/v2\/posts\/310857","targetHints":{"allow":["GET"]}}],"collection":[{"href":"https:\/\/www.europesays.com\/es\/wp-json\/wp\/v2\/posts"}],"about":[{"href":"https:\/\/www.europesays.com\/es\/wp-json\/wp\/v2\/types\/post"}],"author":[{"embeddable":true,"href":"https:\/\/www.europesays.com\/es\/wp-json\/wp\/v2\/users\/2"}],"replies":[{"embeddable":true,"href":"https:\/\/www.europesays.com\/es\/wp-json\/wp\/v2\/comments?post=310857"}],"version-history":[{"count":0,"href":"https:\/\/www.europesays.com\/es\/wp-json\/wp\/v2\/posts\/310857\/revisions"}],"wp:featuredmedia":[{"embeddable":true,"href":"https:\/\/www.europesays.com\/es\/wp-json\/wp\/v2\/media\/310858"}],"wp:attachment":[{"href":"https:\/\/www.europesays.com\/es\/wp-json\/wp\/v2\/media?parent=310857"}],"wp:term":[{"taxonomy":"category","embeddable":true,"href":"https:\/\/www.europesays.com\/es\/wp-json\/wp\/v2\/categories?post=310857"},{"taxonomy":"post_tag","embeddable":true,"href":"https:\/\/www.europesays.com\/es\/wp-json\/wp\/v2\/tags?post=310857"}],"curies":[{"name":"wp","href":"https:\/\/api.w.org\/{rel}","templated":true}]}}