{"id":310861,"date":"2025-12-28T03:02:37","date_gmt":"2025-12-28T03:02:37","guid":{"rendered":"https:\/\/www.europesays.com\/es\/310861\/"},"modified":"2025-12-28T03:02:37","modified_gmt":"2025-12-28T03:02:37","slug":"a-stephen-king-le-ha-encantado-pluribus-pero-le-manda-un-aviso-a-vince-gilligan-sobre-la-temporada-2-de-la-serie-de-apple-tv","status":"publish","type":"post","link":"https:\/\/www.europesays.com\/es\/310861\/","title":{"rendered":"A Stephen King le ha encantado Pluribus, pero le manda un aviso a Vince Gilligan sobre la temporada 2 de la serie de Apple TV"},"content":{"rendered":"<p class=\"c-paragraph\">El mundo de las series est\u00e1 de enhorabuena con el regreso de<b><a href=\"https:\/\/www.hobbyconsolas.com\/hobbycine\/pluribus-adelanta-su-final-temporada-apple-tv-para-que-carol-no-sea-desgraciada-navidad_6912646_0.html\" title=\"Pluribus adelanta ligeramente su final de temporada en Apple TV para que Carol no sea desgraciada en Navidad\" rel=\"nofollow noopener\" target=\"_blank\"> Vince Gilligan<\/a><\/b>, creador de obras tan reconocidas como <b><a href=\"https:\/\/www.hobbyconsolas.com\/hobbycine\/pluribus-esconde-simple-vista-un-guino-uno-los-momentos-mas-perturbadores-breaking-bad_6898607_0.html\" title=\"Pluribus esconde a simple vista un gui\u00f1o a uno de los momentos m\u00e1s perturbadores de Breaking Bad\" rel=\"nofollow noopener\" target=\"_blank\">Breaking Bad<\/a><\/b>, considerada una de las mejores producciones de todos los tiempos para la peque\u00f1a pantalla. \u00bfY con qu\u00e9 nos ha sorprendido ahora?<\/p>\n<p class=\"c-paragraph\">Si a estas alturas todav\u00eda no lo sabes, ya est\u00e1s tardando en suscribirte a <b>Apple TV<\/b> para disfrutar de <b><a href=\"https:\/\/www.hobbyconsolas.com\/hobbycine\/critica-pluribus-vince-gilligan-nos-ofrece-una-ciencia-ficcion-absorbente-apple-tv_6881539_0.html\" title=\"Cr\u00edtica de Pluribus: Vince Gilligan nos ofrece una ciencia ficci\u00f3n absorbente en Apple TV+\" rel=\"nofollow noopener\" target=\"_blank\">Pluribus<\/a><\/b>, una serie que se ha convertido en un aut\u00e9ntico fen\u00f3meno este a\u00f1o. \u00a1La sobrecogedora historia de <b>Carol Sturka <\/b>ha atrapado a millones de espectadores!<\/p>\n<p class=\"c-paragraph\">Para que te hagas una idea, esta obra de 9 episodios se ha convertido en la serie de mayor \u00e9xito de Apple TV. \u00a1Y lo mejor de todo es que ya han confirmado una segunda temporada, algo que no nos extra\u00f1a dado el \u00e9xito cosechado!<\/p>\n<p class=\"c-paragraph\">Te dejamos a continuaci\u00f3n la sinopsis y el tr\u00e1iler para que vayas calentando: La persona m\u00e1s desgraciada sobre la faz de la tierra debe salvar el mundo de la felicidad. Est\u00e1 ambientada en un Albuquerque (Nuevo M\u00e9xico) actual, que se enfrenta a un cambio abrupto que lo aleja del mundo conocido.<\/p>\n<p class=\"c-paragraph\">\u00bfA que no pinta nada mal? Ya te avisamos que el primer cap\u00edtulo es una entrega que rezuma terror por los cuatro costados, y como no pod\u00eda ser de otra manera&#8230; \u00a1A <b>Stephen King<\/b> le ha encantado la propuesta de Vince Gilligan!<\/p>\n<p class=\"c-paragraph\">De hecho, le ha mandado una advertencia p\u00fablicamente en sus redes sociales. Tras conocer que a Gilligan no le corre prisa la temporada 2 de Pluribus, King le ha avisado que \u00e9l no tiene todo el tiempo del mundo, pues hace muchos a\u00f1os que dej\u00f3 de ser un jovenzuelo.<\/p>\n<p class=\"c-paragraph\">La verdad es que Stephen King se lo ha tomado con humor, pero muchos compartimos su misma impaciencia y preocupaci\u00f3n, ya que nos gustar\u00eda disfrutar de la segunda temporada de Pluribus lo antes posible. \u00bfSer\u00e1 el a\u00f1o que viene o tendremos que esperar a 2027?<\/p>\n<p class=\"c-paragraph\">Ojal\u00e1 Vince Gilligan tenga en cuenta las palabras del maestro del terror y logre aplacar los nervios de los fans de su nueva producci\u00f3n. Al menos, ya sabemos que tendremos nuevos episodios en el horizonte.<\/p>\n","protected":false},"excerpt":{"rendered":"El mundo de las series est\u00e1 de enhorabuena con el regreso de Vince Gilligan, creador de obras tan&hellip;\n","protected":false},"author":2,"featured_media":310862,"comment_status":"","ping_status":"","sticky":false,"template":"","format":"standard","meta":{"footnotes":""},"categories":[171],"tags":[50256,146,147,25,24,1080,12675,3294,23,16983,214],"class_list":{"0":"post-310861","1":"post","2":"type-post","3":"status-publish","4":"format-standard","5":"has-post-thumbnail","7":"category-tv","8":"tag-encantado","9":"tag-entertainment","10":"tag-entretenimiento","11":"tag-es","12":"tag-espana","13":"tag-ha","14":"tag-king","15":"tag-le","16":"tag-spain","17":"tag-stephen","18":"tag-tv"},"share_on_mastodon":{"url":"https:\/\/pubeurope.com\/@es\/115794971392776971","error":""},"_links":{"self":[{"href":"https:\/\/www.europesays.com\/es\/wp-json\/wp\/v2\/posts\/310861","targetHints":{"allow":["GET"]}}],"collection":[{"href":"https:\/\/www.europesays.com\/es\/wp-json\/wp\/v2\/posts"}],"about":[{"href":"https:\/\/www.europesays.com\/es\/wp-json\/wp\/v2\/types\/post"}],"author":[{"embeddable":true,"href":"https:\/\/www.europesays.com\/es\/wp-json\/wp\/v2\/users\/2"}],"replies":[{"embeddable":true,"href":"https:\/\/www.europesays.com\/es\/wp-json\/wp\/v2\/comments?post=310861"}],"version-history":[{"count":0,"href":"https:\/\/www.europesays.com\/es\/wp-json\/wp\/v2\/posts\/310861\/revisions"}],"wp:featuredmedia":[{"embeddable":true,"href":"https:\/\/www.europesays.com\/es\/wp-json\/wp\/v2\/media\/310862"}],"wp:attachment":[{"href":"https:\/\/www.europesays.com\/es\/wp-json\/wp\/v2\/media?parent=310861"}],"wp:term":[{"taxonomy":"category","embeddable":true,"href":"https:\/\/www.europesays.com\/es\/wp-json\/wp\/v2\/categories?post=310861"},{"taxonomy":"post_tag","embeddable":true,"href":"https:\/\/www.europesays.com\/es\/wp-json\/wp\/v2\/tags?post=310861"}],"curies":[{"name":"wp","href":"https:\/\/api.w.org\/{rel}","templated":true}]}}