{"id":310873,"date":"2025-12-28T03:10:35","date_gmt":"2025-12-28T03:10:35","guid":{"rendered":"https:\/\/www.europesays.com\/es\/310873\/"},"modified":"2025-12-28T03:10:35","modified_gmt":"2025-12-28T03:10:35","slug":"en-2025-el-inah-reafirmo-su-compromiso-con-la-salvaguardia-de-la-memoria-e-identidad-mexicanas","status":"publish","type":"post","link":"https:\/\/www.europesays.com\/es\/310873\/","title":{"rendered":"EN 2025, EL INAH REAFIRM\u00d3 SU COMPROMISO CON LA SALVAGUARDIA DE LA MEMORIA E IDENTIDAD MEXICANAS"},"content":{"rendered":"<p>En 2025, mediante el impulso de decretos y declaratorias, la recuperaci\u00f3n de bienes culturales, la organizaci\u00f3n de exposiciones de car\u00e1cter nacional e internacional, investigaciones interdisciplinarias y proyectos de conservaci\u00f3n, el Instituto Nacional de Antropolog\u00eda e Historia (INAH) garantiz\u00f3 la salvaguardia de la memoria e identidad mexicana.<\/p>\n<p>\u00a0<\/p>\n<p>A 86 a\u00f1os de su creaci\u00f3n, el INAH, \u00f3rgano de la Secretar\u00eda de Cultura del Gobierno de M\u00e9xico, reafirm\u00f3 su vocaci\u00f3n con la protecci\u00f3n de los sitios patrimoniales que resguarda, como es el caso de los beneficiados con el Programa de Mejoramiento de Zonas Arqueol\u00f3gicas (Promeza).<\/p>\n<p>\u00a0<\/p>\n<p>En enero, tras dos a\u00f1os de di\u00e1logo fruct\u00edfero y trabajo coordinado entre la instituci\u00f3n y autoridades ejidales, Ichkabal, localizada a 40 kil\u00f3metros de la cabecera municipal de Bacalar y de la Laguna de los Siete Colores, en Quintana Roo, se convirti\u00f3 en la 194 zona arqueol\u00f3gica abierta a la visita p\u00fablica en el pa\u00eds.<\/p>\n<p>\u00a0<\/p>\n<p>En la misma entidad se inaugur\u00f3 la nueva escalinata del Nohoch Mul, basamento piramidal emblem\u00e1tico de la Zona Arqueol\u00f3gica de Cob\u00e1. Con dicha acci\u00f3n, despu\u00e9s de seis a\u00f1os, se permiti\u00f3 el ascenso y el descenso de la edificaci\u00f3n de 42 metros de altura, la m\u00e1s elevada en el norte del \u00e1rea maya.<\/p>\n<p>\u00a0<\/p>\n<p>Asimismo, se dio un paso decisivo para la eventual reapertura de Tonin\u00e1, en Chiapas, con la publicaci\u00f3n en el Diario Oficial de la Federaci\u00f3n (DOF) del decreto que anuncia la declaratoria de utilidad p\u00fablica para la recuperaci\u00f3n de m\u00e1s de nueve hect\u00e1reas de un terreno privado, ubicado dentro de la poligonal de esa Zona de Monumentos Arqueol\u00f3gicos.<\/p>\n<p>\u00a0<\/p>\n<p>En seguimiento, el INAH inici\u00f3 cuatro proyectos de salvamento arqueol\u00f3gico que acompa\u00f1an el desarrollo de la infraestructura en el derecho de v\u00eda y \u00e1reas complementarias de las nuevas rutas de trenes de pasajeros: AIFA-Pachuca, Ciudad de M\u00e9xico-Quer\u00e9taro, Quer\u00e9taro-Irapuato y Saltillo-Monterrey-Nuevo Laredo.<\/p>\n<p>\u00a0<\/p>\n<p>Tambi\u00e9n, como parte del proyecto Chapultepec, Naturaleza y Cultura, en los primeros d\u00edas de 2025 reabrieron las salas del segundo piso del Museo Nacional de Antropolog\u00eda (MNA). Bajo el t\u00edtulo: Grandeza y Diversidad Cultural de M\u00e9xico, el recinto que el presente a\u00f1o recibi\u00f3 el Premio Princesa de Asturias, ofrece un recorrido innovador con aproximadamente 6,000 piezas arqueol\u00f3gicas, etnogr\u00e1ficas y art\u00edsticas, representativas de la riqueza de los pueblos originarios y afrodescendientes.<\/p>\n<p>\u00a0<\/p>\n<p><strong>Protecci\u00f3n y recuperaci\u00f3n del patrimonio<\/strong><\/p>\n<p>Destaca la doble declaratoria publicada el 6 de junio en el DOF, que reconoci\u00f3 a la ciudad de Zacatecas, en el estado hom\u00f3nimo, y a la localidad de La Antigua, en Veracruz, como Zonas de Monumentos Hist\u00f3ricos.<\/p>\n<p>\u00a0<\/p>\n<p>Para el caso de la ciudad minera, tal suceso subsan\u00f3 un pendiente hist\u00f3rico, toda vez que este reconocimiento era el \u00fanico que ten\u00eda pendiente por alcanzar, si se considera que, en 1993, su casco hist\u00f3rico fue reconocido como Patrimonio Mundial por la Organizaci\u00f3n de Naciones Unidas para la Educaci\u00f3n, la Ciencia y la Cultura (Unesco) y, en 2010, se sum\u00f3 a otros monumentos y espacios de la entidad dentro del itinerario cultural del Camino Real de Tierra Adentro.<\/p>\n<p>\u00a0<\/p>\n<p>La colaboraci\u00f3n de la Secretar\u00eda de Cultura del Gobierno de M\u00e9xico y el INAH fue igualmente decisiva para lograr las inscripciones de la Ruta Wix\u00e1rika por los Sitios Sagrados a Wirikuta, as\u00ed como de la Representaci\u00f3n de la Pasi\u00f3n, Muerte y Resurrecci\u00f3n de Cristo en Iztapalapa, en las listas del Patrimonio Mundial y Representativa del Patrimonio Cultural Inmaterial de la Humanidad, de la Unesco.<\/p>\n<p>\u00a0<\/p>\n<p>Con la ruta wix\u00e1rika, que contempla la protecci\u00f3n de 20 sitios sagrados distribuidos en cinco estados de la rep\u00fablica, M\u00e9xico lleg\u00f3 a 36 inscripciones en la Lista del Patrimonio Mundial y reafirm\u00f3 su posici\u00f3n como el primer pa\u00eds en Am\u00e9rica y el s\u00e9ptimo a nivel global con mayor n\u00famero de bienes reconocidos.<\/p>\n<p>\u00a0<\/p>\n<p>En tanto, el Comit\u00e9 Intergubernamental para la Salvaguardia del Patrimonio Cultural Inmaterial, ponder\u00f3 la raigambre multigeneracional del viacrucis en los ochos barrios originarios de Iztapalapa, una tradici\u00f3n que re\u00fane a los habitantes de esa alcald\u00eda de la Ciudad de M\u00e9xico en una expresi\u00f3n de fe, identidad y cultura.<\/p>\n<p>\u00a0<\/p>\n<p>Otro aspecto sobresaliente fue la cooperaci\u00f3n en la lucha contra el tr\u00e1fico il\u00edcito de bienes culturales, para la restituci\u00f3n del patrimonio cultural mexicano. Las secretar\u00edas de Relaciones Exteriores (SRE) y de Cultura, a trav\u00e9s del INAH, colaboraron para que, en los primeros meses de esta administraci\u00f3n, fueran recuperadas m\u00e1s de dos mil piezas arqueol\u00f3gicas.<\/p>\n<p>\u00a0<\/p>\n<p><strong>M\u00e9xico dentro y fuera de sus fronteras<\/strong><\/p>\n<p>Respecto a la divulgaci\u00f3n y promoci\u00f3n de nuestra cultura, la 36 Feria Internacional de Antropolog\u00eda e Historia concit\u00f3 a 183,054 personas que disfrutaron de m\u00e1s 400 actividades en el MNA, entre presentaciones editoriales, talleres, exposiciones, conferencias y actividades art\u00edsticas; oferta que tuvo como protagonistas a Tabasco y Costa de Marfil, estado y pa\u00eds invitados de honor.<\/p>\n<p>\u00a0<\/p>\n<p>En dicho marco arrib\u00f3 al MNA la muestra C\u00f4te d\u2019Ivoire. Un pa\u00eds, muchas culturas, que a trav\u00e9s de una selecci\u00f3n de m\u00e1scaras, figuras, textiles y otros objetos art\u00edsticos, narra siglos de historia y establece un puente entre la tradici\u00f3n ancestral y el arte contempor\u00e1neo de \u00c1frica y M\u00e9xico.<\/p>\n<p>\u00a0<\/p>\n<p>La citada muestra, que permanece vigente hasta enero de 2026, comparte el espacio de la Sala de Exposiciones Temporales, con\u00a0Belleza eterna a lo largo del r\u00edo Amarillo: Ornamentos de plata de los siglos XVII-XX en Shanxi, China, montaje reci\u00e9n inaugurado y que re\u00fane 143 piezas que, por primera vez, se exhiben fuera del Museo de Shanxi, dando cuenta de este milenario oficio.<\/p>\n<p>\u00a0<\/p>\n<p>El Museo Nacional de las Culturas del Mundo celebr\u00f3 su 60 aniversario. En la actualidad, presenta la exposici\u00f3n Khuree Tsam: Danza de purificaci\u00f3n de los dioses mongoles, del artista Gankhuyag Natsag, adem\u00e1s de las muestras fotogr\u00e1ficas Tumbas de Xia Occidental: Patrimonio de la Humanidad y De Estambul a Mardin: La mirada de Mauricio Novelo.<\/p>\n<p>\u00a0<\/p>\n<p>Sobre la proyecci\u00f3n internacional de M\u00e9xico destaca la coorganizaci\u00f3n del INAH en la magna exposici\u00f3n La mitad del mundo. La mujer en el M\u00e9xico ind\u00edgena, que se presenta en cuatro recintos espa\u00f1oles, con el objetivo de difundir, por medio de 435 piezas arqueol\u00f3gicas y etnogr\u00e1ficas, entre las que resaltan el monolito de la Joven Gobernante de Amajac, procedente de Veracruz, y el ajuar de la se\u00f1ora Tz\u2019aka\u2019ab Ajaw, la \u201cReina Roja\u201d de Palenque, Chiapas, la relevancia de las mujeres originarias de nuestro pa\u00eds, desde tiempos ancestrales hasta la actualidad.<\/p>\n<p>\u00a0<\/p>\n<p>Finalmente, el INAH edit\u00f3 una publicaci\u00f3n conmemorativa de su 85 aniversario, Atisbos de futuro, una reflexi\u00f3n sobre la importancia de la memoria colectiva y un llamado a la acci\u00f3n para enfrentar los retos que implica garantizar que el patrimonio cultural mexicano siga siendo una fuente de identidad y conocimiento para las futuras generaciones.<\/p>\n","protected":false},"excerpt":{"rendered":"En 2025, mediante el impulso de decretos y declaratorias, la recuperaci\u00f3n de bienes culturales, la organizaci\u00f3n de exposiciones&hellip;\n","protected":false},"author":2,"featured_media":310874,"comment_status":"","ping_status":"","sticky":false,"template":"","format":"standard","meta":{"footnotes":""},"categories":[42],"tags":[17,18,13,14,11,61,62,63,64,19,20,9,10,15,16,12,21,22,65,66,67],"class_list":{"0":"post-310873","1":"post","2":"type-post","3":"status-publish","4":"format-standard","5":"has-post-thumbnail","7":"category-internacional","8":"tag-breaking-news","9":"tag-breakingnews","10":"tag-featured-news","11":"tag-featurednews","12":"tag-headlines","13":"tag-internacional","14":"tag-international","15":"tag-international-news","16":"tag-internationalnews","17":"tag-latest-news","18":"tag-latestnews","19":"tag-news","20":"tag-noticias","21":"tag-noticias-destacadas","22":"tag-noticiasdestacadas","23":"tag-titulares","24":"tag-ultimas-noticias","25":"tag-ultimasnoticias","26":"tag-world","27":"tag-world-news","28":"tag-worldnews"},"share_on_mastodon":{"url":"https:\/\/pubeurope.com\/@es\/115795002859306804","error":""},"_links":{"self":[{"href":"https:\/\/www.europesays.com\/es\/wp-json\/wp\/v2\/posts\/310873","targetHints":{"allow":["GET"]}}],"collection":[{"href":"https:\/\/www.europesays.com\/es\/wp-json\/wp\/v2\/posts"}],"about":[{"href":"https:\/\/www.europesays.com\/es\/wp-json\/wp\/v2\/types\/post"}],"author":[{"embeddable":true,"href":"https:\/\/www.europesays.com\/es\/wp-json\/wp\/v2\/users\/2"}],"replies":[{"embeddable":true,"href":"https:\/\/www.europesays.com\/es\/wp-json\/wp\/v2\/comments?post=310873"}],"version-history":[{"count":0,"href":"https:\/\/www.europesays.com\/es\/wp-json\/wp\/v2\/posts\/310873\/revisions"}],"wp:featuredmedia":[{"embeddable":true,"href":"https:\/\/www.europesays.com\/es\/wp-json\/wp\/v2\/media\/310874"}],"wp:attachment":[{"href":"https:\/\/www.europesays.com\/es\/wp-json\/wp\/v2\/media?parent=310873"}],"wp:term":[{"taxonomy":"category","embeddable":true,"href":"https:\/\/www.europesays.com\/es\/wp-json\/wp\/v2\/categories?post=310873"},{"taxonomy":"post_tag","embeddable":true,"href":"https:\/\/www.europesays.com\/es\/wp-json\/wp\/v2\/tags?post=310873"}],"curies":[{"name":"wp","href":"https:\/\/api.w.org\/{rel}","templated":true}]}}