{"id":310899,"date":"2025-12-28T03:40:12","date_gmt":"2025-12-28T03:40:12","guid":{"rendered":"https:\/\/www.europesays.com\/es\/310899\/"},"modified":"2025-12-28T03:40:12","modified_gmt":"2025-12-28T03:40:12","slug":"el-cafe-con-fernando-gonzalez-que-marco-el-adios-al-golf-de-mito-pereira","status":"publish","type":"post","link":"https:\/\/www.europesays.com\/es\/310899\/","title":{"rendered":"El caf\u00e9 con Fernando Gonz\u00e1lez que marc\u00f3 el adi\u00f3s al golf de Mito Pereira"},"content":{"rendered":"<p class=\"article-body__paragraph\"><a href=\"https:\/\/www.latercera.com\/el-deportivo\/noticia\/golpe-al-golf-chileno-mito-pereira-anuncia-su-retiro\/\" target=\"_self\" rel=\"nofollow noopener\" title=\"https:\/\/www.latercera.com\/el-deportivo\/noticia\/golpe-al-golf-chileno-mito-pereira-anuncia-su-retiro\/\">El lunes pasado, <b>Guillermo Pereira<\/b> remeci\u00f3 al golf mundial y al deporte chileno al anunciar su retiro de la actividad, con 30 a\u00f1os.<\/a> Una decisi\u00f3n que hace un par de meses era un fuerte rumor en los fairways y que se aceler\u00f3 tras su descenso en el LIV, el millonario circuito con el que le quedaba un a\u00f1o de contrato.<\/p>\n<p class=\"article-body__paragraph\">\u201c<a href=\"https:\/\/www.latercera.com\/el-deportivo\/noticia\/la-sinceridad-de-mito-pereira-si-no-hubiese-existido-el-liv-golf-no-me-hubiera-retirado-a-esta-edad\/\" target=\"_self\" rel=\"nofollow noopener\" title=\"https:\/\/www.latercera.com\/el-deportivo\/noticia\/la-sinceridad-de-mito-pereira-si-no-hubiese-existido-el-liv-golf-no-me-hubiera-retirado-a-esta-edad\/\">No es una decisi\u00f3n que haya partido pensando hace poco.<\/a> <b>Siempre fui de la convicci\u00f3n de hacer hartas cosas en mi vida, no solamente jugar golf. <\/b>Ahora tengo una familia. Desde que part\u00ed de nuevo a jugar golf, a los 17, siempre tuve atr\u00e1s de mi cabeza no jugar hasta los 60, hacer una buena carrera y tener la opci\u00f3n de hacer lo que estoy haciendo ahora. Cumpl\u00ed varios logros y estoy muy tranquilo y muy feliz\u201d, explic\u00f3 minutos despu\u00e9s de su anuncio.<\/p>\n<p class=\"article-body__paragraph\">Su entorno, en tanto, mantuvo el hermetismo en todo momento para no entorpecer la determinaci\u00f3n del pircano. <b>\u201cNo puedo dar ninguna informaci\u00f3n.<\/b> \u00c9l es el que tendr\u00eda que darla y no tengo la autorizaci\u00f3n para hablar de eso\u201d, se disculpaba su padre, del mismo nombre, pocos d\u00edas antes de que diera el anuncio.<\/p>\n<p class=\"article-body__paragraph\"><b>Una de las personas que se enter\u00f3 de la decisi\u00f3n fue Fernando Gonz\u00e1lez. <\/b>El triple medallista ol\u00edmpico jug\u00f3 un rol clave en este paso que dar\u00eda el oriundo de Pirque, a partir de una cita con el ahora exgolfista, a comienzos de noviembre.<\/p>\n<p><img alt=\"\" class=\"global-image\" decoding=\"async\"  src=\"https:\/\/www.europesays.com\/es\/wp-content\/uploads\/2025\/12\/5VGE7WCOMFEUXIKUC3IMHBJQBY.png\"  fetchpriority=\"low\" loading=\"lazy\"\/>Mito Pereira junto a Joaqu\u00edn Niemann. . Por Photosport <\/p>\n<p class=\"article-body__paragraph\">\u201cAhora en la vida no me estresa nada. No iba a anunciar nada, pero hace dos meses me junt\u00e9 con Fernando Gonz\u00e1lez, <b>me dijo que lo hiciera y que me diera un luto<\/b>, un tiempo para no hacer nada, no preocuparte por nada, aburrirte, y despu\u00e9s ver qu\u00e9 cosas hacer\u201d, revel\u00f3 <a href=\"https:\/\/www.instagram.com\/mito_pereira\/\" target=\"_self\" rel=\"nofollow noopener\" title=\"https:\/\/www.instagram.com\/mito_pereira\/\">Mito<\/a> sobre la crucial conversaci\u00f3n con el otrora top 5.<\/p>\n<p class=\"article-body__paragraph\">Consultado por<b> El Deportivo<\/b>, el Bombardero de La Reina entrega algunos detalles de ese encuentro. \u201cCuando me pidi\u00f3 juntarnos, no me sorprendi\u00f3 lo que quer\u00eda hablarme\u201d, se\u00f1ala el extenista. Y a\u00f1ade: \u201cNo me sorprendi\u00f3 porque a m\u00ed me pas\u00f3; retirarme joven, tener las ganas de retirarme, de hacer otras cosas&#8230; <b>Claro, era raro que me dijera \u2018vamos a tomarnos un caf\u00e9\u2019. <\/b>No era muy com\u00fan, digamos\u201d.<\/p>\n<p class=\"article-body__paragraph\">\u201cLo conozco hace un tiempo, <b>no hablamos mucho, pero tengo una admiraci\u00f3n y un cari\u00f1o s\u00faper grande por \u00e9l. <\/b>Me invit\u00f3 a tomar un caf\u00e9 y ah\u00ed conversamos\u201d, recuerda Fe\u00f1a sobre la particular invitaci\u00f3n.<\/p>\n<p>Un reflejo propio<\/p>\n<p class=\"article-body__paragraph\">Hubo una conexi\u00f3n inmediata por la misma realidad que enfrent\u00f3 Gonz\u00e1lez cuando dej\u00f3 el tenis, con 31 a\u00f1os, en 2012: \u201cMe trajo muchos recuerdos; <b>yo tambi\u00e9n me retir\u00e9 joven hace un tiempo<\/b>, eso s\u00ed. Obviamente, yo podr\u00eda haber seguido jugando. <a href=\"https:\/\/www.latercera.com\/el-deportivo\/noticia\/presidente-de-la-federacion-de-golf-a-mito-pereira-le-quedaban-15-anos-de-carrera\/\" target=\"_self\" rel=\"nofollow noopener\" title=\"https:\/\/www.latercera.com\/el-deportivo\/noticia\/presidente-de-la-federacion-de-golf-a-mito-pereira-le-quedaban-15-anos-de-carrera\/\">Mito perfectamente m\u00e1s que yo todav\u00eda. Pero son decisiones de vida.<\/a> O sea, m\u00e1s all\u00e1 de trabajo\u201d.<\/p>\n<p class=\"article-body__paragraph\">En ese contexto, logr\u00f3 reconocer algo muy com\u00fan en este tipo de situaciones, especialmente, cuando se refiere al entorno. \u201cCreo que lo m\u00e1s importante siempre es uno; estar bien y contento con lo que est\u00e1s haciendo. El tema es que mucha gente viene a opinar, viene a aconsejarte, y no sabe verdaderamente lo que uno siente. Entonces, creo que eso es s\u00faper importante. <b>La decisi\u00f3n que tom\u00f3 Mito, que la tom\u00f3 \u00e9l, fue algo meditado y obviamente est\u00e1 m\u00e1s que merecido\u201d<\/b>, resalta.<\/p>\n<p class=\"article-body__paragraph\">Sobre lo que vino despu\u00e9s, Gonz\u00e1lez se\u00f1ala que el contacto ha sido espor\u00e1dico. \u201cM\u00e1s que acompa\u00f1ar, fue un caf\u00e9 nom\u00e1s. <b>Nos tomamos un caf\u00e9 y hemos hablado de repente. Sabe que estoy ah\u00ed para lo que necesite. <\/b>As\u00ed que espero que pronto le den ganas de ir a jugar golf conmigo y as\u00ed yo voy a jugar tenis con \u00e9l\u201d, precisa Gonz\u00e1lez. <\/p>\n<p class=\"article-body__paragraph\">Mito, por su parte, no tiene ciento por ciento claro qu\u00e9 har\u00e1 fuera del golf. \u201cNo s\u00e9 todav\u00eda, estoy haci\u00e9ndole caso al Fe\u00f1a. <b>Tengo que arreglar, cuadrar varios temas, desde lo econ\u00f3mico hasta d\u00f3nde vivir\u201d<\/b>, se\u00f1al\u00f3 en la semana, tras anunciar su retiro.<\/p>\n<p class=\"article-body__paragraph\">A pocos meses de cumplir 31 a\u00f1os, Mito Pereira inicia la vida que siempre so\u00f1\u00f3 fuera de las canchas, <a href=\"https:\/\/www.latercera.com\/el-deportivo\/noticia\/un-botin-sonado-para-el-retiro-los-millones-que-gano-mito-pereira-en-su-corta-carrera-en-el-golf\/\" target=\"_self\" rel=\"nofollow noopener\" title=\"https:\/\/www.latercera.com\/el-deportivo\/noticia\/un-botin-sonado-para-el-retiro-los-millones-que-gano-mito-pereira-en-su-corta-carrera-en-el-golf\/\">y <b>con m\u00e1s de US$ 20 millones <\/b>en la cuenta corriente por concepto de premios.<\/a><\/p>\n<p><script async src=\"\/\/www.instagram.com\/embed.js\"><\/script><\/p>\n","protected":false},"excerpt":{"rendered":"El lunes pasado, Guillermo Pereira remeci\u00f3 al golf mundial y al deporte chileno al anunciar su retiro de&hellip;\n","protected":false},"author":2,"featured_media":310900,"comment_status":"","ping_status":"","sticky":false,"template":"","format":"standard","meta":{"footnotes":""},"categories":[275],"tags":[168,25,24,15739,329,968,13252,4545,744,23,167,327],"class_list":{"0":"post-310899","1":"post","2":"type-post","3":"status-publish","4":"format-standard","5":"has-post-thumbnail","7":"category-golf","8":"tag-deportes","9":"tag-es","10":"tag-espana","11":"tag-fernando-gonzalez","12":"tag-golf","13":"tag-liv-golf","14":"tag-lt-domingo","15":"tag-mito-pereira","16":"tag-polideportivo","17":"tag-spain","18":"tag-sports","19":"tag-tenis"},"share_on_mastodon":{"url":"https:\/\/pubeurope.com\/@es\/115795121201187708","error":""},"_links":{"self":[{"href":"https:\/\/www.europesays.com\/es\/wp-json\/wp\/v2\/posts\/310899","targetHints":{"allow":["GET"]}}],"collection":[{"href":"https:\/\/www.europesays.com\/es\/wp-json\/wp\/v2\/posts"}],"about":[{"href":"https:\/\/www.europesays.com\/es\/wp-json\/wp\/v2\/types\/post"}],"author":[{"embeddable":true,"href":"https:\/\/www.europesays.com\/es\/wp-json\/wp\/v2\/users\/2"}],"replies":[{"embeddable":true,"href":"https:\/\/www.europesays.com\/es\/wp-json\/wp\/v2\/comments?post=310899"}],"version-history":[{"count":0,"href":"https:\/\/www.europesays.com\/es\/wp-json\/wp\/v2\/posts\/310899\/revisions"}],"wp:featuredmedia":[{"embeddable":true,"href":"https:\/\/www.europesays.com\/es\/wp-json\/wp\/v2\/media\/310900"}],"wp:attachment":[{"href":"https:\/\/www.europesays.com\/es\/wp-json\/wp\/v2\/media?parent=310899"}],"wp:term":[{"taxonomy":"category","embeddable":true,"href":"https:\/\/www.europesays.com\/es\/wp-json\/wp\/v2\/categories?post=310899"},{"taxonomy":"post_tag","embeddable":true,"href":"https:\/\/www.europesays.com\/es\/wp-json\/wp\/v2\/tags?post=310899"}],"curies":[{"name":"wp","href":"https:\/\/api.w.org\/{rel}","templated":true}]}}