{"id":310905,"date":"2025-12-28T03:46:12","date_gmt":"2025-12-28T03:46:12","guid":{"rendered":"https:\/\/www.europesays.com\/es\/310905\/"},"modified":"2025-12-28T03:46:12","modified_gmt":"2025-12-28T03:46:12","slug":"estoy-listo-para-comenzar-una-nueva-gira","status":"publish","type":"post","link":"https:\/\/www.europesays.com\/es\/310905\/","title":{"rendered":"Estoy listo para comenzar una nueva gira"},"content":{"rendered":"<p data-journey-content=\"true\" data-node-id=\"3\" class=\"css-6wxqfj emevuu60\">Buenas noticias para los fans de Camela. Dioni Mart\u00edn, alma y voz del m\u00edtico d\u00fao, ha anunciado que <strong data-node-id=\"3.1\">est\u00e1 totalmente recuperado y que volver\u00e1 a los escenarios en 2026, <\/strong>despu\u00e9s de varios meses alejado de la m\u00fasica por <a href=\"https:\/\/www.diezminutos.es\/famosos-corazon\/famosos-espanoles\/a65778785\/dioni-camela-problema-salud-suspension-conciertos\/\" target=\"_blank\" data-vars-ga-outbound-link=\"https:\/\/www.diezminutos.es\/famosos-corazon\/famosos-espanoles\/a65778785\/dioni-camela-problema-salud-suspension-conciertos\/\" data-vars-ga-ux-element=\"Hyperlink\" data-vars-ga-call-to-action=\"una lesi\u00f3n que le oblig\u00f3 a frenar en seco una gira\" data-node-id=\"3.3\" class=\"body-link css-177bzfx emevuu60\" rel=\"nofollow noopener\">una lesi\u00f3n que le oblig\u00f3 a frenar en seco una gira<\/a> que marchaba a pleno rendimiento.<\/p>\n<p data-journey-content=\"true\" data-node-id=\"6\" class=\"css-6wxqfj emevuu60\">\u201cEstoy much\u00edsimo mejor, gracias a todos por vuestras muestras de cari\u00f1o\u201d, aseguraba Dioni visiblemente animado. El cantante ha explicado que <strong data-node-id=\"6.1\">la causa de su par\u00f3n fue una rotura en el esternocleidomastoideo,<\/strong> un m\u00fasculo del cuello cuya recuperaci\u00f3n ha sido \u201cmuy lenta\u201d, pero que ya est\u00e1 pr\u00e1cticamente superada. \u201cEstoy listo para el a\u00f1o que viene para comenzar una nueva gira\u201d, confirmaba, tranquilizando a un p\u00fablico que ha seguido muy de cerca su evoluci\u00f3n.<\/p>\n<p><img draggable=\"true\" alt=\"camela en concierto\" title=\"Camela en concierto\" loading=\"lazy\" width=\"3000\" height=\"2420\" decoding=\"async\" data-nimg=\"1\" style=\"color:transparent;width:100%;height:auto;\"   src=\"https:\/\/www.europesays.com\/es\/wp-content\/uploads\/2025\/12\/camela-concierto-689dd0e724184.jpg\" class=\"css-0 e1g79fud0\"\/><\/p>\n<p>Gtres<\/p>\n<p data-journey-content=\"true\" data-node-id=\"9\" class=\"css-6wxqfj emevuu60\">El regreso, adem\u00e1s, <strong data-node-id=\"9.1\">ya tiene fecha marcada en rojo<\/strong>. El pr\u00f3ximo 27 de febrero, Camela volver\u00e1 a subirse a un escenario en la plaza de toros de Las Ventas, uno de los recintos m\u00e1s simb\u00f3licos para los grandes artistas nacionales. \u201cAhora lo \u00fanico es fortalecer el m\u00fasculo\u201d, explicaba Dioni, dejando claro que puede cantar sin problema, aunque todav\u00eda se encuentra en fase de recuperaci\u00f3n para evitar reca\u00eddas.<\/p>\n<p>\u00abHa sido muy duro porque tuvimos que suspender\u00bb<\/p>\n<p data-journey-content=\"true\" data-node-id=\"14\" class=\"css-6wxqfj emevuu60\">Estos meses alejados de los focos no han sido f\u00e1ciles para \u00e9l. El propio Dioni reconoce que <strong data-node-id=\"14.1\">la cancelaci\u00f3n de la gira en agosto fue especialmente dura, <\/strong>no tanto por \u00e9l, sino por todo lo que implica un proyecto de este tama\u00f1o. \u201cHa sido muy duro porque tuvimos que suspender la gira, sobre todo por la gente que llevamos detr\u00e1s y por la gente que se ha quedado sin vernos en muchas capitales\u201d, confesaba. Aun as\u00ed, agradece la comprensi\u00f3n del p\u00fablico: muchos de esos conciertos se reprogramar\u00e1n para el pr\u00f3ximo a\u00f1o.<\/p>\n<p data-journey-content=\"true\" data-node-id=\"16\" class=\"css-6wxqfj emevuu60\">Durante este tiempo, el cari\u00f1o recibido ha sido constante. <strong data-node-id=\"16.1\">Mensajes, besos y deseos de pronta recuperaci\u00f3n <\/strong>que, seg\u00fan \u00e9l mismo reconoce, han sido clave para mantener el \u00e1nimo. \u201cTodos me hab\u00e9is mandado mucho \u00e1nimo\u201d, repet\u00eda con emoci\u00f3n.<\/p>\n<p>El mensaje de Dioni para India Mart\u00ednez<\/p>\n<p data-journey-content=\"true\" data-node-id=\"19\" class=\"css-6wxqfj emevuu60\">Dioni tambi\u00e9n se ha pronunciado sobre el par\u00f3n anunciado por India Mart\u00ednez, mostrando total empat\u00eda. \u201cYo creo que viene bien\u201d, afirmaba. <strong data-node-id=\"19.1\">\u201cNosotros llevamos cuatro o cinco a\u00f1os sin parar<\/strong> y muchas veces hay compa\u00f1eros que tienen que llegar y decir: \u2018vamos a parar un tiempo\u2019 para recargar pilas\u201d. <\/p>\n<p data-journey-content=\"true\" data-node-id=\"21\" class=\"css-6wxqfj emevuu60\">El artista reapareci\u00f3 p\u00fablicamente en el partido solidario entre artistas y famosos para la <a href=\"https:\/\/www.diezminutos.es\/famosos-corazon\/famosos-espanoles\/a69871519\/candela-marquez-ruptura-alejandro-sanz-estoy-muy-contenta\/\" target=\"_blank\" data-vars-ga-outbound-link=\"https:\/\/www.diezminutos.es\/famosos-corazon\/famosos-espanoles\/a69871519\/candela-marquez-ruptura-alejandro-sanz-estoy-muy-contenta\/\" data-vars-ga-ux-element=\"Hyperlink\" data-vars-ga-call-to-action=\"Fundaci\u00f3n Theodora, organizado por Richy Castellanos, \" data-node-id=\"21.1\" class=\"body-link css-177bzfx emevuu60\" rel=\"nofollow noopener\">Fundaci\u00f3n Theodora, organizado por Richy Castellanos, <\/a>donde se le pudo ver sonriente y con buena energ\u00eda. Una imagen que confirma lo que \u00e9l mismo ha anunciado:<strong data-node-id=\"21.3\"> Dioni est\u00e1 de vuelta, <\/strong>con fuerzas renovadas y con ganas de reencontrarse con su p\u00fablico en 2026.<\/p>\n<p><img src=\"https:\/\/www.europesays.com\/es\/wp-content\/uploads\/2025\/12\/1766893572_26_323095e3-d675-4360-ad79-c3a735f161a1_1681830139.file\" alt=\"Headshot of Aroa D\u00edaz\" title=\"Headshot of Aroa D\u00edaz\" width=\"100%\" height=\"100%\" decoding=\"async\" loading=\"lazy\" class=\"css-o0wq4v ev8dhu53\"\/><\/p>\n<p>Aroa D\u00edaz es experta en realities, televisi\u00f3n y actualidad en general. No hay momento del d\u00eda en el que no tenga encendida la televisi\u00f3n conociendo los \u00faltimos desvelos de los famosos, disfrutando de los realities como Supervivientes o de los concursos m\u00e1s rocambolescos. Las \u00faltimas novedades de los famosos del coraz\u00f3n son su perdici\u00f3n y la actualidad de las Casas Reales, su gran pasi\u00f3n. \u00a0\u00a0<\/p>\n<p>En sus ratos libres disfruta de las pel\u00edculas y series de moda, y bucea por los cat\u00e1logos de las plataformas de podcast buscando nuevas entrevistas y charlas de famosos.<\/p>\n<p>Adem\u00e1s, no ha parado de formarse en todos los aspectos convirti\u00e9ndose en una periodista 360: locuci\u00f3n, doblaje, grabaci\u00f3n de v\u00eddeo, periodismo m\u00f3vil, producci\u00f3n de podcast y SEO. Actualmente est\u00e1 form\u00e1ndose en el M\u00e1ster universitario de Periodismo y Comunicaci\u00f3n Digital: Datos y Nuevas Narrativas de la UOC.<\/p>\n<p>Graduada en periodismo por la Universidad Rey Juan Carlos, no ha parado de trabajar desde que obtuvo su t\u00edtulo all\u00e1 por el 2013. Despu\u00e9s de un breve impass en Palma de Mallorca, volvi\u00f3 a Legan\u00e9s donde arranc\u00f3 su experiencia con Legan\u00e9s Activo. En este tiempo he pasado por las redacciones de varios medios recayendo finalmente en Hearst Espa\u00f1a (Telenovela, Qu\u00e9 me dices y Diez Minutos). Tambi\u00e9n tiene experiencia en diferentes radios. \u00a0<\/p>\n","protected":false},"excerpt":{"rendered":"Buenas noticias para los fans de Camela. Dioni Mart\u00edn, alma y voz del m\u00edtico d\u00fao, ha anunciado que&hellip;\n","protected":false},"author":2,"featured_media":310906,"comment_status":"","ping_status":"","sticky":false,"template":"","format":"standard","meta":{"footnotes":""},"categories":[174],"tags":[255,253,146,147,25,24,256,23],"class_list":{"0":"post-310905","1":"post","2":"type-post","3":"status-publish","4":"format-standard","5":"has-post-thumbnail","7":"category-famosos","8":"tag-celebrities","9":"tag-discover","10":"tag-entertainment","11":"tag-entretenimiento","12":"tag-es","13":"tag-espana","14":"tag-famosos","15":"tag-spain"},"share_on_mastodon":{"url":"https:\/\/pubeurope.com\/@es\/115795144803287758","error":""},"_links":{"self":[{"href":"https:\/\/www.europesays.com\/es\/wp-json\/wp\/v2\/posts\/310905","targetHints":{"allow":["GET"]}}],"collection":[{"href":"https:\/\/www.europesays.com\/es\/wp-json\/wp\/v2\/posts"}],"about":[{"href":"https:\/\/www.europesays.com\/es\/wp-json\/wp\/v2\/types\/post"}],"author":[{"embeddable":true,"href":"https:\/\/www.europesays.com\/es\/wp-json\/wp\/v2\/users\/2"}],"replies":[{"embeddable":true,"href":"https:\/\/www.europesays.com\/es\/wp-json\/wp\/v2\/comments?post=310905"}],"version-history":[{"count":0,"href":"https:\/\/www.europesays.com\/es\/wp-json\/wp\/v2\/posts\/310905\/revisions"}],"wp:featuredmedia":[{"embeddable":true,"href":"https:\/\/www.europesays.com\/es\/wp-json\/wp\/v2\/media\/310906"}],"wp:attachment":[{"href":"https:\/\/www.europesays.com\/es\/wp-json\/wp\/v2\/media?parent=310905"}],"wp:term":[{"taxonomy":"category","embeddable":true,"href":"https:\/\/www.europesays.com\/es\/wp-json\/wp\/v2\/categories?post=310905"},{"taxonomy":"post_tag","embeddable":true,"href":"https:\/\/www.europesays.com\/es\/wp-json\/wp\/v2\/tags?post=310905"}],"curies":[{"name":"wp","href":"https:\/\/api.w.org\/{rel}","templated":true}]}}