{"id":310911,"date":"2025-12-28T03:52:15","date_gmt":"2025-12-28T03:52:15","guid":{"rendered":"https:\/\/www.europesays.com\/es\/310911\/"},"modified":"2025-12-28T03:52:15","modified_gmt":"2025-12-28T03:52:15","slug":"el-casademont-zaragoza-sigue-confiando-en-jesus-ramirez-tras-otra-fea-derrota","status":"publish","type":"post","link":"https:\/\/www.europesays.com\/es\/310911\/","title":{"rendered":"El Casademont Zaragoza sigue confiando en Jes\u00fas Ram\u00edrez tras otra fea derrota"},"content":{"rendered":"<p class=\"ft-text\">A pesar de la fea derrota sufrida este s\u00e1bado contra el <strong>Baxi Manresa <\/strong>en la Liga Endesa <strong>(83-95),<\/strong> el <strong>Casademont Zaragoza <\/strong>mantiene la confianza en el cuerpo t\u00e9cnico encabezado por <strong>Jes\u00fas Ram\u00edrez,<\/strong> por lo que no se plantea la continuidad del entrenador llegado este verano desde la Bundesliga.<\/p>\n<p class=\"ft-text\">La entidad aragonesa se encuentra inmersa en una peque\u00f1a reconstrucci\u00f3n de la plantilla. En las \u00faltimas semanas ha incorporado a<strong> Christ Koumadje<\/strong> y ha dado salida a <strong>Erik Stevenson<\/strong> y a<strong> Lucas Langarita<\/strong>, mientras que la marcha de Joel Soriano es solo cuesti\u00f3n de tiempo, de que el Valencia Basket le cierre un nuevo destino. Adem\u00e1s, el Casademont contin\u00faa sondeando el mercado en busca de m\u00e1s refuerzos, con un exterior capaz de amenazar de tres como una pieza imprescindible para equilibrar su plantilla.<\/p>\n<p class=\"ft-text\">El conjunto aragon\u00e9s no termina de encontrarse esta temporada. En la Liga Endesa el equipo suma cuatro victorias y siete derrotas, a la espera de poder recuperar el partido aplazado frente al Valencia. Aunque la semana pasada consigui\u00f3 un importante triunfo frente al <strong>Morabanc Andorra<\/strong> que parec\u00eda darle aire, este s\u00e1bado ha regresado a su peor versi\u00f3n, a la de los batacazos europeos ante el <strong>Peristeri <\/strong>y el <strong>Petkimspor <\/strong>o los ligueros frente al <strong>Breog\u00e1n <\/strong>y el <strong>Bilbao<\/strong>.<\/p>\n<p class=\"ft-text\">Sin embargo, el <strong>Casademont Zaragoza <\/strong>no se cuestiona hasta el momento la figura del entrenador. <strong>Jes\u00fas Ram\u00edrez<\/strong> fue el elegido para liderar un nuevo proyecto con vocaci\u00f3n duradera, para lo que firm\u00f3 un contrato de dos temporadas m\u00e1s otras dos opcionales.<\/p>\n","protected":false},"excerpt":{"rendered":"A pesar de la fea derrota sufrida este s\u00e1bado contra el Baxi Manresa en la Liga Endesa (83-95),&hellip;\n","protected":false},"author":2,"featured_media":310912,"comment_status":"","ping_status":"","sticky":false,"template":"","format":"standard","meta":{"footnotes":""},"categories":[93],"tags":[59137,2511,5369,73166,168,25,24,5782,831,1262,23,167,491],"class_list":{"0":"post-310911","1":"post","2":"type-post","3":"status-publish","4":"format-standard","5":"has-post-thumbnail","7":"category-deportes","8":"tag-baxi-manresa","9":"tag-casademont","10":"tag-casademont-zaragoza","11":"tag-confiando","12":"tag-deportes","13":"tag-es","14":"tag-espana","15":"tag-jesus","16":"tag-liga-acb","17":"tag-sigue","18":"tag-spain","19":"tag-sports","20":"tag-zaragoza"},"share_on_mastodon":{"url":"https:\/\/pubeurope.com\/@es\/115795168098003995","error":""},"_links":{"self":[{"href":"https:\/\/www.europesays.com\/es\/wp-json\/wp\/v2\/posts\/310911","targetHints":{"allow":["GET"]}}],"collection":[{"href":"https:\/\/www.europesays.com\/es\/wp-json\/wp\/v2\/posts"}],"about":[{"href":"https:\/\/www.europesays.com\/es\/wp-json\/wp\/v2\/types\/post"}],"author":[{"embeddable":true,"href":"https:\/\/www.europesays.com\/es\/wp-json\/wp\/v2\/users\/2"}],"replies":[{"embeddable":true,"href":"https:\/\/www.europesays.com\/es\/wp-json\/wp\/v2\/comments?post=310911"}],"version-history":[{"count":0,"href":"https:\/\/www.europesays.com\/es\/wp-json\/wp\/v2\/posts\/310911\/revisions"}],"wp:featuredmedia":[{"embeddable":true,"href":"https:\/\/www.europesays.com\/es\/wp-json\/wp\/v2\/media\/310912"}],"wp:attachment":[{"href":"https:\/\/www.europesays.com\/es\/wp-json\/wp\/v2\/media?parent=310911"}],"wp:term":[{"taxonomy":"category","embeddable":true,"href":"https:\/\/www.europesays.com\/es\/wp-json\/wp\/v2\/categories?post=310911"},{"taxonomy":"post_tag","embeddable":true,"href":"https:\/\/www.europesays.com\/es\/wp-json\/wp\/v2\/tags?post=310911"}],"curies":[{"name":"wp","href":"https:\/\/api.w.org\/{rel}","templated":true}]}}