{"id":310915,"date":"2025-12-28T03:54:08","date_gmt":"2025-12-28T03:54:08","guid":{"rendered":"https:\/\/www.europesays.com\/es\/310915\/"},"modified":"2025-12-28T03:54:08","modified_gmt":"2025-12-28T03:54:08","slug":"ex-actriz-infantil-de-el-rey-leon-en-broadway-muere-apunalada-en-nueva-jersey","status":"publish","type":"post","link":"https:\/\/www.europesays.com\/es\/310915\/","title":{"rendered":"Ex actriz infantil de \u00abEl Rey Le\u00f3n\u00bb en Broadway muere apu\u00f1alada en Nueva Jersey"},"content":{"rendered":"<p>      CNN<br \/>\n        \u00a0\u2014\u00a0<\/p>\n<p class=\"paragraph inline-placeholder vossi-paragraph\" data-uri=\"es.cms.cnn.com\/_components\/paragraph\/instances\/cmjp2i5dc00lg26qtfw6m4ttn@published\" data-editable=\"text\" data-component-name=\"paragraph\" data-article-gutter=\"true\">\n            Imani Smith, <a href=\"https:\/\/playbill.com\/person\/imani-dia-smith-vault-0000119458\" target=\"_blank\" rel=\"nofollow noopener\">quien interpret\u00f3 a la joven Nala<\/a> en \u201cEl Rey Le\u00f3n\u201d de Disney en Broadway, falleci\u00f3 el domingo tras ser encontrada con heridas de arma blanca en una vivienda, seg\u00fan la Fiscal\u00eda del Condado de Middlesex, Nueva Jersey.\n    <\/p>\n<p class=\"paragraph inline-placeholder vossi-paragraph\" data-uri=\"es.cms.cnn.com\/_components\/paragraph\/instances\/cmjp39ecs00023b6ixkk1wkfb@published\" data-editable=\"text\" data-component-name=\"paragraph\" data-article-gutter=\"true\">\n            Ten\u00eda toda la vida por delante, seg\u00fan una cuenta de GoFundMe creada por la t\u00eda de Smith, Kira Helper. \u201cEra una persona vivaz, cari\u00f1osa y con un talento inmenso\u201d.\n    <\/p>\n<p class=\"paragraph inline-placeholder vossi-paragraph\" data-uri=\"es.cms.cnn.com\/_components\/paragraph\/instances\/cmjp39ect00033b6ivjzoke1e@published\" data-editable=\"text\" data-component-name=\"paragraph\" data-article-gutter=\"true\">\n            El 21 de diciembre, poco despu\u00e9s de las 9:15 a. m., las autoridades de Edison, Nueva Jersey, recibieron una llamada al 911 sobre un apu\u00f1alamiento, <a href=\"https:\/\/www.middlesexcountynj.gov\/Home\/Components\/News\/News\/1874\/736\" target=\"_blank\" rel=\"nofollow noopener\">seg\u00fan un comunicado<\/a>.\n    <\/p>\n<p class=\"paragraph inline-placeholder vossi-paragraph\" data-uri=\"es.cms.cnn.com\/_components\/paragraph\/instances\/cmjp39ect00043b6i2bpcjtfq@published\" data-editable=\"text\" data-component-name=\"paragraph\" data-article-gutter=\"true\">\n            \u201cAl llegar a una residencia en Grove Avenue, encontraron a Imani Smith, de 26 a\u00f1os, residente de Edison, con heridas de arma blanca\u201d, indica el comunicado. Smith fue trasladada al Hospital Universitario Robert Wood Johnson, donde fue declarada muerta.\n    <\/p>\n<p class=\"paragraph inline-placeholder vossi-paragraph\" data-uri=\"es.cms.cnn.com\/_components\/paragraph\/instances\/cmjp39ect00053b6ivfuqe6px@published\" data-editable=\"text\" data-component-name=\"paragraph\" data-article-gutter=\"true\">\n            Las autoridades arrestaron a Jordan D. Jackson-Small, de 35 a\u00f1os, residente de Edison, en relaci\u00f3n con la muerte de Smith. Las autoridades afirmaron que ambos se conoc\u00edan antes del incidente y lo describieron como \u201cun acto de violencia no fortuito\u201d.\n    <\/p>\n<p class=\"paragraph inline-placeholder vossi-paragraph\" data-uri=\"es.cms.cnn.com\/_components\/paragraph\/instances\/cmjp39ect00063b6is40bznbq@published\" data-editable=\"text\" data-component-name=\"paragraph\" data-article-gutter=\"true\">\n            El padre de Smith, Rawni Helper, declar\u00f3 el s\u00e1bado en una llamada telef\u00f3nica con CNN que Jackson-Small es el padre de su hijo de 3 a\u00f1os.\n    <\/p>\n<p class=\"paragraph inline-placeholder vossi-paragraph\" data-uri=\"es.cms.cnn.com\/_components\/paragraph\/instances\/cmjp39ect00073b6iwzfmxnzr@published\" data-editable=\"text\" data-component-name=\"paragraph\" data-article-gutter=\"true\">\n            Jackson-Small enfrenta varios cargos, seg\u00fan las autoridades, incluyendo asesinato en primer grado y posesi\u00f3n de un arma con fines il\u00edcitos en tercer grado. Actualmente se encuentra recluido en el Centro Correccional para Adultos del Condado de Middlesex, seg\u00fan los registros de la c\u00e1rcel.\n    <\/p>\n<p class=\"paragraph inline-placeholder vossi-paragraph\" data-uri=\"es.cms.cnn.com\/_components\/paragraph\/instances\/cmjp39ect00083b6i79t6jpfm@published\" data-editable=\"text\" data-component-name=\"paragraph\" data-article-gutter=\"true\">\n            CNN contact\u00f3 a su abogado en la oficina de defensores p\u00fablicos del Condado de Middlesex para obtener comentarios.\n    <\/p>\n<p class=\"paragraph inline-placeholder vossi-paragraph\" data-uri=\"es.cms.cnn.com\/_components\/paragraph\/instances\/cmjp39ect00093b6icz5sr720@published\" data-editable=\"text\" data-component-name=\"paragraph\" data-article-gutter=\"true\">\n            Smith trabaj\u00f3 de 2011 a 2012 para \u201cEl Rey Le\u00f3n\u201d de Disney, el tercer espect\u00e1culo de Broadway de mayor duraci\u00f3n, seg\u00fan Playbill.\n    <\/p>\n<p class=\"paragraph inline-placeholder vossi-paragraph\" data-uri=\"es.cms.cnn.com\/_components\/paragraph\/instances\/cmjp39ect000a3b6ieh5wjlbz@published\" data-editable=\"text\" data-component-name=\"paragraph\" data-article-gutter=\"true\">\n            A la ex actriz infantil le sobreviven su hijo, \u201csus padres, sus dos hermanos menores y una familia extensa, amigos y la comunidad que la amaban much\u00edsimo\u201d, seg\u00fan la campa\u00f1a de GoFundMe.\n    <\/p>\n<p class=\"paragraph inline-placeholder vossi-paragraph\" data-uri=\"es.cms.cnn.com\/_components\/paragraph\/instances\/cmjp39ect000b3b6iejbbiixb@published\" data-editable=\"text\" data-component-name=\"paragraph\" data-article-gutter=\"true\">\n            \u201cUna aut\u00e9ntica artista de triple impacto, su papel m\u00e1s destacado fue el de la joven Nala en Broadway, en El Rey Le\u00f3n de Disney, una experiencia que reflej\u00f3 la alegr\u00eda, la creatividad y la luz que infundi\u00f3 en el mundo\u201d, dec\u00eda la publicaci\u00f3n, que ha recaudado m\u00e1s de 70.000 d\u00f3lares.\n    <\/p>\n","protected":false},"excerpt":{"rendered":"CNN \u00a0\u2014\u00a0 Imani Smith, quien interpret\u00f3 a la joven Nala en \u201cEl Rey Le\u00f3n\u201d de Disney en Broadway,&hellip;\n","protected":false},"author":2,"featured_media":310916,"comment_status":"","ping_status":"","sticky":false,"template":"","format":"standard","meta":{"footnotes":""},"categories":[91],"tags":[31831,27945,146,147,25,24,23],"class_list":{"0":"post-310915","1":"post","2":"type-post","3":"status-publish","4":"format-standard","5":"has-post-thumbnail","7":"category-entretenimiento","8":"tag-apunalamiento","9":"tag-broadway","10":"tag-entertainment","11":"tag-entretenimiento","12":"tag-es","13":"tag-espana","14":"tag-spain"},"share_on_mastodon":{"url":"https:\/\/pubeurope.com\/@es\/115795176001386692","error":""},"_links":{"self":[{"href":"https:\/\/www.europesays.com\/es\/wp-json\/wp\/v2\/posts\/310915","targetHints":{"allow":["GET"]}}],"collection":[{"href":"https:\/\/www.europesays.com\/es\/wp-json\/wp\/v2\/posts"}],"about":[{"href":"https:\/\/www.europesays.com\/es\/wp-json\/wp\/v2\/types\/post"}],"author":[{"embeddable":true,"href":"https:\/\/www.europesays.com\/es\/wp-json\/wp\/v2\/users\/2"}],"replies":[{"embeddable":true,"href":"https:\/\/www.europesays.com\/es\/wp-json\/wp\/v2\/comments?post=310915"}],"version-history":[{"count":0,"href":"https:\/\/www.europesays.com\/es\/wp-json\/wp\/v2\/posts\/310915\/revisions"}],"wp:featuredmedia":[{"embeddable":true,"href":"https:\/\/www.europesays.com\/es\/wp-json\/wp\/v2\/media\/310916"}],"wp:attachment":[{"href":"https:\/\/www.europesays.com\/es\/wp-json\/wp\/v2\/media?parent=310915"}],"wp:term":[{"taxonomy":"category","embeddable":true,"href":"https:\/\/www.europesays.com\/es\/wp-json\/wp\/v2\/categories?post=310915"},{"taxonomy":"post_tag","embeddable":true,"href":"https:\/\/www.europesays.com\/es\/wp-json\/wp\/v2\/tags?post=310915"}],"curies":[{"name":"wp","href":"https:\/\/api.w.org\/{rel}","templated":true}]}}