{"id":310921,"date":"2025-12-28T03:57:14","date_gmt":"2025-12-28T03:57:14","guid":{"rendered":"https:\/\/www.europesays.com\/es\/310921\/"},"modified":"2025-12-28T03:57:14","modified_gmt":"2025-12-28T03:57:14","slug":"detienen-a-una-mujer-por-matar-a-sus-dos-exmaridos-el-mismo-dia","status":"publish","type":"post","link":"https:\/\/www.europesays.com\/es\/310921\/","title":{"rendered":"Detienen a una mujer por matar a sus dos exmaridos el mismo d\u00eda"},"content":{"rendered":"<p>\n        Las <strong>autoridades del estado de <\/strong><a href=\"https:\/\/www.noticiasdenavarra.com\/tags\/florida\/\" title=\"Florida\" target=\"_blank\" class=\"link copy\" rel=\"nofollow noopener\"><strong>Florida <\/strong><\/a><strong>(Estados Unidos)<\/strong> resolvieron el pasado <strong>mi\u00e9rcoles d\u00eda 17<\/strong> dos <strong>cr\u00edmenes aparentemente inconexos<\/strong> ocurridos durante ese mismo d\u00eda, al <strong>detener a una mujer<\/strong> que habr\u00eda <strong>matado con un arma de fuego a sus dos exmaridos<\/strong>, por lo que ahora se enfrenta a una <strong>petici\u00f3n de pena de muerte<\/strong>, seg\u00fan revel\u00f3 la <strong>Polic\u00eda<\/strong>.\n<\/p>\n<p>  La acusa antes de morir<\/p>\n<p class=\"article-body__text \">\n        La <strong>mujer<\/strong>, que tiene <strong>51 a\u00f1os<\/strong> y se llama <strong>Susan Avalon<\/strong>, fue <strong>arrestada en su propia vivienda<\/strong> en el <strong>condado de Citrus<\/strong> despu\u00e9s de que la <strong>Polic\u00eda<\/strong> encontrara el pasado mi\u00e9rcoles <strong>herida de bala<\/strong> a una de las <strong>v\u00edctimas<\/strong>, que <strong>falleci\u00f3 horas despu\u00e9s en el hospital<\/strong> al no poder superar los <strong>da\u00f1os<\/strong> que le hab\u00eda producido su <strong>exmujer<\/strong> con los <a href=\"https:\/\/www.noticiasdenavarra.com\/ciclismo\/2025\/12\/22\/coche-dispara-equipo-ciclistas-durante-10505480.html\" title=\"disparos\" target=\"_blank\" class=\"link copy\" rel=\"nofollow noopener\">disparos<\/a>.\n<\/p>\n<p>            <a href=\"https:\/\/www.noticiasdenavarra.com\/mundo\/2025\/11\/28\/exmarido-gisele-pelicot-violador-libro-10410969.html\" title=\"El exmarido de Gis\u00e8le Pelicot, encarcelado por permitir su violaci\u00f3n durante casi una d\u00e9cada, quiere publicar un libro\" class=\"new__media\" rel=\"nofollow noopener\" target=\"_blank\"><\/p>\n<p>                <img alt=\"El exmarido de Gis\u00e8le Pelicot, encarcelado por permitir su violaci\u00f3n durante casi una d\u00e9cada, quiere publicar un libro\" data-src=\"https:\/\/www.europesays.com\/es\/wp-content\/uploads\/2025\/12\/8c25b54b-866a-45f1-8d48-96c813f8263d_16-9-aspect-ratio_default_0_x958y539.jpg\" class=\"lozad\"\/><\/p>\n<p>        <\/a><\/p>\n<p>        <a href=\"https:\/\/www.noticiasdenavarra.com\/mundo\/2025\/11\/28\/exmarido-gisele-pelicot-violador-libro-10410969.html\" title=\"El exmarido de Gis\u00e8le Pelicot, encarcelado por permitir su violaci\u00f3n durante casi una d\u00e9cada, quiere publicar un libro\" class=\"new__headline\" rel=\"nofollow noopener\" target=\"_blank\"><br \/>\n            El exmarido de Gis\u00e8le Pelicot, encarcelado por permitir su violaci\u00f3n durante casi una d\u00e9cada, quiere publicar un libro<br \/>\n        <\/a><\/p>\n<p class=\"article-body__text \">\n        Antes de su <strong>fallecimiento<\/strong>, el <strong>hombre<\/strong>, que resid\u00eda en el <strong>condado de Manatee<\/strong>, tuvo tiempo de <strong>hablar con los agentes<\/strong>. Se encontraba <strong>consciente<\/strong> y les explic\u00f3 que una persona, a la que identific\u00f3 como su <strong>exesposa con nombre y apellido<\/strong>, hab\u00eda <strong>llamado a la puerta de su casa<\/strong> y le hab\u00eda <strong>disparado<\/strong> ante la presencia de su <strong>hija<\/strong> y sin que le diera tiempo a <strong>reaccionar<\/strong> para evitar las <strong>balas<\/strong>.\n<\/p>\n<p>  Cr\u00edmenes relacionados<\/p>\n<p class=\"article-body__text \">\n        En el marco de la <strong>investigaci\u00f3n<\/strong>, la <strong>Polic\u00eda<\/strong> relacion\u00f3 a <strong>Avalon<\/strong> con otro <strong>asesinato<\/strong> reportado en la <strong>ciudad de Tampa<\/strong>, en el que hab\u00eda muerto su <strong>otro exmarido<\/strong> el mismo d\u00eda tambi\u00e9n a causa de las <strong>heridas de bala<\/strong>, seg\u00fan indic\u00f3 en una <strong>conferencia de prensa<\/strong> el <strong>sheriff del condado de Manatee<\/strong>, <strong>Rick Wells<\/strong>, que avanz\u00f3 que van a <strong>pedir la pena capital<\/strong> contra la <strong>autora de las dos muertes<\/strong>.\n<\/p>\n<p class=\"article-body__text \">\n        Las <strong>autoridades<\/strong> descubrieron la <strong>conexi\u00f3n entre ambos cr\u00edmenes<\/strong> casi por casualidad al <strong>interrogar a Susan Avalon<\/strong> por el <strong>primer asesinato<\/strong>. \u00ab<strong>Los detectives le informaron de que estaban all\u00ed para hablar sobre su exmarido<\/strong>\u00ab, dijo <strong>Wells<\/strong>. \u00ab<strong>Ella pregunt\u00f3: &#8216;\u00bfCu\u00e1l?&#8217;<\/strong>\u00ab, a\u00f1adi\u00f3 el <strong>sheriff<\/strong>.\n<\/p>\n<p>  No da motivos<\/p>\n<p class=\"article-body__text \">\n        Seg\u00fan las <strong>pesquisas<\/strong>, los <strong>agentes<\/strong> creen que <strong>Avalon<\/strong> mat\u00f3 en primer lugar a su <strong>primer exmarido en Tampa<\/strong> y posteriormente se dirigi\u00f3 a casa del <strong>segundo<\/strong>, en el <strong>condado de Manatee<\/strong>, para acabar tambi\u00e9n con \u00e9l de la <strong>misma forma<\/strong> y con la <strong>misma arma de fuego<\/strong>.\n<\/p>\n<p>            <a href=\"https:\/\/www.noticiasdenavarra.com\/sucesos\/2025\/08\/05\/nino-14-anos-mata-padres-9953467.html\" title=\"Un ni\u00f1o de 14 a\u00f1os mata a sus padres en Florida y llama a la polic\u00eda para entregarse\" class=\"new__media\" rel=\"nofollow noopener\" target=\"_blank\"><\/p>\n<p>                <img alt=\"Un ni\u00f1o de 14 a\u00f1os mata a sus padres en Florida y llama a la polic\u00eda para entregarse\" data-src=\"https:\/\/www.europesays.com\/es\/wp-content\/uploads\/2025\/12\/da7a59ba-1a5b-45e0-bdef-6926f73cde5e_16-9-aspect-ratio_default_0.jpg\" class=\"lozad\"\/><\/p>\n<p>        <\/a><\/p>\n<p>        <a href=\"https:\/\/www.noticiasdenavarra.com\/sucesos\/2025\/08\/05\/nino-14-anos-mata-padres-9953467.html\" title=\"Un ni\u00f1o de 14 a\u00f1os mata a sus padres en Florida y llama a la polic\u00eda para entregarse\" class=\"new__headline\" rel=\"nofollow noopener\" target=\"_blank\"><br \/>\n            Un ni\u00f1o de 14 a\u00f1os mata a sus padres en Florida y llama a la polic\u00eda para entregarse<br \/>\n        <\/a><\/p>\n<p class=\"article-body__text \">\n        <strong>Avalon<\/strong> no ha desvelado en los <strong>interrogatorios<\/strong> a los que ha sido sometida los <strong>motivos de las muertes<\/strong>, seg\u00fan <strong>Wells<\/strong>, que precis\u00f3 que la <strong>mujer<\/strong> no era ni mucho menos una <strong>desconocida para la Polic\u00eda<\/strong>, ya que ya hab\u00eda sido <strong>arrestada previamente<\/strong> acusada de <strong>abuso infantil<\/strong> y por <strong>disputas con la custodia de su hija<\/strong>.<\/p>\n","protected":false},"excerpt":{"rendered":"Las autoridades del estado de Florida (Estados Unidos) resolvieron el pasado mi\u00e9rcoles d\u00eda 17 dos cr\u00edmenes aparentemente inconexos&hellip;\n","protected":false},"author":2,"featured_media":310922,"comment_status":"","ping_status":"","sticky":false,"template":"","format":"standard","meta":{"footnotes":""},"categories":[42],"tags":[17,18,13401,978,1563,73167,13,14,11,61,62,63,64,19,20,12475,11018,2461,9,10,15,16,12,21,22,65,66,67],"class_list":{"0":"post-310921","1":"post","2":"type-post","3":"status-publish","4":"format-standard","5":"has-post-thumbnail","7":"category-internacional","8":"tag-breaking-news","9":"tag-breakingnews","10":"tag-detienen","11":"tag-dia","12":"tag-dos","13":"tag-exmaridos","14":"tag-featured-news","15":"tag-featurednews","16":"tag-headlines","17":"tag-internacional","18":"tag-international","19":"tag-international-news","20":"tag-internationalnews","21":"tag-latest-news","22":"tag-latestnews","23":"tag-matar","24":"tag-mismo","25":"tag-mujer","26":"tag-news","27":"tag-noticias","28":"tag-noticias-destacadas","29":"tag-noticiasdestacadas","30":"tag-titulares","31":"tag-ultimas-noticias","32":"tag-ultimasnoticias","33":"tag-world","34":"tag-world-news","35":"tag-worldnews"},"share_on_mastodon":{"url":"https:\/\/pubeurope.com\/@es\/115795187638586035","error":""},"_links":{"self":[{"href":"https:\/\/www.europesays.com\/es\/wp-json\/wp\/v2\/posts\/310921","targetHints":{"allow":["GET"]}}],"collection":[{"href":"https:\/\/www.europesays.com\/es\/wp-json\/wp\/v2\/posts"}],"about":[{"href":"https:\/\/www.europesays.com\/es\/wp-json\/wp\/v2\/types\/post"}],"author":[{"embeddable":true,"href":"https:\/\/www.europesays.com\/es\/wp-json\/wp\/v2\/users\/2"}],"replies":[{"embeddable":true,"href":"https:\/\/www.europesays.com\/es\/wp-json\/wp\/v2\/comments?post=310921"}],"version-history":[{"count":0,"href":"https:\/\/www.europesays.com\/es\/wp-json\/wp\/v2\/posts\/310921\/revisions"}],"wp:featuredmedia":[{"embeddable":true,"href":"https:\/\/www.europesays.com\/es\/wp-json\/wp\/v2\/media\/310922"}],"wp:attachment":[{"href":"https:\/\/www.europesays.com\/es\/wp-json\/wp\/v2\/media?parent=310921"}],"wp:term":[{"taxonomy":"category","embeddable":true,"href":"https:\/\/www.europesays.com\/es\/wp-json\/wp\/v2\/categories?post=310921"},{"taxonomy":"post_tag","embeddable":true,"href":"https:\/\/www.europesays.com\/es\/wp-json\/wp\/v2\/tags?post=310921"}],"curies":[{"name":"wp","href":"https:\/\/api.w.org\/{rel}","templated":true}]}}