{"id":310923,"date":"2025-12-28T04:03:15","date_gmt":"2025-12-28T04:03:15","guid":{"rendered":"https:\/\/www.europesays.com\/es\/310923\/"},"modified":"2025-12-28T04:03:15","modified_gmt":"2025-12-28T04:03:15","slug":"julia-lopez-la-segunda-mejor-golfista-espanola-en-su-primer-ano-en-el-lpga-tour","status":"publish","type":"post","link":"https:\/\/www.europesays.com\/es\/310923\/","title":{"rendered":"Julia L\u00f3pez, la segunda mejor golfista espa\u00f1ola en su primer a\u00f1o en el LPGA Tour"},"content":{"rendered":"<p><a class=\"v-mdl-ath__fig-a\" href=\"https:\/\/www.diariosur.es\/autor\/jorge-garrido-6979.html\" title=\"Jorge Garrido\" rel=\"nofollow noopener\" target=\"_blank\"><br \/>\n<img decoding=\"async\" class=\"v-mdl-ath__img\" src=\"https:\/\/www.europesays.com\/es\/wp-content\/uploads\/2025\/10\/autor-6979-foto-1.jpeg\" alt=\"Jorge Garrido\"\/><br \/>\n<\/a><\/p>\n<p class=\"v-mdl-ath__p v-mdl-ath__p--6\">\nS\u00e1bado, 27 de diciembre 2025, 16:07<\/p>\n<p>| Actualizado 16:30h.<\/p>\n<p class=\"v-p\">El ascenso de Julia L\u00f3pez en este 2025 ha sido mete\u00f3rico, muy pocas veces visto en el golf espa\u00f1ol. En su primer a\u00f1o como profesional ( &#8230; fue la &#8216;amateur&#8217; n\u00famero uno del mundo en 2024), la benahavile\u00f1a de 22 a\u00f1os cierra el 2025 como la segunda mejor golfista nacional en el LPGA Tour (68\u00aa del mundo), s\u00f3lo por detr\u00e1s de la veterana navarra Carlota Ciganda, y ha escalado m\u00e1s de 500 puestos esta temporada. M\u00e1s all\u00e1 de debutar en el US Open (su primer &#8216;grande&#8217;), en el que acab\u00f3 en el &#8216;top-20&#8217; con una actuaci\u00f3n brillante, su resultado de mayor relevancia este a\u00f1o fue un tercer puesto en el Open de Escocia. La malague\u00f1a ha sido capaz de pasar el corte en 15 torneos esta temporada, un logro de un merito may\u00fasculo.<\/p>\n<p class=\"v-p\">Este a\u00f1o ha sido el del crecimiento y la consagraci\u00f3n de Julia L\u00f3pez, en el que ha demostrado que est\u00e1 llamada a dejar huella en la historia del golf malague\u00f1o, tomando el relevo de la sampedre\u00f1a Azahara Mu\u00f1oz, ya con 38 a\u00f1os.<\/p>\n<p class=\"v-crt__t\"> L\u00edmite de sesiones alcanzadas<\/p>\n<p class=\"v-crt__p\">El acceso al contenido Premium est\u00e1 abierto por cortes\u00eda del establecimiento donde te encuentras, pero ahora mismo hay demasiados usuarios conectados a las vez.<\/p>\n<p class=\"v-crt__p\">Por favor, int\u00e9ntalo pasados unos minutos.<\/p>\n<p>\nVolver a intentar\n<\/p>\n<p class=\"v-crt__t\">Sesi\u00f3n cerrada<\/p>\n<p class=\"v-crt__p\">Al iniciar sesi\u00f3n desde un dispositivo distinto, por seguridad, se cerr\u00f3 la \u00faltima sesi\u00f3n en este.<\/p>\n<p class=\"v-crt__p\">Para continuar disfrutando de su suscripci\u00f3n digital, inicie sesi\u00f3n en este dispositivo.<\/p>\n<p>\nEste contenido es exclusivo para suscriptores\n<\/p>\n<p>Reporta un error<\/p>\n","protected":false},"excerpt":{"rendered":"S\u00e1bado, 27 de diciembre 2025, 16:07 | Actualizado 16:30h. El ascenso de Julia L\u00f3pez en este 2025 ha&hellip;\n","protected":false},"author":2,"featured_media":310924,"comment_status":"","ping_status":"","sticky":false,"template":"","format":"standard","meta":{"footnotes":""},"categories":[275],"tags":[1611,168,25,24,2501,329,5832,18772,7355,32107,1684,73168,3745,23,167,316],"class_list":{"0":"post-310923","1":"post","2":"type-post","3":"status-publish","4":"format-standard","5":"has-post-thumbnail","7":"category-golf","8":"tag-ano","9":"tag-deportes","10":"tag-es","11":"tag-espana","12":"tag-espanola","13":"tag-golf","14":"tag-golfista","15":"tag-julia","16":"tag-lopez","17":"tag-lpga","18":"tag-mejor","19":"tag-rookie","20":"tag-segunda","21":"tag-spain","22":"tag-sports","23":"tag-tour"},"share_on_mastodon":{"url":"https:\/\/pubeurope.com\/@es\/115795211654238027","error":""},"_links":{"self":[{"href":"https:\/\/www.europesays.com\/es\/wp-json\/wp\/v2\/posts\/310923","targetHints":{"allow":["GET"]}}],"collection":[{"href":"https:\/\/www.europesays.com\/es\/wp-json\/wp\/v2\/posts"}],"about":[{"href":"https:\/\/www.europesays.com\/es\/wp-json\/wp\/v2\/types\/post"}],"author":[{"embeddable":true,"href":"https:\/\/www.europesays.com\/es\/wp-json\/wp\/v2\/users\/2"}],"replies":[{"embeddable":true,"href":"https:\/\/www.europesays.com\/es\/wp-json\/wp\/v2\/comments?post=310923"}],"version-history":[{"count":0,"href":"https:\/\/www.europesays.com\/es\/wp-json\/wp\/v2\/posts\/310923\/revisions"}],"wp:featuredmedia":[{"embeddable":true,"href":"https:\/\/www.europesays.com\/es\/wp-json\/wp\/v2\/media\/310924"}],"wp:attachment":[{"href":"https:\/\/www.europesays.com\/es\/wp-json\/wp\/v2\/media?parent=310923"}],"wp:term":[{"taxonomy":"category","embeddable":true,"href":"https:\/\/www.europesays.com\/es\/wp-json\/wp\/v2\/categories?post=310923"},{"taxonomy":"post_tag","embeddable":true,"href":"https:\/\/www.europesays.com\/es\/wp-json\/wp\/v2\/tags?post=310923"}],"curies":[{"name":"wp","href":"https:\/\/api.w.org\/{rel}","templated":true}]}}