{"id":310925,"date":"2025-12-28T04:07:13","date_gmt":"2025-12-28T04:07:13","guid":{"rendered":"https:\/\/www.europesays.com\/es\/310925\/"},"modified":"2025-12-28T04:07:13","modified_gmt":"2025-12-28T04:07:13","slug":"el-hla-alicante-despide-el-2025-con-un-partido-trampa","status":"publish","type":"post","link":"https:\/\/www.europesays.com\/es\/310925\/","title":{"rendered":"El HLA Alicante despide el 2025 con un partido trampa"},"content":{"rendered":"<p class=\"ft-text ft-helper-closenews\">El <strong>HLA Alicante<\/strong> afronta este domingo (12:30 horas, Pedro Ferr\u00e1ndiz) un compromiso ante el FC Cartagena CB en un encuentro que se presenta como un aut\u00e9ntico <strong>partido trampa<\/strong> pese a la diferencia clasificatoria entre ambos conjuntos.<\/p>\n<p class=\"ft-text\">El equipo de <a class=\"ft-link ft-link--decoration\" href=\"https:\/\/www.informacion.es\/deportes\/2025\/12\/26\/perello-previa-hla-cartagena-invito-125154665.html\" target=\"_blank\" rel=\"nofollow noopener\">Rub\u00e9n Perell\u00f3<\/a>, tercero con un balance de 9-3, llega en un buen momento de confianza tras sumar dos victorias consecutivas, ante Fuenlabrada y Tizona Burgos, pero es consciente de que necesitar\u00e1 <strong>ofrecer su mejor versi\u00f3n<\/strong> para mantener la din\u00e1mica positiva como local.<\/p>\n<p class=\"ft-text\">El conjunto alicantino ha construido gran parte de su fortaleza en el Pedro Ferr\u00e1ndiz, donde el nivel de concentraci\u00f3n, el ritmo defensivo y la aportaci\u00f3n colectiva marcan la diferencia. Sin embargo, el cuerpo t\u00e9cnico ha insistido durante la semana en la importancia de no relajarse ante un rival que, pese a los resultados, cuenta con una plantilla de calidad y experiencia en la categor\u00eda.<\/p>\n<p>Nueve derrotas consecutivas<\/p>\n<p class=\"ft-text\">El FC Cartagena CB, dirigido por <strong>F\u00e9lix Alonso<\/strong>, atraviesa una racha negativa de resultados, nueve derrotas consecutivas, que no refleja del todo su potencial real. Los cartageneros ocupan la 16\u00aa posici\u00f3n con un balance de 2-10 y llegan a Alicante con la necesidad de reaccionar.<\/p>\n<p><img decoding=\"async\" src=\"https:\/\/www.europesays.com\/es\/wp-content\/uploads\/2025\/12\/f3509e82-f686-46e7-a4b4-4ea9fa9fce6a_alta-libre-aspect-ratio_default_0.jpg\" width=\"1200\" height=\"800\" alt=\"HLA Alicante-Fuenlabrada\" class=\"ft-helper-img-rd\" loading=\"lazy\"\/><\/p>\n<p class=\"ft-helper-fontColor-quaternary ft-helper-fontSize-body-S ft-helper-spacer-t-xxs\">Rub\u00e9n Perell\u00f3 da indicaciones a sus jugadores  \/ Pilar Cort\u00e9s<\/p>\n<p class=\"ft-text\">En el plano individual las miradas estar\u00e1n puestas en el duelo interior entre <strong>V\u00edtor Faverani<\/strong> y <strong>Kevin Larsen<\/strong>. El p\u00edvot brasile\u00f1o es la gran referencia de Cartagena, con 12,5 puntos, 7,5 rebotes y 16,8 de valoraci\u00f3n media, mientras que el dan\u00e9s del HLA Alicante es clave en el juego ofensivo y defensivo de los locales.<\/p>\n<p class=\"ft-text\">El choque, \u00faltimo de 2025, exigir\u00e1 al HLA Alicante un alto nivel de intensidad, concentraci\u00f3n y disciplina t\u00e1ctica durante los cuarenta minutos para evitar que Cartagena se sienta c\u00f3modo. n<\/p>\n<p data-close=\"closedContent\" class=\"subscribeHideForDisplay\">Suscr\u00edbete para seguir leyendo<\/p>\n","protected":false},"excerpt":{"rendered":"El HLA Alicante afronta este domingo (12:30 horas, Pedro Ferr\u00e1ndiz) un compromiso ante el FC Cartagena CB en&hellip;\n","protected":false},"author":2,"featured_media":310926,"comment_status":"","ping_status":"","sticky":false,"template":"","format":"standard","meta":{"footnotes":""},"categories":[269],"tags":[45,2206,299,298,168,6193,25,24,11906,4992,1045,3917,23,167],"class_list":{"0":"post-310925","1":"post","2":"type-post","3":"status-publish","4":"format-standard","5":"has-post-thumbnail","7":"category-baloncesto","8":"tag-45","9":"tag-alicante","10":"tag-baloncesto","11":"tag-basketball","12":"tag-deportes","13":"tag-despide","14":"tag-es","15":"tag-espana","16":"tag-hla","17":"tag-hla-alicante","18":"tag-partido","19":"tag-primera-feb","20":"tag-spain","21":"tag-sports"},"share_on_mastodon":{"url":"https:\/\/pubeurope.com\/@es\/115795227575619553","error":""},"_links":{"self":[{"href":"https:\/\/www.europesays.com\/es\/wp-json\/wp\/v2\/posts\/310925","targetHints":{"allow":["GET"]}}],"collection":[{"href":"https:\/\/www.europesays.com\/es\/wp-json\/wp\/v2\/posts"}],"about":[{"href":"https:\/\/www.europesays.com\/es\/wp-json\/wp\/v2\/types\/post"}],"author":[{"embeddable":true,"href":"https:\/\/www.europesays.com\/es\/wp-json\/wp\/v2\/users\/2"}],"replies":[{"embeddable":true,"href":"https:\/\/www.europesays.com\/es\/wp-json\/wp\/v2\/comments?post=310925"}],"version-history":[{"count":0,"href":"https:\/\/www.europesays.com\/es\/wp-json\/wp\/v2\/posts\/310925\/revisions"}],"wp:featuredmedia":[{"embeddable":true,"href":"https:\/\/www.europesays.com\/es\/wp-json\/wp\/v2\/media\/310926"}],"wp:attachment":[{"href":"https:\/\/www.europesays.com\/es\/wp-json\/wp\/v2\/media?parent=310925"}],"wp:term":[{"taxonomy":"category","embeddable":true,"href":"https:\/\/www.europesays.com\/es\/wp-json\/wp\/v2\/categories?post=310925"},{"taxonomy":"post_tag","embeddable":true,"href":"https:\/\/www.europesays.com\/es\/wp-json\/wp\/v2\/tags?post=310925"}],"curies":[{"name":"wp","href":"https:\/\/api.w.org\/{rel}","templated":true}]}}