{"id":310927,"date":"2025-12-28T04:08:15","date_gmt":"2025-12-28T04:08:15","guid":{"rendered":"https:\/\/www.europesays.com\/es\/310927\/"},"modified":"2025-12-28T04:08:15","modified_gmt":"2025-12-28T04:08:15","slug":"jorge-molina-el-betis-puede-aspirar-a-todo-tiene-la-plantilla-mas-completa-de-los-ultimos-anos","status":"publish","type":"post","link":"https:\/\/www.europesays.com\/es\/310927\/","title":{"rendered":"Jorge Molina: \u00abEl Betis puede aspirar a todo; tiene la plantilla m\u00e1s completa de los \u00faltimos a\u00f1os\u00bb"},"content":{"rendered":"<p>El m\u00edtico delantero verdiblanco, ahora entrenador y comentarista, cree que, incluso sin Isco, \u00abposiblemente el mejor jugador\u00bb de la plantilla, hay opciones de \u00e9xito en las tres competiciones<\/p>\n<p class=\"parrafo\">\u00abCreo que el <strong>Real Betis<\/strong> ha tenido un <strong>crecimiento<\/strong> <strong>constante<\/strong> temporada a temporada y <strong>tiene la plantilla m\u00e1s completa de todos estos \u00faltimos a\u00f1os<\/strong>. Tiene mucha <strong>variedad<\/strong>, diferentes opciones, jugadores desequilibrantes. Y eso que ahora mismo no tiene disponible posiblemente al mejor jugador, que es <strong>Isco Alarc\u00f3n<\/strong>, con esa lesi\u00f3n y <a href=\"https:\/\/www.estadiodeportivo.com\/futbol\/betis\/las-peores-noticias-con-isco-que-lunes-pasa-otra-vez-por-quirofano-nuevo-tiempo-baja-partidos-que-perderia-20251227-524954.html\" target=\"_blank\" class=\"intext-link\" rel=\"nofollow noopener\">despu\u00e9s con esa acci\u00f3n fortuita<\/a> con <strong>Sofyan<\/strong> <strong>Amrabat<\/strong>. Pero creo que tiene un equipo muy completo en todos los sentidos y que <strong>puede aspirar a todo por lo que est\u00e1 peleando<\/strong>. A entrar en <strong>Europa<\/strong>; <strong>a ver si le da para ese escaloncito de m\u00e1s para entrar en Champion<\/strong><strong>s<\/strong>, que al final eso siempre es mucho m\u00e1s complicado. Pero bueno, <strong>le puede dar<\/strong>; de hecho, los equipos de <strong>Pellegrini<\/strong> a lo largo de la temporada siempre van un poquito <strong>de menos o m\u00e1s<\/strong>, y este a\u00f1o va muy bien y est\u00e1 teniendo, sobre todo, una <strong>regularidad<\/strong>, porque fuera de casa creo que ha perdido un partido de los \u00faltimos no s\u00e9 cu\u00e1ntos, que vi el otro d\u00eda los datos. Despu\u00e9s, en competici\u00f3n europea, ahora mismo ya est\u00e1 clasificado, le falta un pasito para entrar dentro de esos ocho primeros clasificados que te quita una ronda y despu\u00e9s en <strong>Copa<\/strong> pues a ver, siempre es una competici\u00f3n que motiva mucho al <strong>Betis<\/strong>\u00ab, confiesa <strong>Jorge Molina<\/strong> en una entrevista con &#8216;JotDown&#8217;.<\/p>\n<p>Historia viva del Real Betis y pareja de baile de Rub\u00e9n Castro<\/p>\n<p class=\"parrafo\">\u00abEn cuanto a opciones, evidentemente tuve m\u00e1s, porque es verdad que fue un a\u00f1o muy bueno; fueron <strong>26 goles<\/strong> y qued\u00e9 <strong>Pichichi<\/strong> en <strong>Segunda divisi\u00f3n<\/strong>, y eso te abre las puertas. Pero el <strong>Betis<\/strong> s\u00ed que es verdad que, aunque ese a\u00f1o estaba en <strong>Segunda<\/strong> y no consigui\u00f3 subir, es un club de <strong>Primera divisi\u00f3n<\/strong> por todo; en cuanto a <strong>afici\u00f3n<\/strong>, en cuanto a <strong>estadio<\/strong>, en cuanto a todo&#8230; No de <strong>Primera divisi\u00f3n<\/strong>, sino de los mejores de <strong>Primera<\/strong> <strong>divisi\u00f3n<\/strong>, no a lo mejor en cuanto a t\u00edtulos, pero s\u00ed en cuanto a todo lo dem\u00e1s. Es un club que cre\u00eda que me pod\u00eda hacer <strong>crecer<\/strong>, que me pod\u00eda dar ese pasito que me faltaba para llegar a <strong>Primera<\/strong> y, despu\u00e9s, incluso a <strong>Europa<\/strong>. Ahora ya vi\u00e9ndolo a toro pasado creo que <strong>fue una decisi\u00f3n totalmente acertad<\/strong><strong>a<\/strong>. Pas\u00e9 unos a\u00f1os muy buenos all\u00ed. S\u00e9 que hubo inter\u00e9s de muchos equipos, pero en el momento en que mi representante me dijo que estaba la oportunidad del <strong>Betis<\/strong>, le dije que es donde quer\u00eda ir y que hiciera todo lo posible para que saliera adelante\u00bb, rememora <strong>Jorge Molina<\/strong>, historia viva en verdiblanco tras formar <a href=\"https:\/\/www.estadiodeportivo.com\/betis\/2017\/12\/27\/ruben-castro-el-mejor-socio-de-jorge-molina\/137230.html\" target=\"_blank\" class=\"intext-link\" rel=\"nofollow noopener\">una pareja letal con Rub\u00e9n Castro<\/a>. As\u00ed, si el canario es el m\u00e1ximo goleador de la historia del club, el de <strong>Alcoy<\/strong> aparece s\u00f3lo un poco por detr\u00e1s: s\u00e9ptimo, con <strong>77 tantos <\/strong>(y <strong>19 asistencias<\/strong>) en <strong>211 partidos<\/strong>.<\/p>\n<p><img decoding=\"async\" src=\"https:\/\/www.europesays.com\/es\/wp-content\/uploads\/2025\/12\/9e0b4f66-3b94-4d09-abd2-74cb8512f3df_800x999.jpeg\" loading=\"lazy\"\/><a class=\"elementos-rel-t2\" href=\"https:\/\/www.estadiodeportivo.com\/futbol\/granada\/vuelta-jorge-molina-20250608-498603.html\" title=\"La vuelta de Jorge Molina\" rel=\"nofollow noopener\" target=\"_blank\"><\/p>\n<p class=\"titular titulo-4\">La vuelta de Jorge Molina<\/p>\n<p><img decoding=\"async\" src=\"https:\/\/www.europesays.com\/es\/wp-content\/uploads\/2025\/12\/41ebac77-992c-464c-b08a-985555385c05_320x180.jpeg\" alt=\"La vuelta de Jorge Molina\"\/><\/a><a class=\"elementos-rel-t2\" href=\"https:\/\/www.estadiodeportivo.com\/betis\/2016\/05\/12\/jorge-molina-se-despide-del-betis-entre-lagrimas\/71551.html\" title=\"Jorge Molina se despide del Betis entre l\u00e1grimas\" rel=\"nofollow noopener\" target=\"_blank\"><\/p>\n<p class=\"titular titulo-4\">Jorge Molina se despide del Betis entre l\u00e1grimas<\/p>\n<p><img decoding=\"async\" src=\"https:\/\/www.europesays.com\/es\/wp-content\/uploads\/2025\/12\/despedida-jorge-molina-betis.jpg\" alt=\"Jorge Molina se despide del Betis entre l\u00e1grimas\"\/><\/a><a class=\"elementos-rel-t2\" href=\"https:\/\/www.estadiodeportivo.com\/betis\/2013\/03\/05\/ruben-castro-y-molina-la-mejor-dupla-de-los-mortales-\/1327.html\" title=\"Rub\u00e9n Castro y Molina, la mejor dupla de los \u00b4mortales\u00b4\" rel=\"nofollow noopener\" target=\"_blank\"><\/p>\n<p class=\"titular titulo-4\">Rub\u00e9n Castro y Molina, la mejor dupla de los \u00b4mortales\u00b4<\/p>\n<p><img decoding=\"async\" src=\"https:\/\/www.europesays.com\/es\/wp-content\/uploads\/2025\/12\/dupla.jpg\" alt=\"Rub\u00e9n Castro y Molina, la mejor dupla de los \u00b4mortales\u00b4\"\/><\/a><img decoding=\"async\" src=\"https:\/\/www.europesays.com\/es\/wp-content\/uploads\/2025\/12\/504def0c-825e-40c1-9d2b-2825bba996a6_800x533.jpeg\" loading=\"lazy\"\/>Entrenador del Arenas de Armilla y comentarista de TV<\/p>\n<p class=\"parrafo\">\u00abEs una experiencia nueva que surgi\u00f3 este a\u00f1o; me llamaron por si quer\u00eda ir a comentar los partidos del <strong>Betis<\/strong> en <strong>Europa<\/strong>, y es verdad que en un primer momento dud\u00e9, un poco por <strong>log\u00edstica<\/strong>, porque yo estoy entrenando aqu\u00ed en <strong>Granada<\/strong> y no sab\u00eda si me iba a dar tiempo. Estoy <strong>adapt\u00e1ndome<\/strong> un poquito y corriendo cuando salgo de los entrenos para los aviones y dem\u00e1s; lo podemos adaptar. Pero muy bien, estoy disfrutando de la experiencia, tambi\u00e9n intentando hacerlo lo mejor posible e intentando <strong>soltarme<\/strong> cada vez m\u00e1s. Al principio pues siempre tienes un poquito m\u00e1s de <strong>nervios<\/strong>, pero tambi\u00e9n cuentas con la experiencia de haber estado muchos a\u00f1os ya haciendo entrevistas e intentando aprovecharlo para sentirme m\u00e1s c\u00f3modo. Pero es verdad que est\u00e1 siendo bonito y estoy disfrutando\u00bb, afirma sobre su debut como comentarista en Movistar Plus, lo que compagina con su actividad ya como t\u00e9cnico en solitario del <strong>Arenas de Armilla<\/strong> del <strong>Grupo 9 de Tercera RFEF<\/strong>, ahora mismo en &#8216;play off&#8217; de ascenso, donde quiere poner en pr\u00e1ctica las ense\u00f1anzas de sus referentes en los banquillos: <strong>Pepe Mel<\/strong>, <strong>Paco L\u00f3pez<\/strong> (del que fue ayudante en el <strong>Granada CF<\/strong>) y <strong>Jos\u00e9 Bordal\u00e1s<\/strong>.<\/p>\n<p><img decoding=\"async\" src=\"https:\/\/www.europesays.com\/es\/wp-content\/uploads\/2025\/12\/af256eda-5385-4d40-b007-42fb1a171124_800x450.jpeg\" loading=\"lazy\"\/><\/p>\n","protected":false},"excerpt":{"rendered":"El m\u00edtico delantero verdiblanco, ahora entrenador y comentarista, cree que, incluso sin Isco, \u00abposiblemente el mejor jugador\u00bb de&hellip;\n","protected":false},"author":2,"featured_media":310928,"comment_status":"","ping_status":"","sticky":false,"template":"","format":"standard","meta":{"footnotes":""},"categories":[268],"tags":[168,25,24,284,280,282,13349,286,281,23,167],"class_list":{"0":"post-310927","1":"post","2":"type-post","3":"status-publish","4":"format-standard","5":"has-post-thumbnail","7":"category-futbol","8":"tag-deportes","9":"tag-es","10":"tag-espana","11":"tag-estadio-deportivo","12":"tag-football","13":"tag-futbol","14":"tag-jorge-molina","15":"tag-real-betis-balompie","16":"tag-soccer","17":"tag-spain","18":"tag-sports"},"share_on_mastodon":{"url":"https:\/\/pubeurope.com\/@es\/115795231307369698","error":""},"_links":{"self":[{"href":"https:\/\/www.europesays.com\/es\/wp-json\/wp\/v2\/posts\/310927","targetHints":{"allow":["GET"]}}],"collection":[{"href":"https:\/\/www.europesays.com\/es\/wp-json\/wp\/v2\/posts"}],"about":[{"href":"https:\/\/www.europesays.com\/es\/wp-json\/wp\/v2\/types\/post"}],"author":[{"embeddable":true,"href":"https:\/\/www.europesays.com\/es\/wp-json\/wp\/v2\/users\/2"}],"replies":[{"embeddable":true,"href":"https:\/\/www.europesays.com\/es\/wp-json\/wp\/v2\/comments?post=310927"}],"version-history":[{"count":0,"href":"https:\/\/www.europesays.com\/es\/wp-json\/wp\/v2\/posts\/310927\/revisions"}],"wp:featuredmedia":[{"embeddable":true,"href":"https:\/\/www.europesays.com\/es\/wp-json\/wp\/v2\/media\/310928"}],"wp:attachment":[{"href":"https:\/\/www.europesays.com\/es\/wp-json\/wp\/v2\/media?parent=310927"}],"wp:term":[{"taxonomy":"category","embeddable":true,"href":"https:\/\/www.europesays.com\/es\/wp-json\/wp\/v2\/categories?post=310927"},{"taxonomy":"post_tag","embeddable":true,"href":"https:\/\/www.europesays.com\/es\/wp-json\/wp\/v2\/tags?post=310927"}],"curies":[{"name":"wp","href":"https:\/\/api.w.org\/{rel}","templated":true}]}}