{"id":310931,"date":"2025-12-28T04:12:30","date_gmt":"2025-12-28T04:12:30","guid":{"rendered":"https:\/\/www.europesays.com\/es\/310931\/"},"modified":"2025-12-28T04:12:30","modified_gmt":"2025-12-28T04:12:30","slug":"bromas-complicidad-y-momentos-unicos","status":"publish","type":"post","link":"https:\/\/www.europesays.com\/es\/310931\/","title":{"rendered":"bromas, complicidad y momentos \u00fanicos"},"content":{"rendered":"<p><b>Una nueva vida<\/b> se ha convertido en uno de los dramas m\u00e1s comentados de Antena 3. Con <b>giros inesperados<\/b>, emociones a flor de piel y personajes que enfrentan decisiones extremas, la serie mantiene a la audiencia pegada a la pantalla cap\u00edtulo tras cap\u00edtulo. Cada escena est\u00e1 cargada de <b>tensi\u00f3n<\/b>, y eso se refleja en la calidad interpretativa del elenco.<\/p>\n<p>Sin embargo, <b>detr\u00e1s de las c\u00e1maras todo cambia<\/b>. Las redes sociales de los actores muestran un universo completamente distinto:<b> risas, bromas y momentos de complicidad<\/b> en el set de rodaje que contrastan con la seriedad de la historia. Este contraste no solo <b>humaniza a los protagonistas<\/b>, sino que tambi\u00e9n<b> refuerza el v\u00ednculo<\/b> con los fans, que disfrutan viendo el lado m\u00e1s cercano y espont\u00e1neo del reparto.<\/p>\n<p>Entre tomas, los int\u00e9rpretes comparten <b>v\u00eddeos y fotos<\/b> que revelan un <b>ambiente relajado<\/b> y lleno de <b>buen humor<\/b>, demostrando que la qu\u00edmica no se limita a la ficci\u00f3n. Estas publicaciones se han convertido en contenido muy comentado, generando miles de interacciones y consolidando la serie como tendencia en redes.<\/p>\n<p>Este <b>buen rollo <\/b>no solo es divertido, tambi\u00e9n se nota en la calidad del producto final. La confianza y camarader\u00eda entre los actores se traduce en interpretaciones m\u00e1s naturales y escenas cargadas de emoci\u00f3n. <b>Una nueva vida<\/b> no solo es una historia intensa en televisi\u00f3n, tambi\u00e9n es un ejemplo de c\u00f3mo la complicidad fuera de c\u00e1mara puede potenciar el \u00e9xito de una producci\u00f3n.<\/p>\n<p>   <img decoding=\"async\" title=\"Seyran se despierta aterrada tras so\u00f1ar con Mezide y Ferit no sabe c\u00f3mo ayudarla\" alt=\"Seyran se despierta aterrada tras so\u00f1ar con Mezide y Ferit no sabe c\u00f3mo ayudarla\" width=\"480\" height=\"270\" src=\"https:\/\/www.europesays.com\/es\/wp-content\/uploads\/2025\/12\/seyran-despierta-aterrada-sonar-mezide-ferit-sabe-como-ayudarla_70.jpg\" loading=\"lazy\" class=\"lazy\"\/><\/p>\n","protected":false},"excerpt":{"rendered":"Una nueva vida se ha convertido en uno de los dramas m\u00e1s comentados de Antena 3. Con giros&hellip;\n","protected":false},"author":2,"featured_media":310932,"comment_status":"","ping_status":"","sticky":false,"template":"","format":"standard","meta":{"footnotes":""},"categories":[171],"tags":[146,147,25,24,23,214],"class_list":{"0":"post-310931","1":"post","2":"type-post","3":"status-publish","4":"format-standard","5":"has-post-thumbnail","7":"category-tv","8":"tag-entertainment","9":"tag-entretenimiento","10":"tag-es","11":"tag-espana","12":"tag-spain","13":"tag-tv"},"share_on_mastodon":{"url":"https:\/\/pubeurope.com\/@es\/115795247018238503","error":""},"_links":{"self":[{"href":"https:\/\/www.europesays.com\/es\/wp-json\/wp\/v2\/posts\/310931","targetHints":{"allow":["GET"]}}],"collection":[{"href":"https:\/\/www.europesays.com\/es\/wp-json\/wp\/v2\/posts"}],"about":[{"href":"https:\/\/www.europesays.com\/es\/wp-json\/wp\/v2\/types\/post"}],"author":[{"embeddable":true,"href":"https:\/\/www.europesays.com\/es\/wp-json\/wp\/v2\/users\/2"}],"replies":[{"embeddable":true,"href":"https:\/\/www.europesays.com\/es\/wp-json\/wp\/v2\/comments?post=310931"}],"version-history":[{"count":0,"href":"https:\/\/www.europesays.com\/es\/wp-json\/wp\/v2\/posts\/310931\/revisions"}],"wp:featuredmedia":[{"embeddable":true,"href":"https:\/\/www.europesays.com\/es\/wp-json\/wp\/v2\/media\/310932"}],"wp:attachment":[{"href":"https:\/\/www.europesays.com\/es\/wp-json\/wp\/v2\/media?parent=310931"}],"wp:term":[{"taxonomy":"category","embeddable":true,"href":"https:\/\/www.europesays.com\/es\/wp-json\/wp\/v2\/categories?post=310931"},{"taxonomy":"post_tag","embeddable":true,"href":"https:\/\/www.europesays.com\/es\/wp-json\/wp\/v2\/tags?post=310931"}],"curies":[{"name":"wp","href":"https:\/\/api.w.org\/{rel}","templated":true}]}}