{"id":310939,"date":"2025-12-28T04:17:09","date_gmt":"2025-12-28T04:17:09","guid":{"rendered":"https:\/\/www.europesays.com\/es\/310939\/"},"modified":"2025-12-28T04:17:09","modified_gmt":"2025-12-28T04:17:09","slug":"el-plan-cultural-de-los-reyes-y-sus-hijas-de-esta-navidad-un-premiado-musical-de-cuyo-estreno-se-cumplen-30-anos-en-un-mes","status":"publish","type":"post","link":"https:\/\/www.europesays.com\/es\/310939\/","title":{"rendered":"El plan cultural de los reyes y sus hijas de esta Navidad: un premiado musical de cuyo estreno se cumplen 30 a\u00f1os en un mes"},"content":{"rendered":"<p>La <a href=\"https:\/\/www.revistavanityfair.es\/articulos\/familia-real-espanola-integrantes-arbol-genealogico\" rel=\"nofollow noopener\" target=\"_blank\">familia real<\/a>, los reyes, <a href=\"https:\/\/www.revistavanityfair.es\/tags\/felipe-de-borbon\" rel=\"nofollow noopener\" target=\"_blank\">Felipe<\/a> y <a href=\"https:\/\/www.revistavanityfair.es\/realeza\/reina-letizia\" rel=\"nofollow noopener\" target=\"_blank\">Letizia<\/a>, y sus hijas, la <a href=\"https:\/\/www.revistavanityfair.es\/articulos\/princesa-leonor-biografia-edad-infancia-estudios-ejercito-aficiones\" rel=\"nofollow noopener\" target=\"_blank\">princesa Leono<\/a>r y la <a href=\"https:\/\/www.revistavanityfair.es\/tags\/infanta-sofia\" isautogenerated=\"true\" rel=\"nofollow noopener\" target=\"_blank\">infanta Sof\u00eda<\/a>, suelen hacer planes culturales ya sea solos \u2014hace un par de semanas <a href=\"https:\/\/www.revistavanityfair.es\/articulos\/reina-letizia-ateneo-madrid-pelicula-ciudad-sin-sueno-canada-real-guillermo-galoe\" rel=\"nofollow noopener\" target=\"_blank\">la reina estuvo<\/a> en el Ateneo de Madrid viendo la pel\u00edcula Ciudad sin sue\u00f1o sobre la vida en la Ca\u00f1ada Real contada por Guillermo Galoe\u2014 o juntos, como ha ocurrido este viernes. Una forma de celebrar la <a href=\"https:\/\/www.revistavanityfair.es\/tags\/navidad\" isautogenerated=\"true\" rel=\"nofollow noopener\" target=\"_blank\">navidad<\/a>, o volver a reunirse \u2014Leonor ha vuelto a casa <a href=\"https:\/\/www.revistavanityfair.es\/articulos\/la-princesa-leonor-completa-su-primer-vuelo-en-solitario\" rel=\"nofollow noopener\" target=\"_blank\">desde Murcia<\/a> y Sof\u00eda <a href=\"https:\/\/www.revistavanityfair.es\/articulos\/infanta-sofia-fotos-casa-real-lisboa-universidad\" rel=\"nofollow noopener\" target=\"_blank\">desde Lisboa<\/a>\u2014, acudiendo al <a href=\"https:\/\/www.revistavanityfair.es\/tags\/teatro\" isautogenerated=\"true\" rel=\"nofollow noopener\" target=\"_blank\">teatro<\/a> Fern\u00e1n G\u00f3mez de Madrid para ver el <a href=\"https:\/\/www.revistavanityfair.es\/tags\/musical\" isautogenerated=\"true\" rel=\"nofollow noopener\" target=\"_blank\">musical<\/a> Rent de cuyo estreno en <a href=\"https:\/\/www.revistavanityfair.es\/tags\/broadway\" isautogenerated=\"true\" rel=\"nofollow noopener\" target=\"_blank\">Broadway<\/a> se cumplen dentro de un mes, el 25 de enero de 2026, 30 a\u00f1os. La obra musical, ganadora del Premio Tony al Mejor Musical y del Premio Pulitzer, marc\u00f3 un antes y un despu\u00e9s en el teatro musical anglosaj\u00f3n tanto por el lenguaje como por el mensaje que comunicaba llevando a escena asuntos de la <a href=\"https:\/\/www.revistavanityfair.es\/tags\/actualidad\" isautogenerated=\"true\" rel=\"nofollow noopener\" target=\"_blank\">actualidad<\/a> social del momento como el VIH, las drogas, la homofobia o la <a href=\"https:\/\/www.revistavanityfair.es\/tags\/diversidad\" isautogenerated=\"true\" rel=\"nofollow noopener\" target=\"_blank\">diversidad<\/a> racial.<\/p>\n<p>Inspirado en La boh\u00e8me de Puccini, narra un a\u00f1o de vida de un grupo de j\u00f3venes artistas que luchan por sus sue\u00f1os en un mundo marcado por la precariedad. Buscan su identidad, tratan de encontrar un hogar, apuestan por la amistad, el amor y el rechazo al inconformismo; y los reyes con sus hijas han querido acercarse a la <a href=\"https:\/\/www.revistavanityfair.es\/tags\/historia\" isautogenerated=\"true\" rel=\"nofollow noopener\" target=\"_blank\">historia<\/a> y tambi\u00e9n a la de su autor, <strong>Jonathan Larson<\/strong>, fallecido la noche del estreno, aquel 23 de enero de 1996, a los 35 a\u00f1os.<\/p>\n<p>La productora Outcastproducciones y su directora ejecutiva, Rocio Bilbao, el musical, el director de escena, Jos\u00e9 Luis Sixto y el de producci\u00f3n, Fernando Daubler, han compartido en <a href=\"https:\/\/www.revistavanityfair.es\/tags\/instagram\" isautogenerated=\"true\" rel=\"nofollow noopener\" target=\"_blank\">Instagram<\/a> un peque\u00f1o v\u00eddeo en el que muestra el encuentro que mantuvieron con los reyes y sus hijas tras el espect\u00e1culo. En \u00e9l se ve a Letizia charlar animadamente, al rey asentir apoyando sus palabras y a sus hijas visiblemente contentas de poder disfrutar juntas de este momento. Una peque\u00f1a charla como previa a una foto de familia, un posado de los reyes con Leonor y Letizia y el elenco al completo de Rent. \u201cAyer vivimos una visita totalmente inesperada \u2728 La Familia Real vino por sorpresa a ver RENT en el Teatro Fern\u00e1n G\u00f3mez, y fue un momento muy especial para todo el equipo. Gracias por todas vuestras enhorabuenas y mensajes de cari\u00f1o. Este tipo de gestos son un impulso enorme para quienes trabajamos cada d\u00eda para que el teatro musical llegue a m\u00e1s gente, desde un espacio p\u00fablico y con un mensaje que sigue siendo necesario\u201d, han escrito agradeciendo el gesto.<\/p>\n<p>En cuanto al estilismo, han optado por <strong>looks c\u00f3modos<\/strong> y apropiados para un plan cultural como este. Letizia ha sido la m\u00e1s colorida con un jersey de punto rosa con cuello redondo combinado con pantalones oscuros. La princesa Leonor y Sof\u00eda han vestido pantalones oscuros: Leonor los ha llevado con jersey negro y Sof\u00eda con un top blanco acompa\u00f1ado por una bufanda a tono y una chaqueta, necesaria en estos d\u00edas de bajas temperaturas. El rey, por su parte, ha llevado americana gris con camisa clara y sin corbata.<\/p>\n","protected":false},"excerpt":{"rendered":"La familia real, los reyes, Felipe y Letizia, y sus hijas, la princesa Leonor y la infanta Sof\u00eda,&hellip;\n","protected":false},"author":2,"featured_media":310940,"comment_status":"","ping_status":"","sticky":false,"template":"","format":"standard","meta":{"footnotes":""},"categories":[91],"tags":[146,147,25,24,1887,14587,1026,11440,811,1027,23],"class_list":{"0":"post-310939","1":"post","2":"type-post","3":"status-publish","4":"format-standard","5":"has-post-thumbnail","7":"category-entretenimiento","8":"tag-entertainment","9":"tag-entretenimiento","10":"tag-es","11":"tag-espana","12":"tag-familia-real-espanola","13":"tag-felipe-de-borbon","14":"tag-infanta-sofia","15":"tag-letizia-ortiz","16":"tag-princesa-leonor","17":"tag-realeza","18":"tag-spain"},"share_on_mastodon":{"url":"https:\/\/pubeurope.com\/@es\/115795266341556828","error":""},"_links":{"self":[{"href":"https:\/\/www.europesays.com\/es\/wp-json\/wp\/v2\/posts\/310939","targetHints":{"allow":["GET"]}}],"collection":[{"href":"https:\/\/www.europesays.com\/es\/wp-json\/wp\/v2\/posts"}],"about":[{"href":"https:\/\/www.europesays.com\/es\/wp-json\/wp\/v2\/types\/post"}],"author":[{"embeddable":true,"href":"https:\/\/www.europesays.com\/es\/wp-json\/wp\/v2\/users\/2"}],"replies":[{"embeddable":true,"href":"https:\/\/www.europesays.com\/es\/wp-json\/wp\/v2\/comments?post=310939"}],"version-history":[{"count":0,"href":"https:\/\/www.europesays.com\/es\/wp-json\/wp\/v2\/posts\/310939\/revisions"}],"wp:featuredmedia":[{"embeddable":true,"href":"https:\/\/www.europesays.com\/es\/wp-json\/wp\/v2\/media\/310940"}],"wp:attachment":[{"href":"https:\/\/www.europesays.com\/es\/wp-json\/wp\/v2\/media?parent=310939"}],"wp:term":[{"taxonomy":"category","embeddable":true,"href":"https:\/\/www.europesays.com\/es\/wp-json\/wp\/v2\/categories?post=310939"},{"taxonomy":"post_tag","embeddable":true,"href":"https:\/\/www.europesays.com\/es\/wp-json\/wp\/v2\/tags?post=310939"}],"curies":[{"name":"wp","href":"https:\/\/api.w.org\/{rel}","templated":true}]}}