{"id":310953,"date":"2025-12-28T04:35:21","date_gmt":"2025-12-28T04:35:21","guid":{"rendered":"https:\/\/www.europesays.com\/es\/310953\/"},"modified":"2025-12-28T04:35:21","modified_gmt":"2025-12-28T04:35:21","slug":"mi-verdad-oculta-capitulo-completo-35-no-murio-novelas-mi-verdad-oculta","status":"publish","type":"post","link":"https:\/\/www.europesays.com\/es\/310953\/","title":{"rendered":"Mi verdad Oculta: Cap\u00edtulo Completo 35 &#8211; \u00bfNo muri\u00f3? | Novelas Mi Verdad Oculta"},"content":{"rendered":"<p class=\"evo-poppins-s md:evo-poppins-base mb-6 flex min-h-6 w-full items-center justify-end gap-2 bg-white pr-2 font-medium text-mine-shaft-light leading-[130%] md:min-h-8 dark:bg-cod-gray-light dark:text-light-grey bg-wild-sand\">Te quedan: 9 d\u00edas para ver este cap\u00edtulo.<\/p>\n<p>Zacar\u00edas le informa a Aitana que no hay ning\u00fan cuerpo en el lugar de los hechos, lo que hace pensar que Lomel\u00ed pudo haber sobrevivido. La noticia desata el miedo de Aitana, quien teme ir a la c\u00e1rcel si el hombre que le destroz\u00f3 la vida decide denunciarla. Mi verdad Oculta de lunes a viernes 6:30 p.m. MEX, por Las Estrellas. Disfruta m\u00e1s cap\u00edtulos completos de tus telenovelas y series favoritas.<\/p>\n<p><img alt=\"Las Estrellas picture\" loading=\"lazy\" decoding=\"async\" data-nimg=\"fill\" class=\"object-cover\" style=\"position:absolute;height:100%;width:100%;left:0;top:0;right:0;bottom:0;color:transparent\"   src=\"https:\/\/www.europesays.com\/es\/wp-content\/uploads\/2025\/12\/1766896521_201_image\"\/><\/p>\n<p>Publicado el 27 dic 25 &#8211; 12:03 AM CST. Actualizado el 27 dic 25 &#8211; 12:03 AM CST.<\/p>\n","protected":false},"excerpt":{"rendered":"Te quedan: 9 d\u00edas para ver este cap\u00edtulo. Zacar\u00edas le informa a Aitana que no hay ning\u00fan cuerpo&hellip;\n","protected":false},"author":2,"featured_media":310954,"comment_status":"","ping_status":"","sticky":false,"template":"","format":"standard","meta":{"footnotes":""},"categories":[171],"tags":[38102,146,147,25,24,38101,72447,23,214],"class_list":{"0":"post-310953","1":"post","2":"type-post","3":"status-publish","4":"format-standard","5":"has-post-thumbnail","7":"category-tv","8":"tag-capitulos-completos","9":"tag-entertainment","10":"tag-entretenimiento","11":"tag-es","12":"tag-espana","13":"tag-las-estrellas","14":"tag-mi-verdad-oculta","15":"tag-spain","16":"tag-tv"},"share_on_mastodon":{"url":"https:\/\/pubeurope.com\/@es\/115795337469414180","error":""},"_links":{"self":[{"href":"https:\/\/www.europesays.com\/es\/wp-json\/wp\/v2\/posts\/310953","targetHints":{"allow":["GET"]}}],"collection":[{"href":"https:\/\/www.europesays.com\/es\/wp-json\/wp\/v2\/posts"}],"about":[{"href":"https:\/\/www.europesays.com\/es\/wp-json\/wp\/v2\/types\/post"}],"author":[{"embeddable":true,"href":"https:\/\/www.europesays.com\/es\/wp-json\/wp\/v2\/users\/2"}],"replies":[{"embeddable":true,"href":"https:\/\/www.europesays.com\/es\/wp-json\/wp\/v2\/comments?post=310953"}],"version-history":[{"count":0,"href":"https:\/\/www.europesays.com\/es\/wp-json\/wp\/v2\/posts\/310953\/revisions"}],"wp:featuredmedia":[{"embeddable":true,"href":"https:\/\/www.europesays.com\/es\/wp-json\/wp\/v2\/media\/310954"}],"wp:attachment":[{"href":"https:\/\/www.europesays.com\/es\/wp-json\/wp\/v2\/media?parent=310953"}],"wp:term":[{"taxonomy":"category","embeddable":true,"href":"https:\/\/www.europesays.com\/es\/wp-json\/wp\/v2\/categories?post=310953"},{"taxonomy":"post_tag","embeddable":true,"href":"https:\/\/www.europesays.com\/es\/wp-json\/wp\/v2\/tags?post=310953"}],"curies":[{"name":"wp","href":"https:\/\/api.w.org\/{rel}","templated":true}]}}