{"id":310961,"date":"2025-12-28T04:40:09","date_gmt":"2025-12-28T04:40:09","guid":{"rendered":"https:\/\/www.europesays.com\/es\/310961\/"},"modified":"2025-12-28T04:40:09","modified_gmt":"2025-12-28T04:40:09","slug":"ojo-al-nombre-que-le-ha-puesto","status":"publish","type":"post","link":"https:\/\/www.europesays.com\/es\/310961\/","title":{"rendered":"ojo al nombre que le ha puesto"},"content":{"rendered":"<p>Pedro S\u00e1nchez muestra <b>sus m\u00e1s \u00edntimos gustos musicales. <\/b>El presidente del Gobierno tiene un gusto bien juvenil y ha querido compartir con sus seguidores una lista de 18 de sus canciones favoritas de este 2025. Ya de por s\u00ed, el nombre que ha escogido para la playlist llama la atenci\u00f3n: Monstruo 2025. Entre los temas que aparecen <a href=\"https:\/\/www.huffingtonpost.es\/life\/influencers-celebrities\/the-guardian-coloca-disco-rosalia-top-50-mejores-albumes-2025-define-dos-palabras-f202512.html\" title=\"&#039;The Guardian&#039; coloca el disco de Rosal\u00eda en el top de los 50 mejores \u00e1lbumes de 2025 y lo define con estas dos palabras\" rel=\"nofollow noopener\" target=\"_blank\">est\u00e1\u00a0Berghain de Rosal\u00eda,<\/a> Altagama de Rusowsky, o Stand by de Extremoduro.<\/p>\n<p>En un mensaje en sus redes sociales, el jefe del Ejecutivo ha afirmado que \u00ab2025 ha sido un gran a\u00f1o, tambi\u00e9n en la m\u00fasica\u00bb, por lo que ha decidido compartir una lista de m\u00fasica de Spotify con canciones que, como ha asegurado, <b>siempre le han acompa\u00f1ado en estos \u00faltimos doce meses.\u00a0<\/b>Asimismo,<a href=\"https:\/\/open.spotify.com\/playlist\/4ELglhmPCPzE4qmwIFvj0j?si=bq6935VKSYqgvS0ZsialeA&amp;pi=xUbraM8ASiayr&amp;nd=1&amp;dlsi=d49d2f47bd6744c3\" target=\"_blank\" rel=\"nofollow noopener\"> la lista creada por un perfil de la plataforma de streaming<\/a> en el que aparece S\u00e1nchez con una camiseta roja de Radio 3, est\u00e1 compuesta por temas publicados en su mayor\u00eda en 2025, aunque hay algunos anteriores.<\/p>\n<p>De Rosal\u00eda a Extremoduro<\/p>\n<p>De este modo, la playlist est\u00e1 encabezada por la canci\u00f3n One of the Greats de la banda <a href=\"https:\/\/www.huffingtonpost.es\/life\/cultura\/foo-fighters-florence-the-machine-lorde-nick-cave-cartel-mad-cool-celebrar-10nos.html\" title=\"Foo Fighters, Florence + The Machine, Lorde o Nick Cave: el cartel de Mad Cool para celebrar sus 10 a\u00f1os\" rel=\"nofollow noopener\" target=\"_blank\">brit\u00e1nica indie Florence and The Machine,<\/a> y cierra con Stand By de la banda de rock Extremoduro, cuyo fundador y cantante, <a href=\"https:\/\/www.huffingtonpost.es\/life\/cultura\/muere-robe-iniesta-lider-cantante-extremoduro-63nos.html\" title=\"Muere Robe Iniesta, l\u00edder y cantante de Extremoduro, a los 63 a\u00f1os\" rel=\"nofollow noopener\" target=\"_blank\">Robe Iniesta, falleci\u00f3 este mes de diciembre.<\/a><\/p>\n<p>En \u00abMonstruo 2025\u00bb tambi\u00e9n destacan otros temas como el popular Berghain de Rosal\u00eda, que <b>ha visto la luz hace unas semanas dentro de su disco Lux;<\/b>\u00a0Altagama de Rusowsky, que ha consolidado su carrera este a\u00f1o tras lanzar su \u00e1lbum Daisy; o Seein Stars de la banda estadounidense Turnstile.<\/p>\n<p>El presidente tambi\u00e9n ha incluido en su lista<a href=\"https:\/\/www.huffingtonpost.es\/virales\/guitarricadelafuente-describe-asi-rosalia-vaticina-conseguir-nuevo-disco.html\" title=\"Guitarricadelafuente describe as\u00ed a Rosal\u00eda y vaticina lo que va a conseguir con su nuevo disco \" rel=\"nofollow noopener\" target=\"_blank\"> el tema Babieca! de Guitarricadelafuente;<\/a> la reedici\u00f3n en 2025 de Iv\u00e1n Ferreiro de su canci\u00f3n Turnedo; dos canciones de la banda gallega Tri\u00e1ngulo de Amor Bizarro, Fukushima y Seguidores; o Todas las cosas buenas de los madrile\u00f1os Rufus T. Firefly.<\/p>\n<p>Crispy skin, de Squid; Trouble, de Sharon Van Etten; The dream, de Joan As Police Woman; Bonnet of pins, de Matt Berninger; Dan&#8217;s boogie, de Destroyer; Strange overtones de David Byrne; Columnas, de Repion y Hunch of the century, de Maika Makovski, son el resto de canciones a\u00f1adidas en la playlist.<\/p>\n<p>El presidente del Gobierno ya ha confesado anteriormente su pasi\u00f3n por la m\u00fasica, especialmente por el g\u00e9nero Indie. En una entrevista en <a href=\"https:\/\/www.rtve.es\/play\/videos\/modo-digital\/sanchez-radio3-cuando-deje-responsabilidad-podre-retomar-festivales\/16814507\/\" target=\"_blank\" rel=\"nofollow noopener\">Radio 3<\/a>, el pasado mes de noviembre, detall\u00f3 que escucha la emisora para conocer nuevos artistas y que se reserv\u00f3 una hora en su agenda para escuchar &#8216;Lux&#8217; de la artista catalana Rosal\u00eda.<\/p>\n","protected":false},"excerpt":{"rendered":"Pedro S\u00e1nchez muestra sus m\u00e1s \u00edntimos gustos musicales. El presidente del Gobierno tiene un gusto bien juvenil y&hellip;\n","protected":false},"author":2,"featured_media":310962,"comment_status":"","ping_status":"","sticky":false,"template":"","format":"standard","meta":{"footnotes":""},"categories":[91],"tags":[146,147,25,24,185,2959,44417,4147,23],"class_list":{"0":"post-310961","1":"post","2":"type-post","3":"status-publish","4":"format-standard","5":"has-post-thumbnail","7":"category-entretenimiento","8":"tag-entertainment","9":"tag-entretenimiento","10":"tag-es","11":"tag-espana","12":"tag-musica","13":"tag-pedro-sanchez","14":"tag-robe-iniesta","15":"tag-rosalia","16":"tag-spain"},"share_on_mastodon":{"url":"https:\/\/pubeurope.com\/@es\/115795356878880231","error":""},"_links":{"self":[{"href":"https:\/\/www.europesays.com\/es\/wp-json\/wp\/v2\/posts\/310961","targetHints":{"allow":["GET"]}}],"collection":[{"href":"https:\/\/www.europesays.com\/es\/wp-json\/wp\/v2\/posts"}],"about":[{"href":"https:\/\/www.europesays.com\/es\/wp-json\/wp\/v2\/types\/post"}],"author":[{"embeddable":true,"href":"https:\/\/www.europesays.com\/es\/wp-json\/wp\/v2\/users\/2"}],"replies":[{"embeddable":true,"href":"https:\/\/www.europesays.com\/es\/wp-json\/wp\/v2\/comments?post=310961"}],"version-history":[{"count":0,"href":"https:\/\/www.europesays.com\/es\/wp-json\/wp\/v2\/posts\/310961\/revisions"}],"wp:featuredmedia":[{"embeddable":true,"href":"https:\/\/www.europesays.com\/es\/wp-json\/wp\/v2\/media\/310962"}],"wp:attachment":[{"href":"https:\/\/www.europesays.com\/es\/wp-json\/wp\/v2\/media?parent=310961"}],"wp:term":[{"taxonomy":"category","embeddable":true,"href":"https:\/\/www.europesays.com\/es\/wp-json\/wp\/v2\/categories?post=310961"},{"taxonomy":"post_tag","embeddable":true,"href":"https:\/\/www.europesays.com\/es\/wp-json\/wp\/v2\/tags?post=310961"}],"curies":[{"name":"wp","href":"https:\/\/api.w.org\/{rel}","templated":true}]}}